{"id":67033,"date":"2024-01-24T08:21:36","date_gmt":"2024-01-24T14:21:36","guid":{"rendered":"http:\/\/losperiodistas.com.mx\/portal\/?p=67033"},"modified":"2024-01-24T08:21:38","modified_gmt":"2024-01-24T14:21:38","slug":"el-adios-de-una-leyenda-vampiro-canadiense-anuncia-su-retiro-de-la-lucha-libre-infobae","status":"publish","type":"post","link":"https:\/\/losperiodistas.com.mx\/portal\/el-adios-de-una-leyenda-vampiro-canadiense-anuncia-su-retiro-de-la-lucha-libre-infobae\/","title":{"rendered":"\u00a1El adi\u00f3s de una leyenda! Vampiro Canadiense anuncia su retiro de la Lucha Libre | Infobae"},"content":{"rendered":"\n<h2 class=\"has-pale-cyan-blue-background-color has-background has-medium-font-size wp-block-heading\">El ic\u00f3nico gladiador del cuadril\u00e1tero escogi\u00f3 este 2024 para darle fin a uno de los personajes m\u00e1s queridos del pancracio mexicano<\/h2>\n\n\n\n<figure class=\"wp-block-image size-large\"><img fetchpriority=\"high\" decoding=\"async\" width=\"1024\" height=\"572\" src=\"https:\/\/losperiodistas.com.mx\/portal\/wp-content\/uploads\/2024\/01\/Captura-de-Pantalla-2024-01-24-a-las-8.16.03-1024x572.jpg\" alt=\"\" class=\"wp-image-67034\" srcset=\"https:\/\/losperiodistas.com.mx\/portal\/wp-content\/uploads\/2024\/01\/Captura-de-Pantalla-2024-01-24-a-las-8.16.03-1024x572.jpg 1024w, https:\/\/losperiodistas.com.mx\/portal\/wp-content\/uploads\/2024\/01\/Captura-de-Pantalla-2024-01-24-a-las-8.16.03-300x167.jpg 300w, https:\/\/losperiodistas.com.mx\/portal\/wp-content\/uploads\/2024\/01\/Captura-de-Pantalla-2024-01-24-a-las-8.16.03-768x429.jpg 768w, https:\/\/losperiodistas.com.mx\/portal\/wp-content\/uploads\/2024\/01\/Captura-de-Pantalla-2024-01-24-a-las-8.16.03-1536x858.jpg 1536w, https:\/\/losperiodistas.com.mx\/portal\/wp-content\/uploads\/2024\/01\/Captura-de-Pantalla-2024-01-24-a-las-8.16.03.jpg 1716w\" sizes=\"(max-width: 1024px) 100vw, 1024px\" \/><figcaption>Ian Richard Hodgkinson, mejor conocido como Vampiro Canadiense le dice adi\u00f3s al cuadril\u00e1tero. (Foto: Krav Maga Alliance \/Guardian Angels Canada)<\/figcaption><\/figure>\n\n\n\n<p class=\"has-vivid-red-color has-text-color has-medium-font-size\"><strong>MARIANA CAMPOS \/ INFOBAE<\/strong><\/p>\n\n\n\n<p>Si hablamos de un referente de la lucha libre en nuestro pa\u00eds no nacido en&nbsp;<strong>M\u00e9xico&nbsp;<\/strong>el m\u00e1s ic\u00f3nico es, sin duda, el&nbsp;<strong>Vampiro Canadiense<\/strong>. Uno de los personajes que el p\u00fablico azteca contin\u00faa admirando y que, luego de m\u00e1s de 30 a\u00f1os de carrera, anunci\u00f3 su retiro definitivo de este deporte.<\/p>\n\n\n\n<p>Durante los a\u00f1os 90, la&nbsp;<strong>lucha libre&nbsp;<\/strong>a nivel mundial tuvo un despegue importante y la diversificaci\u00f3n de t\u00e9cnicas y estilos enriqueci\u00f3 los campeonatos disputados en varias partes del planeta.<\/p>\n\n\n\n<p>\u00c9sa fue la labor del oriundo de&nbsp;<strong>Canad\u00e1&nbsp;<\/strong>quien lleg\u00f3 a&nbsp;<strong>M\u00e9xico&nbsp;<\/strong>con el nombre de&nbsp;<strong>Vampiro Casanova<\/strong>, pero r\u00e1pidamente adopt\u00f3 su lugar de origen como un distintivo y la gente lo recibi\u00f3 de la mejor forma.<img decoding=\"async\" alt=\"Su personaje se convirti\u00f3 en uno de los favoritos de la afici\u00f3n mexicana. (Foto: Facebook- @vampiro)\" height=\"1928\" width=\"1920\" src=\"https:\/\/www.infobae.com\/new-resizer\/GSYp-jQT9SXuYpOM4YWcUiqjWPY=\/420x420\/filters:format(webp):quality(85)\/cloudfront-us-east-1.images.arcpublishing.com\/infobae\/6QVIEDYCKVAFHANFLENDKIXRIM.jpg%20420w\" srcset=\"https:\/\/www.infobae.com\/new-resizer\/GSYp-jQT9SXuYpOM4YWcUiqjWPY=\/420x420\/filters:format(webp):quality(85)\/cloudfront-us-east-1.images.arcpublishing.com\/infobae\/6QVIEDYCKVAFHANFLENDKIXRIM.jpg 420w,https:\/\/www.infobae.com\/new-resizer\/4NkOvlNs86pEgVlpTRoZD9CzWHg=\/768x768\/filters:format(webp):quality(85)\/cloudfront-us-east-1.images.arcpublishing.com\/infobae\/6QVIEDYCKVAFHANFLENDKIXRIM.jpg 768w,https:\/\/www.infobae.com\/new-resizer\/cYP74F_wXPi2rGGcnqb6L8ZgYU0=\/992x992\/filters:format(webp):quality(85)\/cloudfront-us-east-1.images.arcpublishing.com\/infobae\/6QVIEDYCKVAFHANFLENDKIXRIM.jpg 992w,https:\/\/www.infobae.com\/new-resizer\/kb44-SjOFXFS4B4AXKP95PgGEgg=\/1200x1200\/filters:format(webp):quality(85)\/cloudfront-us-east-1.images.arcpublishing.com\/infobae\/6QVIEDYCKVAFHANFLENDKIXRIM.jpg 1200w,https:\/\/www.infobae.com\/new-resizer\/63YjRXKBt8uWGziVfxdLvKcadIc=\/1440x1440\/filters:format(webp):quality(85)\/cloudfront-us-east-1.images.arcpublishing.com\/infobae\/6QVIEDYCKVAFHANFLENDKIXRIM.jpg 1440w\">Su personaje se convirti\u00f3 en uno de los favoritos de la afici\u00f3n mexicana. (Foto: Facebook- @vampiro)<\/p>\n\n\n\n<h2 class=\"wp-block-heading\">Adi\u00f3s a la Lucha Libre profesional<\/h2>\n\n\n\n<p>Ian Hodgkinson arrib\u00f3 a M\u00e9xico en la d\u00e9cada de 1990 y aunque para muchos de sus fan\u00e1ticos es una triste noticia, el atleta norteamericano decidi\u00f3 ponerle fin a su historia como miembro de la Lucha Libre profesional.<\/p>\n\n\n\n<p><a href=\"https:\/\/www.infobae.com\/mexico\/2024\/01\/18\/policia-actor-de-toluca-le-da-la-bienvenida-a-alexis-vega-este-club-siempre-ha-sido-tu-casa\/\" target=\"_blank\" rel=\"noreferrer noopener\">Te puede interesar:<strong>Polic\u00eda-actor de Toluca le da la bienvenida a Alexis Vega: \u201cEste club siempre ha sido tu casa\u201d<\/strong><\/a><\/p>\n\n\n\n<p>Sin embargo, a\u00fan podremos disfrutar de su talento arriba del ring a lo largo de este 2024 pues anunci\u00f3 que tendr\u00e1 una gira de despedida siendo parte del elenco de la&nbsp;<strong>Lucha Libre AAA WorldWide<\/strong>.<\/p>\n\n\n\n<p>\u201cLlevo m\u00e1s de 40 a\u00f1os de mi vida en esta industria y a estas alturas del partido, saliendo del ring todav\u00eda escuch\u00f3 a la gente gritar \u2018Vampiro, Vampiro\u2019&#8230;&nbsp;<strong>Al \u00fanico lugar al que le puedo llamar hogar es M\u00e9xico<\/strong>\u201d, declar\u00f3 durante su participaci\u00f3n en la conferencia de prensa de la Triple A previo al evento de Rey de Reyes Or\u00edgenes en donde tambi\u00e9n anunci\u00f3 su participaci\u00f3n en Tripleman\u00eda XXXII.<img decoding=\"async\" alt=\"Sus seguidores tendr\u00e1n la oportunidad de verlo por \u00faltima vez arriba del ring a lo largo del 2024. \nFoto: IG Vampiro Canadiense\" height=\"833\" width=\"833\" src=\"https:\/\/www.infobae.com\/new-resizer\/DwEODmCfKjXvlqC3UlmPFYMNqec=\/420x420\/filters:format(webp):quality(85)\/cloudfront-us-east-1.images.arcpublishing.com\/infobae\/T2KSEALIC5AZRHRNEODDTT32DY.heic%20420w\" srcset=\"https:\/\/www.infobae.com\/new-resizer\/DwEODmCfKjXvlqC3UlmPFYMNqec=\/420x420\/filters:format(webp):quality(85)\/cloudfront-us-east-1.images.arcpublishing.com\/infobae\/T2KSEALIC5AZRHRNEODDTT32DY.heic 420w,https:\/\/www.infobae.com\/new-resizer\/oPNu4aGTn8BjDQ8lTpRHlBdal-I=\/768x768\/filters:format(webp):quality(85)\/cloudfront-us-east-1.images.arcpublishing.com\/infobae\/T2KSEALIC5AZRHRNEODDTT32DY.heic 768w,https:\/\/www.infobae.com\/new-resizer\/MU9fMo6L7VI-h775r-vq1N6C9a4=\/992x992\/filters:format(webp):quality(85)\/cloudfront-us-east-1.images.arcpublishing.com\/infobae\/T2KSEALIC5AZRHRNEODDTT32DY.heic 992w,https:\/\/www.infobae.com\/new-resizer\/HS3fzBE_9-G3nz6SRlop50tD5E4=\/1200x1200\/filters:format(webp):quality(85)\/cloudfront-us-east-1.images.arcpublishing.com\/infobae\/T2KSEALIC5AZRHRNEODDTT32DY.heic 1200w,https:\/\/www.infobae.com\/new-resizer\/VU7S0ouGrXTgOGFbkqeceynbTmk=\/1440x1440\/filters:format(webp):quality(85)\/cloudfront-us-east-1.images.arcpublishing.com\/infobae\/T2KSEALIC5AZRHRNEODDTT32DY.heic 1440w\">Sus seguidores tendr\u00e1n la oportunidad de verlo por \u00faltima vez arriba del ring a lo largo del 2024. Foto: IG Vampiro Canadiense<\/p>\n\n\n\n<p>Si bien ha atravesado por momentos complicados tanto de salud como personales a lo largo de su vida,\u00a0<strong>Vampiro Canadiense asegur\u00f3 que se encuentra muy contento con el amor que diario recibe por parte de la afici\u00f3n mexicana<\/strong>\u00a0y agradeci\u00f3 las muestras de cari\u00f1o de todo el p\u00fablico azteca.<\/p>\n\n\n\n<p><a href=\"https:\/\/www.infobae.com\/mexico\/2024\/01\/18\/tigres-presenta-su-tercer-uniforme-inspirado-en-los-colores-del-volcan\/\" target=\"_blank\" rel=\"noreferrer noopener\">Te puede interesar:<strong>Tigres presenta su tercer uniforme inspirado en los colores del \u2018Volc\u00e1n\u2019<\/strong><\/a><\/p>\n\n\n\n<p>\u201cEstoy tan agradecido porque nunca hab\u00eda disfrutado a Vampiro como hasta ahora, ya que puedo convivir con mis amigos, puedo ir a cada lugar a decir \u2018gracias\u2019. Este va a ser el mejor a\u00f1o de mi vida. Estoy en casa con mi gente\u201d, agreg\u00f3.<\/p>\n\n\n\n<h2 class=\"wp-block-heading\">\u00bfQu\u00e9 eventos protagonizar\u00e1 este 2024?<\/h2>\n\n\n\n<p>El luchador aprovechar\u00e1 para acercarse a todo su p\u00fablico en cuatro de los eventos m\u00e1s importantes de la AAA. Su gira de despedida iniciar\u00e1 con el ya mencionado Rey de Reyes Or\u00edgenes, seguir\u00e1 en marzo con la<strong>&nbsp;Caravana Tres Veces Estelar&nbsp;<\/strong>en Saltillo, Coahuila; para abril tendr\u00e1 una lucha en el primer cap\u00edtulo de Tripleman\u00eda XXXII a disputarse en Tijuana.<\/p>\n\n\n\n<p>Posteriormente, en junio,\u00a0<strong>Tripleman\u00eda XXXII Cap\u00edtulo 2<\/strong>\u00a0se llevar\u00e1 a cabo en Monterrey; mientras que parar el mes de agosto se presentar\u00e1 en lo que se presume sea su \u00faltima lucha estelar en\u00a0<strong>Tripleman\u00eda XXXII Cap\u00edtulo Final<\/strong>\u00a0en la Arena Ciudad de M\u00e9xico.<\/p>\n\n\n\n<p>Fuente: <a href=\"https:\/\/www.infobae.com\/mexico\/2024\/01\/24\/el-adios-de-una-leyenda-vampiro-canadiense-anuncia-su-retiro-de-la-lucha-libre\/\">https:\/\/www.infobae.com\/mexico\/2024\/01\/24\/el-adios-de-una-leyenda-vampiro-canadiense-anuncia-su-retiro-de-la-lucha-libre\/<\/a><\/p>\n","protected":false},"excerpt":{"rendered":"<p>El ic\u00f3nico gladiador del cuadril\u00e1tero escogi\u00f3 este 2024 para darle fin a uno de los personajes m\u00e1s queridos del pancracio [&hellip;]<\/p>\n","protected":false},"author":1,"featured_media":67034,"comment_status":"open","ping_status":"open","sticky":false,"template":"","format":"standard","meta":{"site-sidebar-layout":"default","site-content-layout":"","ast-site-content-layout":"default","site-content-style":"default","site-sidebar-style":"default","ast-global-header-display":"","ast-banner-title-visibility":"","ast-main-header-display":"","ast-hfb-above-header-display":"","ast-hfb-below-header-display":"","ast-hfb-mobile-header-display":"","site-post-title":"","ast-breadcrumbs-content":"","ast-featured-img":"","footer-sml-layout":"","theme-transparent-header-meta":"","adv-header-id-meta":"","stick-header-meta":"","header-above-stick-meta":"","header-main-stick-meta":"","header-below-stick-meta":"","astra-migrate-meta-layouts":"default","ast-page-background-enabled":"default","ast-page-background-meta":{"desktop":{"background-color":"var(--ast-global-color-4)","background-image":"","background-repeat":"repeat","background-position":"center center","background-size":"auto","background-attachment":"scroll","background-type":"","background-media":"","overlay-type":"","overlay-color":"","overlay-opacity":"","overlay-gradient":""},"tablet":{"background-color":"","background-image":"","background-repeat":"repeat","background-position":"center center","background-size":"auto","background-attachment":"scroll","background-type":"","background-media":"","overlay-type":"","overlay-color":"","overlay-opacity":"","overlay-gradient":""},"mobile":{"background-color":"","background-image":"","background-repeat":"repeat","background-position":"center center","background-size":"auto","background-attachment":"scroll","background-type":"","background-media":"","overlay-type":"","overlay-color":"","overlay-opacity":"","overlay-gradient":""}},"ast-content-background-meta":{"desktop":{"background-color":"var(--ast-global-color-5)","background-image":"","background-repeat":"repeat","background-position":"center center","background-size":"auto","background-attachment":"scroll","background-type":"","background-media":"","overlay-type":"","overlay-color":"","overlay-opacity":"","overlay-gradient":""},"tablet":{"background-color":"var(--ast-global-color-5)","background-image":"","background-repeat":"repeat","background-position":"center center","background-size":"auto","background-attachment":"scroll","background-type":"","background-media":"","overlay-type":"","overlay-color":"","overlay-opacity":"","overlay-gradient":""},"mobile":{"background-color":"var(--ast-global-color-5)","background-image":"","background-repeat":"repeat","background-position":"center center","background-size":"auto","background-attachment":"scroll","background-type":"","background-media":"","overlay-type":"","overlay-color":"","overlay-opacity":"","overlay-gradient":""}},"footnotes":""},"categories":[8],"tags":[9739,21786,21785],"class_list":["post-67033","post","type-post","status-publish","format-standard","has-post-thumbnail","hentry","category-noticias","tag-lucha-libre","tag-pancracio-mexicano","tag-vampiro-canadiense"],"_links":{"self":[{"href":"https:\/\/losperiodistas.com.mx\/portal\/wp-json\/wp\/v2\/posts\/67033","targetHints":{"allow":["GET"]}}],"collection":[{"href":"https:\/\/losperiodistas.com.mx\/portal\/wp-json\/wp\/v2\/posts"}],"about":[{"href":"https:\/\/losperiodistas.com.mx\/portal\/wp-json\/wp\/v2\/types\/post"}],"author":[{"embeddable":true,"href":"https:\/\/losperiodistas.com.mx\/portal\/wp-json\/wp\/v2\/users\/1"}],"replies":[{"embeddable":true,"href":"https:\/\/losperiodistas.com.mx\/portal\/wp-json\/wp\/v2\/comments?post=67033"}],"version-history":[{"count":1,"href":"https:\/\/losperiodistas.com.mx\/portal\/wp-json\/wp\/v2\/posts\/67033\/revisions"}],"predecessor-version":[{"id":67035,"href":"https:\/\/losperiodistas.com.mx\/portal\/wp-json\/wp\/v2\/posts\/67033\/revisions\/67035"}],"wp:featuredmedia":[{"embeddable":true,"href":"https:\/\/losperiodistas.com.mx\/portal\/wp-json\/wp\/v2\/media\/67034"}],"wp:attachment":[{"href":"https:\/\/losperiodistas.com.mx\/portal\/wp-json\/wp\/v2\/media?parent=67033"}],"wp:term":[{"taxonomy":"category","embeddable":true,"href":"https:\/\/losperiodistas.com.mx\/portal\/wp-json\/wp\/v2\/categories?post=67033"},{"taxonomy":"post_tag","embeddable":true,"href":"https:\/\/losperiodistas.com.mx\/portal\/wp-json\/wp\/v2\/tags?post=67033"}],"curies":[{"name":"wp","href":"https:\/\/api.w.org\/{rel}","templated":true}]}}