{"id":67030,"date":"2024-01-24T08:10:12","date_gmt":"2024-01-24T14:10:12","guid":{"rendered":"http:\/\/losperiodistas.com.mx\/portal\/?p=67030"},"modified":"2024-01-24T08:10:14","modified_gmt":"2024-01-24T14:10:14","slug":"se-formaliza-huelga-en-audi-iniciara-a-las-11-am-se-preve-duracion-de-26-dias-angulo7","status":"publish","type":"post","link":"https:\/\/losperiodistas.com.mx\/portal\/se-formaliza-huelga-en-audi-iniciara-a-las-11-am-se-preve-duracion-de-26-dias-angulo7\/","title":{"rendered":"Se formaliza huelga en Audi, iniciar\u00e1 a las 11 am; se prev\u00e9 duraci\u00f3n de 26 d\u00edas | \u00c1ngulo7"},"content":{"rendered":"\n<div class=\"wp-block-image\"><figure class=\"aligncenter size-full\"><img fetchpriority=\"high\" decoding=\"async\" width=\"620\" height=\"330\" src=\"https:\/\/losperiodistas.com.mx\/portal\/wp-content\/uploads\/2024\/01\/fotos-2024-01-23T213024.062.png\" alt=\"\" class=\"wp-image-67031\" srcset=\"https:\/\/losperiodistas.com.mx\/portal\/wp-content\/uploads\/2024\/01\/fotos-2024-01-23T213024.062.png 620w, https:\/\/losperiodistas.com.mx\/portal\/wp-content\/uploads\/2024\/01\/fotos-2024-01-23T213024.062-300x160.png 300w\" sizes=\"(max-width: 620px) 100vw, 620px\" \/><figcaption><em>\u00a0Foto: Red de mujeres sindicalistas<\/em><\/figcaption><\/figure><\/div>\n\n\n\n<p class=\"has-vivid-red-color has-text-color has-medium-font-size\"><strong>GUILLERMO GUTI\u00c9RREZ \/ \u00c1NGULO7<\/strong><\/p>\n\n\n\n<p>Tras el rechazo por parte de<strong>&nbsp;los trabajadores de Audi<\/strong>&nbsp;a la propuesta de aumento al del&nbsp;<strong>4.3 por ciento al salario y de no llegar a un acuerdo en la reuni\u00f3n que Sitaudi y<\/strong>&nbsp;directivos tuvieron en la Ciudad de M\u00e9xico, se formaliza la huelga que ten\u00eda prevista para este mi\u00e9rcoles.<\/p>\n\n\n\n<p>Amasba partes relanzaron una oferta:&nbsp;<strong>Audi ofreci\u00f3 un incremento del 6.5<\/strong>&nbsp;global (5 al salario, el rsto a prestaciones, mientras que el&nbsp;<strong>Sitaudi<\/strong>&nbsp;dijo que estar\u00edan dispuesto un incrmetno del&nbsp;<strong>15.5 por ciento.&nbsp;<\/strong>No obstante, no se pudo llegar a acuerdo<\/p>\n\n\n\n<p>Por ello, el Sindicato Independiente de Audi (Sitaudi) emiti\u00f3 una seria de recomendaciones con las que busca llevar a cabo dicho acto de propuesta,&nbsp;<strong>haciendo hincapi\u00e9 en que esta ser\u00e1 de forma pac\u00edfica.<\/strong><\/p>\n\n\n\n<p>Mediante un comunicado, se establecen nueve puntos a seguir, siendo&nbsp;<strong>el m\u00e1s importante el de parar actividades a las 11:00 horas de la ma\u00f1ana de inmediato<\/strong>. Para ello, se sincornizaran los relojes de quienes estar\u00e1n en el primer turno.<\/p>\n\n\n\n<div class=\"wp-block-image\"><figure class=\"aligncenter\"><img decoding=\"async\" src=\"https:\/\/www.angulo7.com.mx\/wp-content\/uploads\/2024\/01\/Diseno-sin-titulo-2-1.png\" alt=\"\" class=\"wp-image-545929\"\/><\/figure><\/div>\n\n\n\n<p>Posteriormente,&nbsp;<strong>deber\u00e1n abandonar las instalaciones por la puerta A10<\/strong>. Asimismo, se pide a los obreros que&nbsp;<strong>no chequen hora de salida<\/strong>&nbsp;y que desde el inicio de la jornada deber\u00e1n llevar sus cosas, ya que no deber\u00e1n regresar al \u00e1rea de lockers.<\/p>\n\n\n\n<p>Asimismo, se establecer\u00e1n guardias las cu\u00e1les ser har\u00e1n conforme a las rutas de llegada a la fraica y el turno, iniciando este mi\u00e9rcoles 24 de enero\u00a0y previendo que culmine el\u00a0domingo 18 de febrero. Ser\u00e1n dos tipos de guardia:<strong>\u00a0primer y segundo turno de 8 hasta las 18 horas y de 20 a 6 horas del d\u00eda siguiente, en el turno nocturno<\/strong>.<\/p>\n\n\n\n<div class=\"wp-block-image\"><figure class=\"aligncenter\"><img decoding=\"async\" src=\"https:\/\/www.angulo7.com.mx\/wp-content\/uploads\/2024\/01\/Diseno-sin-titulo-3-1.png\" alt=\"\" class=\"wp-image-545930\"\/><\/figure><\/div>\n\n\n\n<p>Durante estos 26 d\u00edas de paro de actividades los trabajadores reguardar\u00e1n las entradas&nbsp;<strong>A10<\/strong>, la&nbsp;<strong>A72<\/strong>&nbsp;y el&nbsp;<strong>Conteiner Yard<\/strong>. S\u00f3lo se permitir\u00e1 la entrada de personal de emergencia que ser\u00e1 revisado por autoridades de la empresa y la guardia de trabajadores.<\/p>\n\n\n\n<p>Se pide a todos\u00a0<strong>no caer en ning\u00fan acto de provocaci\u00f3n<\/strong>\u00a0y salvaguardae la integridad de quienes permanecer\u00e1n en las guardias, pues\u00a0<strong>\u201ccualquier circunstancia podr\u00eda ser aprovechada para declarar la huelga inexistente\u201d, menciona el comunicado.<\/strong><\/p>\n\n\n\n<h2 class=\"wp-block-heading\">Por 1ra vez en 7 a\u00f1os, no hay acuerdo<\/h2>\n\n\n\n<p>La empresa germanda ubicada en San Jos\u00e9 Chiapa&nbsp;<strong>es la primera vez qu sufrir\u00e1 un paro, luego de que inciar\u00e1 operaciones el 30 de septiembre de 2016<\/strong>. Desde entonces, la empresa pod\u00eda llegar a un acuerdo con los trbajaodres y evitar un conflicto.<\/p>\n\n\n\n<p>Por su parte,&nbsp;<strong>Audi ha manifestado<\/strong>&nbsp;mediande un avis\u00f3 a sus obrero que&nbsp;<strong>\u00abdesafortnadamente la propuesta (del 6.5 por ciento) no<\/strong>&nbsp;<strong>fue aceptada por el gremio\u00bb;<\/strong>&nbsp;al mismo tiempo que&nbsp;<strong>dan por finalizadas las negociaciones<\/strong>.<\/p>\n\n\n\n<div class=\"wp-block-image\"><figure class=\"aligncenter\"><img decoding=\"async\" src=\"https:\/\/www.angulo7.com.mx\/wp-content\/uploads\/2024\/01\/imagen_2024-01-23_235331123.png\" alt=\"\" class=\"wp-image-545946\"\/><\/figure><\/div>\n\n\n\n<p>El mensaje finaliza pidiendo que\u00a0<strong>los que laboran en la planta<\/strong>\u00a0\u00abjunto a sus familias v<strong>aloren el fuerzo que la empresa realiza para resolver este conflicto<\/strong>\u00ab, versa.<\/p>\n\n\n\n<p>Fuente:  <a href=\"https:\/\/www.angulo7.com.mx\/2024\/01\/23\/se-formaliza-huelga-en-audi-iniciara-a-las-11-am-se-preve-duracion-de-26-dias\/\">https:\/\/www.angulo7.com.mx\/2024\/01\/23\/se-formaliza-huelga-en-audi-iniciara-a-las-11-am-se-preve-duracion-de-26-dias\/<\/a><\/p>\n","protected":false},"excerpt":{"rendered":"<p>GUILLERMO GUTI\u00c9RREZ \/ \u00c1NGULO7 Tras el rechazo por parte de&nbsp;los trabajadores de Audi&nbsp;a la propuesta de aumento al del&nbsp;4.3 por [&hellip;]<\/p>\n","protected":false},"author":1,"featured_media":67031,"comment_status":"open","ping_status":"open","sticky":false,"template":"","format":"standard","meta":{"site-sidebar-layout":"default","site-content-layout":"","ast-site-content-layout":"default","site-content-style":"default","site-sidebar-style":"default","ast-global-header-display":"","ast-banner-title-visibility":"","ast-main-header-display":"","ast-hfb-above-header-display":"","ast-hfb-below-header-display":"","ast-hfb-mobile-header-display":"","site-post-title":"","ast-breadcrumbs-content":"","ast-featured-img":"","footer-sml-layout":"","theme-transparent-header-meta":"","adv-header-id-meta":"","stick-header-meta":"","header-above-stick-meta":"","header-main-stick-meta":"","header-below-stick-meta":"","astra-migrate-meta-layouts":"default","ast-page-background-enabled":"default","ast-page-background-meta":{"desktop":{"background-color":"var(--ast-global-color-4)","background-image":"","background-repeat":"repeat","background-position":"center center","background-size":"auto","background-attachment":"scroll","background-type":"","background-media":"","overlay-type":"","overlay-color":"","overlay-opacity":"","overlay-gradient":""},"tablet":{"background-color":"","background-image":"","background-repeat":"repeat","background-position":"center center","background-size":"auto","background-attachment":"scroll","background-type":"","background-media":"","overlay-type":"","overlay-color":"","overlay-opacity":"","overlay-gradient":""},"mobile":{"background-color":"","background-image":"","background-repeat":"repeat","background-position":"center center","background-size":"auto","background-attachment":"scroll","background-type":"","background-media":"","overlay-type":"","overlay-color":"","overlay-opacity":"","overlay-gradient":""}},"ast-content-background-meta":{"desktop":{"background-color":"var(--ast-global-color-5)","background-image":"","background-repeat":"repeat","background-position":"center center","background-size":"auto","background-attachment":"scroll","background-type":"","background-media":"","overlay-type":"","overlay-color":"","overlay-opacity":"","overlay-gradient":""},"tablet":{"background-color":"var(--ast-global-color-5)","background-image":"","background-repeat":"repeat","background-position":"center center","background-size":"auto","background-attachment":"scroll","background-type":"","background-media":"","overlay-type":"","overlay-color":"","overlay-opacity":"","overlay-gradient":""},"mobile":{"background-color":"var(--ast-global-color-5)","background-image":"","background-repeat":"repeat","background-position":"center center","background-size":"auto","background-attachment":"scroll","background-type":"","background-media":"","overlay-type":"","overlay-color":"","overlay-opacity":"","overlay-gradient":""}},"footnotes":""},"categories":[8],"tags":[21783,21784,7599],"class_list":["post-67030","post","type-post","status-publish","format-standard","has-post-thumbnail","hentry","category-noticias","tag-audi-huekga","tag-incremento-salarial-audi","tag-industria-automotriz"],"_links":{"self":[{"href":"https:\/\/losperiodistas.com.mx\/portal\/wp-json\/wp\/v2\/posts\/67030","targetHints":{"allow":["GET"]}}],"collection":[{"href":"https:\/\/losperiodistas.com.mx\/portal\/wp-json\/wp\/v2\/posts"}],"about":[{"href":"https:\/\/losperiodistas.com.mx\/portal\/wp-json\/wp\/v2\/types\/post"}],"author":[{"embeddable":true,"href":"https:\/\/losperiodistas.com.mx\/portal\/wp-json\/wp\/v2\/users\/1"}],"replies":[{"embeddable":true,"href":"https:\/\/losperiodistas.com.mx\/portal\/wp-json\/wp\/v2\/comments?post=67030"}],"version-history":[{"count":1,"href":"https:\/\/losperiodistas.com.mx\/portal\/wp-json\/wp\/v2\/posts\/67030\/revisions"}],"predecessor-version":[{"id":67032,"href":"https:\/\/losperiodistas.com.mx\/portal\/wp-json\/wp\/v2\/posts\/67030\/revisions\/67032"}],"wp:featuredmedia":[{"embeddable":true,"href":"https:\/\/losperiodistas.com.mx\/portal\/wp-json\/wp\/v2\/media\/67031"}],"wp:attachment":[{"href":"https:\/\/losperiodistas.com.mx\/portal\/wp-json\/wp\/v2\/media?parent=67030"}],"wp:term":[{"taxonomy":"category","embeddable":true,"href":"https:\/\/losperiodistas.com.mx\/portal\/wp-json\/wp\/v2\/categories?post=67030"},{"taxonomy":"post_tag","embeddable":true,"href":"https:\/\/losperiodistas.com.mx\/portal\/wp-json\/wp\/v2\/tags?post=67030"}],"curies":[{"name":"wp","href":"https:\/\/api.w.org\/{rel}","templated":true}]}}