{"id":67023,"date":"2024-01-24T07:57:19","date_gmt":"2024-01-24T13:57:19","guid":{"rendered":"http:\/\/losperiodistas.com.mx\/portal\/?p=67023"},"modified":"2024-01-24T07:57:21","modified_gmt":"2024-01-24T13:57:21","slug":"la-historia-de-mario-alcalde-el-primer-torero-en-salir-del-armario-soy-pansexual-telecinco","status":"publish","type":"post","link":"https:\/\/losperiodistas.com.mx\/portal\/la-historia-de-mario-alcalde-el-primer-torero-en-salir-del-armario-soy-pansexual-telecinco\/","title":{"rendered":"La historia de Mario Alcalde, el primer torero en salir del armario: \u00abSoy pansexual\u00bb | TeleCinco"},"content":{"rendered":"\n<ul class=\"wp-block-list\"><li>Mario Alcalde ha provocado una peque\u00f1a gran revoluci\u00f3n en el sector taurino al declararse \u00abpansexual\u00bb<\/li><li>Es la primera vez que un torero manifiesta abiertamente que forma parte del colectivo LGTBIQ+<\/li><li>Te contamos la historia de este joven de 31 a\u00f1os que ha abierto un debate tanto en su gremio como en el colectivo LGTBIQ+<\/li><\/ul>\n\n\n\n<figure class=\"wp-block-image size-large\"><img fetchpriority=\"high\" decoding=\"async\" width=\"1024\" height=\"573\" src=\"https:\/\/losperiodistas.com.mx\/portal\/wp-content\/uploads\/2024\/01\/Captura-de-Pantalla-2024-01-24-a-las-7.45.50-1-1024x573.jpg\" alt=\"\" class=\"wp-image-67025\" srcset=\"https:\/\/losperiodistas.com.mx\/portal\/wp-content\/uploads\/2024\/01\/Captura-de-Pantalla-2024-01-24-a-las-7.45.50-1-1024x573.jpg 1024w, https:\/\/losperiodistas.com.mx\/portal\/wp-content\/uploads\/2024\/01\/Captura-de-Pantalla-2024-01-24-a-las-7.45.50-1-300x168.jpg 300w, https:\/\/losperiodistas.com.mx\/portal\/wp-content\/uploads\/2024\/01\/Captura-de-Pantalla-2024-01-24-a-las-7.45.50-1-768x430.jpg 768w, https:\/\/losperiodistas.com.mx\/portal\/wp-content\/uploads\/2024\/01\/Captura-de-Pantalla-2024-01-24-a-las-7.45.50-1-1536x859.jpg 1536w, https:\/\/losperiodistas.com.mx\/portal\/wp-content\/uploads\/2024\/01\/Captura-de-Pantalla-2024-01-24-a-las-7.45.50-1-2048x1146.jpg 2048w\" sizes=\"(max-width: 1024px) 100vw, 1024px\" \/><\/figure>\n\n\n\n<p><a href=\"https:\/\/imasdk.googleapis.com\/js\/core\/bridge3.614.1_es.html#goog_420538496\">https:\/\/imasdk.googleapis.com\/js\/core\/bridge3.614.1_es.html#goog_420538496<\/a><\/p>\n\n\n\n<p><\/p>\n\n\n\n<p class=\"has-vivid-red-color has-text-color has-medium-font-size\"><strong>CARLOS MIRANDA \/ TELECINCO<\/strong><\/p>\n\n\n\n<p>Ser el primero en algo puede convertirte en noticia. Pero cuando eres\u00a0<strong>el primer torero en salir del armario<\/strong>, tu historia vital puede suponer\u00a0<strong>una revoluci\u00f3n<\/strong>. Tanto para unos (los miembros del colectivo del que se ha manifestado miembro) como para otros (sus compa\u00f1eros de un sector, el taurino, para el que las siglas LGTBIQ+ son una novedad).<\/p>\n\n\n\n<p>Hasta el d\u00eda en que decidi\u00f3 conceder una entrevista a El Mundo en la que se declaraba \u00abpansexual\u00bb,&nbsp;<strong>Mario Alcalde<\/strong>&nbsp;era uno m\u00e1s de su gremio. Su afici\u00f3n a los toros le ven\u00eda desde peque\u00f1o. De hecho, su vocaci\u00f3n era tal que, aunque naci\u00f3 en Barajas de Melo, en Cuenca, pronto se traslad\u00f3 a Madrid para formarse en la prestigiosa escuela Marcial Lalanda.<\/p>\n\n\n\n<h4 class=\"has-cyan-bluish-gray-background-color has-background wp-block-heading\">M\u00c1S<\/h4>\n\n\n\n<ul class=\"wp-block-list\"><li><a href=\"https:\/\/www.telecinco.es\/noticias\/sociedad\/20240105\/vaticano-desdice-papa-bendiciones-divorciados-homosexuales-cual-posicion-iglesia_18_011363883.html#utm_source=apoyo_editorial_articulo\">El Vaticano desdice al Papa con sus bendiciones a parejas del mismo sexo y a divorciados: \u00bfCu\u00e1l es la posici\u00f3n de la Iglesia?<\/a><\/li><li><a href=\"https:\/\/www.telecinco.es\/vamos-a-ver\/20240124\/juan-ortega-carmen-otte-motivos-no-boda_18_011512961.html#utm_source=apoyo_editorial_articulo\">El torero Juan Ortega explica por qu\u00e9 no se cas\u00f3 con Carmen Otte: \u00abSoy el \u00fanico responsable. Llevaba tiempo arrastrando dudas\u00bb<\/a><\/li><\/ul>\n\n\n\n<p>Un 16 de septiembre de 2006 le dieron su primera oportunidad de actuar en p\u00fablico. Dos a\u00f1os despu\u00e9s ya vest\u00eda el traje de luces en una corrida en Guadalajara en la que comparti\u00f3 cartel con \u00c1lvaro Montalvo y Juan Duque. Y as\u00ed hasta hoy, momento en el que,<strong>&nbsp;con 31 a\u00f1os<\/strong>, ha decidido asignarse la etiqueta de &#8216;pionero&#8217; por verbalizar que su orientaci\u00f3n sexual no es la de heterosexual.<\/p>\n\n\n\n<p>Esto, lo de las etiquetas, es algo que siempre le ha generado rechazo. De ah\u00ed que, de todas las opciones que incluye esa bandera arco\u00edris con la que asegura sentirse \u00abmuy identificado\u00bb, Mario Alcalde se ve\u00a0<strong>reconocido en la de la pansexualidad<\/strong>. Seg\u00fan la RAE, esto implica\u00a0<strong>\u00absentir atracci\u00f3n sexual hacia cualquier individuo u objeto\u00bb<\/strong>. Seg\u00fan \u00e9l: \u00abMe enamoro del interior, no me importa el g\u00e9nero\u00bb. Esto implica no restringir la sexualidad del otro al g\u00e9nero opuesto o al mismo g\u00e9nero,\u00a0<strong>sin tener en cuenta los conceptos binarios de g\u00e9nero masculino o femenino<\/strong>.<\/p>\n\n\n\n<h3 class=\"wp-block-heading\">As\u00ed se plantea su futuro tras reivindicar su orientaci\u00f3n sexual<\/h3>\n\n\n\n<p>Antes de publicarse este reportaje, el torero era muy consciente de que&nbsp;<strong>estaba poniendo sobre la mesa debates que generar\u00edan incomodidad<\/strong>&nbsp;entre ciertos p\u00fablicos. Concretamente entre el colectivo. \u00ab<strong>La verdad es que&nbsp;todos los gais son antitaurinos<\/strong>. Pero qu\u00e9 bonito es cuando confiesas qui\u00e9n eres y, despu\u00e9s de conocerte, lo ven de manera diferente (&#8230;). Tengo que hacer cosas para que ellos empiecen a hacer cosas. Ir\u00e1n a verme torear.&nbsp;<strong>Al principio son personas supercerradas, hay demasiada incultura<\/strong>&nbsp;y no se sabe qu\u00e9 es el toreo\u00bb, expres\u00f3 al diario ya mencionado. A los aficionados al toro, sin embargo, les defiende, calific\u00e1ndoles de \u00abliberales\u00bb.<q>No s\u00e9 c\u00f3mo reaccionar\u00e1n las plazas. No creo que me rechacen<\/q><\/p>\n\n\n\n<p>A pesar de considerarse \u00ab100% torero\u00bb, para ganarse la independencia econ\u00f3mica se ha visto obligado a\u00a0<strong>compaginarlo trabajando en el aeropuerto de Barajas \u00abcon un chaleco amarillo\u00bb\u00a0<\/strong>y a echar una mano en el negocio familiar. Ahora que su nombre copa titulares en la prensa nacional, solo queda esperar las consecuencias de esta declaraci\u00f3n, que augura que ser\u00e1n positivas: \u00abNo s\u00e9 c\u00f3mo reaccionar\u00e1n las plazas. No creo que me rechacen (&#8230;). Yo voy a mi aire. Me da igual qu\u00e9 piensan los dem\u00e1s. No vivo de nadie\u00bb.<\/p>\n\n\n\n<p>Fuente: <a href=\"https:\/\/www.telecinco.es\/noticias\/cultura\/20240124\/mario-alcalde-torero-pansexual-sale-armario_18_011513078.html\">https:\/\/www.telecinco.es\/noticias\/cultura\/20240124\/mario-alcalde-torero-pansexual-sale-armario_18_011513078.html<\/a><\/p>\n","protected":false},"excerpt":{"rendered":"<p>Mario Alcalde ha provocado una peque\u00f1a gran revoluci\u00f3n en el sector taurino al declararse \u00abpansexual\u00bb Es la primera vez que [&hellip;]<\/p>\n","protected":false},"author":1,"featured_media":67025,"comment_status":"open","ping_status":"open","sticky":false,"template":"","format":"standard","meta":{"site-sidebar-layout":"default","site-content-layout":"","ast-site-content-layout":"default","site-content-style":"default","site-sidebar-style":"default","ast-global-header-display":"","ast-banner-title-visibility":"","ast-main-header-display":"","ast-hfb-above-header-display":"","ast-hfb-below-header-display":"","ast-hfb-mobile-header-display":"","site-post-title":"","ast-breadcrumbs-content":"","ast-featured-img":"","footer-sml-layout":"","theme-transparent-header-meta":"","adv-header-id-meta":"","stick-header-meta":"","header-above-stick-meta":"","header-main-stick-meta":"","header-below-stick-meta":"","astra-migrate-meta-layouts":"default","ast-page-background-enabled":"default","ast-page-background-meta":{"desktop":{"background-color":"var(--ast-global-color-4)","background-image":"","background-repeat":"repeat","background-position":"center center","background-size":"auto","background-attachment":"scroll","background-type":"","background-media":"","overlay-type":"","overlay-color":"","overlay-opacity":"","overlay-gradient":""},"tablet":{"background-color":"","background-image":"","background-repeat":"repeat","background-position":"center center","background-size":"auto","background-attachment":"scroll","background-type":"","background-media":"","overlay-type":"","overlay-color":"","overlay-opacity":"","overlay-gradient":""},"mobile":{"background-color":"","background-image":"","background-repeat":"repeat","background-position":"center center","background-size":"auto","background-attachment":"scroll","background-type":"","background-media":"","overlay-type":"","overlay-color":"","overlay-opacity":"","overlay-gradient":""}},"ast-content-background-meta":{"desktop":{"background-color":"var(--ast-global-color-5)","background-image":"","background-repeat":"repeat","background-position":"center center","background-size":"auto","background-attachment":"scroll","background-type":"","background-media":"","overlay-type":"","overlay-color":"","overlay-opacity":"","overlay-gradient":""},"tablet":{"background-color":"var(--ast-global-color-5)","background-image":"","background-repeat":"repeat","background-position":"center center","background-size":"auto","background-attachment":"scroll","background-type":"","background-media":"","overlay-type":"","overlay-color":"","overlay-opacity":"","overlay-gradient":""},"mobile":{"background-color":"var(--ast-global-color-5)","background-image":"","background-repeat":"repeat","background-position":"center center","background-size":"auto","background-attachment":"scroll","background-type":"","background-media":"","overlay-type":"","overlay-color":"","overlay-opacity":"","overlay-gradient":""}},"footnotes":""},"categories":[8],"tags":[21780,21782,21781],"class_list":["post-67023","post","type-post","status-publish","format-standard","has-post-thumbnail","hentry","category-noticias","tag-mario-alcalde","tag-pansexualidad","tag-trero-sale-del-armario"],"_links":{"self":[{"href":"https:\/\/losperiodistas.com.mx\/portal\/wp-json\/wp\/v2\/posts\/67023","targetHints":{"allow":["GET"]}}],"collection":[{"href":"https:\/\/losperiodistas.com.mx\/portal\/wp-json\/wp\/v2\/posts"}],"about":[{"href":"https:\/\/losperiodistas.com.mx\/portal\/wp-json\/wp\/v2\/types\/post"}],"author":[{"embeddable":true,"href":"https:\/\/losperiodistas.com.mx\/portal\/wp-json\/wp\/v2\/users\/1"}],"replies":[{"embeddable":true,"href":"https:\/\/losperiodistas.com.mx\/portal\/wp-json\/wp\/v2\/comments?post=67023"}],"version-history":[{"count":1,"href":"https:\/\/losperiodistas.com.mx\/portal\/wp-json\/wp\/v2\/posts\/67023\/revisions"}],"predecessor-version":[{"id":67026,"href":"https:\/\/losperiodistas.com.mx\/portal\/wp-json\/wp\/v2\/posts\/67023\/revisions\/67026"}],"wp:featuredmedia":[{"embeddable":true,"href":"https:\/\/losperiodistas.com.mx\/portal\/wp-json\/wp\/v2\/media\/67025"}],"wp:attachment":[{"href":"https:\/\/losperiodistas.com.mx\/portal\/wp-json\/wp\/v2\/media?parent=67023"}],"wp:term":[{"taxonomy":"category","embeddable":true,"href":"https:\/\/losperiodistas.com.mx\/portal\/wp-json\/wp\/v2\/categories?post=67023"},{"taxonomy":"post_tag","embeddable":true,"href":"https:\/\/losperiodistas.com.mx\/portal\/wp-json\/wp\/v2\/tags?post=67023"}],"curies":[{"name":"wp","href":"https:\/\/api.w.org\/{rel}","templated":true}]}}