{"id":67016,"date":"2024-01-24T06:54:45","date_gmt":"2024-01-24T12:54:45","guid":{"rendered":"http:\/\/losperiodistas.com.mx\/portal\/?p=67016"},"modified":"2024-01-24T06:54:48","modified_gmt":"2024-01-24T12:54:48","slug":"respetamos-a-la-militancia-pero-tambien-queremos-ganar-mario-delgado-la-lista","status":"publish","type":"post","link":"https:\/\/losperiodistas.com.mx\/portal\/respetamos-a-la-militancia-pero-tambien-queremos-ganar-mario-delgado-la-lista\/","title":{"rendered":"\u2018Respetamos a la militancia, pero tambi\u00e9n queremos ganar\u2019: Mario Delgado | La-Lista"},"content":{"rendered":"\n<p class=\"has-medium-font-size\">Mario Delgado, presidente nacional de Morena, asegur\u00f3 que hay encuestas que avalar\u00e1n todas las candidaturas de Morena<\/p>\n\n\n\n<figure class=\"wp-block-image size-large\"><img fetchpriority=\"high\" decoding=\"async\" width=\"1024\" height=\"576\" src=\"https:\/\/losperiodistas.com.mx\/portal\/wp-content\/uploads\/2024\/01\/mario-delgado-morena-plan-b-reforma-electoral-1024x576.jpeg\" alt=\"\" class=\"wp-image-67017\" srcset=\"https:\/\/losperiodistas.com.mx\/portal\/wp-content\/uploads\/2024\/01\/mario-delgado-morena-plan-b-reforma-electoral-1024x576.jpeg 1024w, https:\/\/losperiodistas.com.mx\/portal\/wp-content\/uploads\/2024\/01\/mario-delgado-morena-plan-b-reforma-electoral-300x169.jpeg 300w, https:\/\/losperiodistas.com.mx\/portal\/wp-content\/uploads\/2024\/01\/mario-delgado-morena-plan-b-reforma-electoral-768x432.jpeg 768w, https:\/\/losperiodistas.com.mx\/portal\/wp-content\/uploads\/2024\/01\/mario-delgado-morena-plan-b-reforma-electoral.jpeg 1280w\" sizes=\"(max-width: 1024px) 100vw, 1024px\" \/><figcaption>Mario Delgado se\u00f1ala que oposici\u00f3n no quiere perder privilegios ante Plan B. Foto: Partido Morena<\/figcaption><\/figure>\n\n\n\n<p class=\"has-vivid-red-color has-text-color has-medium-font-size\"><strong>REDACCI\u00d3N LA-LISTA<\/strong><\/p>\n\n\n\n<p><strong>Mario Delgado<\/strong>, presidente nacional de Morena, dijo respetar a la militancia de su partido, pero para ganar cargos \u201chay que quitarles a los de enfrente\u201d, en referencia a los expanistas y expri\u00edstas que se han sumado a sus filas y ser\u00e1n candidatos a cargos de elecci\u00f3n popular.<\/p>\n\n\n\n<p>En conferencia de prensa, al ser cuestionado en torno a la molestia que existe en M\u00e9rida, Yucat\u00e1n, entre los morenistas que aspiraban a la presidencia municipal, cuya nominaci\u00f3n, de acuerdo con el Movimiento de Regeneraci\u00f3n Nacional (Morena), habr\u00eda ganado el expanista Rommel Pacheco, se\u00f1al\u00f3 que \u201cpara poder ganar hay que quitarles a los de enfrente\u201d.<\/p>\n\n\n\n<p>\u201cRespetamos y reconocemos el trabajo de la militancia, pero tambi\u00e9n queremos ganar Yucat\u00e1n y es fundamental ganar M\u00e9rida. Y en algunos casos, como es el estado de Yucat\u00e1n, para poder ganar necesitamos quitarles a los de enfrente con gente que quiera participar con nosotros para sumarse al movimiento, como es el caso de Rommel Pacheco\u201d, afirm\u00f3.No te pierdas:<a href=\"https:\/\/la-lista.com\/poder\/2023\/12\/31\/salto-completo-rommel-pacheco-va-con-morena-por-alcaldia-de-merida\">Salto completo: Rommel Pacheco va con Morena por alcald\u00eda de M\u00e9rida<\/a><\/p>\n\n\n\n<p><strong>Mario Delgado&nbsp;<\/strong>asegur\u00f3 que hay una encuesta que avala el triunfo del exmedallista ol\u00edmpico.<\/p>\n\n\n\n<p>\u201cS\u00ed hay una encuesta en M\u00e9rida justo porque sab\u00edamos que iba a ser muy pol\u00e9mica. Es un personaje muy conocido Rommel Pacheco\u201d.<\/p>\n\n\n\n<p>El l\u00edder nacional morenista asegur\u00f3 que todas las candidaturas que se publican tienen el respaldo de haber surgido de una encuesta.<\/p>\n\n\n\n<p>Explic\u00f3 que actualmente en Morena hay 20 mil candidaturas que est\u00e1n por definir, y la Comisi\u00f3n de El<\/p>\n\n\n\n<p>ecciones est\u00e1 revisando los resultados de las encuestas.<\/p>\n\n\n\n<figure class=\"wp-block-embed is-type-rich is-provider-twitter wp-block-embed-twitter\"><div class=\"wp-block-embed__wrapper\">\nhttps:\/\/twitter.com\/mario_delgado\/status\/1749870582093566354?ref_src=twsrc%5Etfw%7Ctwcamp%5Etweetembed%7Ctwterm%5E1749870582093566354%7Ctwgr%5E5e747b17e2ca86556adb524277ad4119d4e9239d%7Ctwcon%5Es1_c10&#038;ref_url=https%3A%2F%2Fla-lista.com%2Fpoder%2Fpolitica%2F2024%2F01%2F23%2Frespetamos-a-la-militancia-pero-tambien-queremos-ganar-mario-delgado\n<\/div><\/figure>\n\n\n\n<p>\u201cEmpezaremos el armado general de las 300 candidaturas junto con nuestros aliados para cumplir el tema de paridad, competitividad y acciones afirmativas para tener ya candidatos a diputaciones federales y senadores\u201d, agreg\u00f3.<\/p>\n\n\n\n<p>En otro tema,\u00a0<strong>Mario Delgado<\/strong>\u00a0se refiri\u00f3 a la multa por m\u00e1s de 61 millones de pesos que el INE aplic\u00f3 en contra de Morena, y que la Sala Superior del Tribunal Electoral del Poder Judicial de la Federaci\u00f3n est\u00e1 por discutir, tras las irregularidades contables detectadas en el proceso interno del partido, donde Claudia Sheinbaum fue electa coordinadora nacional en defensa de la transformaci\u00f3n.<\/p>\n\n\n\n<p>\u201cEs rid\u00edcula la multa que nos quieren poner, basado en mentiras (\u2026) De las actas que presentan los verificadores del INE de los eventos, hay cierta informaci\u00f3n que despu\u00e9s interpreta el \u00e1rea de Fiscalizaci\u00f3n del INE y le ponen n\u00famero, sin ning\u00fan fundamento. Y entonces van construyendo ahora una multa de 60 millones de pesos para Morena, pero lo que quieren es seguir golpeando al movimiento\u201d, expres\u00f3.<\/p>\n\n\n\n<p>Fuente: <a href=\"https:\/\/la-lista.com\/poder\/politica\/2024\/01\/23\/respetamos-a-la-militancia-pero-tambien-queremos-ganar-mario-delgado\">https:\/\/la-lista.com\/poder\/politica\/2024\/01\/23\/respetamos-a-la-militancia-pero-tambien-queremos-ganar-mario-delgado<\/a><\/p>\n","protected":false},"excerpt":{"rendered":"<p>Mario Delgado, presidente nacional de Morena, asegur\u00f3 que hay encuestas que avalar\u00e1n todas las candidaturas de Morena REDACCI\u00d3N LA-LISTA Mario [&hellip;]<\/p>\n","protected":false},"author":1,"featured_media":67017,"comment_status":"open","ping_status":"open","sticky":false,"template":"","format":"standard","meta":{"site-sidebar-layout":"default","site-content-layout":"","ast-site-content-layout":"default","site-content-style":"default","site-sidebar-style":"default","ast-global-header-display":"","ast-banner-title-visibility":"","ast-main-header-display":"","ast-hfb-above-header-display":"","ast-hfb-below-header-display":"","ast-hfb-mobile-header-display":"","site-post-title":"","ast-breadcrumbs-content":"","ast-featured-img":"","footer-sml-layout":"","theme-transparent-header-meta":"","adv-header-id-meta":"","stick-header-meta":"","header-above-stick-meta":"","header-main-stick-meta":"","header-below-stick-meta":"","astra-migrate-meta-layouts":"default","ast-page-background-enabled":"default","ast-page-background-meta":{"desktop":{"background-color":"var(--ast-global-color-4)","background-image":"","background-repeat":"repeat","background-position":"center center","background-size":"auto","background-attachment":"scroll","background-type":"","background-media":"","overlay-type":"","overlay-color":"","overlay-opacity":"","overlay-gradient":""},"tablet":{"background-color":"","background-image":"","background-repeat":"repeat","background-position":"center center","background-size":"auto","background-attachment":"scroll","background-type":"","background-media":"","overlay-type":"","overlay-color":"","overlay-opacity":"","overlay-gradient":""},"mobile":{"background-color":"","background-image":"","background-repeat":"repeat","background-position":"center center","background-size":"auto","background-attachment":"scroll","background-type":"","background-media":"","overlay-type":"","overlay-color":"","overlay-opacity":"","overlay-gradient":""}},"ast-content-background-meta":{"desktop":{"background-color":"var(--ast-global-color-5)","background-image":"","background-repeat":"repeat","background-position":"center center","background-size":"auto","background-attachment":"scroll","background-type":"","background-media":"","overlay-type":"","overlay-color":"","overlay-opacity":"","overlay-gradient":""},"tablet":{"background-color":"var(--ast-global-color-5)","background-image":"","background-repeat":"repeat","background-position":"center center","background-size":"auto","background-attachment":"scroll","background-type":"","background-media":"","overlay-type":"","overlay-color":"","overlay-opacity":"","overlay-gradient":""},"mobile":{"background-color":"var(--ast-global-color-5)","background-image":"","background-repeat":"repeat","background-position":"center center","background-size":"auto","background-attachment":"scroll","background-type":"","background-media":"","overlay-type":"","overlay-color":"","overlay-opacity":"","overlay-gradient":""}},"footnotes":""},"categories":[8],"tags":[5486,2324,247,21779],"class_list":["post-67016","post","type-post","status-publish","format-standard","has-post-thumbnail","hentry","category-noticias","tag-elecciones-2024","tag-mario-delgado","tag-morena","tag-quitarle-a-los-de-enfente"],"_links":{"self":[{"href":"https:\/\/losperiodistas.com.mx\/portal\/wp-json\/wp\/v2\/posts\/67016","targetHints":{"allow":["GET"]}}],"collection":[{"href":"https:\/\/losperiodistas.com.mx\/portal\/wp-json\/wp\/v2\/posts"}],"about":[{"href":"https:\/\/losperiodistas.com.mx\/portal\/wp-json\/wp\/v2\/types\/post"}],"author":[{"embeddable":true,"href":"https:\/\/losperiodistas.com.mx\/portal\/wp-json\/wp\/v2\/users\/1"}],"replies":[{"embeddable":true,"href":"https:\/\/losperiodistas.com.mx\/portal\/wp-json\/wp\/v2\/comments?post=67016"}],"version-history":[{"count":1,"href":"https:\/\/losperiodistas.com.mx\/portal\/wp-json\/wp\/v2\/posts\/67016\/revisions"}],"predecessor-version":[{"id":67018,"href":"https:\/\/losperiodistas.com.mx\/portal\/wp-json\/wp\/v2\/posts\/67016\/revisions\/67018"}],"wp:featuredmedia":[{"embeddable":true,"href":"https:\/\/losperiodistas.com.mx\/portal\/wp-json\/wp\/v2\/media\/67017"}],"wp:attachment":[{"href":"https:\/\/losperiodistas.com.mx\/portal\/wp-json\/wp\/v2\/media?parent=67016"}],"wp:term":[{"taxonomy":"category","embeddable":true,"href":"https:\/\/losperiodistas.com.mx\/portal\/wp-json\/wp\/v2\/categories?post=67016"},{"taxonomy":"post_tag","embeddable":true,"href":"https:\/\/losperiodistas.com.mx\/portal\/wp-json\/wp\/v2\/tags?post=67016"}],"curies":[{"name":"wp","href":"https:\/\/api.w.org\/{rel}","templated":true}]}}