{"id":67013,"date":"2024-01-24T06:41:17","date_gmt":"2024-01-24T12:41:17","guid":{"rendered":"http:\/\/losperiodistas.com.mx\/portal\/?p=67013"},"modified":"2024-01-24T06:41:19","modified_gmt":"2024-01-24T12:41:19","slug":"catequesis-completa-del-papa-francisco-sobre-la-avaricia-aci","status":"publish","type":"post","link":"https:\/\/losperiodistas.com.mx\/portal\/catequesis-completa-del-papa-francisco-sobre-la-avaricia-aci\/","title":{"rendered":"Catequesis completa del Papa Francisco sobre la avaricia | ACI"},"content":{"rendered":"\n<figure class=\"wp-block-embed is-type-video is-provider-youtube wp-block-embed-youtube wp-embed-aspect-16-9 wp-has-aspect-ratio\"><div class=\"wp-block-embed__wrapper\">\n<iframe title=\"Catequesis del Papa Francisco sobre la avaricia\" width=\"500\" height=\"281\" src=\"https:\/\/www.youtube.com\/embed\/WiyvRXlQyc4?feature=oembed\" frameborder=\"0\" allow=\"accelerometer; autoplay; clipboard-write; encrypted-media; gyroscope; picture-in-picture; web-share\" referrerpolicy=\"strict-origin-when-cross-origin\" allowfullscreen><\/iframe>\n<\/div><\/figure>\n\n\n\n<p><\/p>\n\n\n\n<p class=\"has-vivid-red-color has-text-color has-medium-font-size\"><strong>PAPA FRANCISCO \/ ACI PRENSA<\/strong><\/p>\n\n\n\n<p>A continuaci\u00f3n, la catequesis completa del Papa Francisco sobre la avaricia en la Audiencia General de este mi\u00e9rcoles 24 de enero:<\/p>\n\n\n\n<p>Queridos hermanos y hermanas, \u00a1buenos d\u00edas!&nbsp;<\/p>\n\n\n\n<p>Proseguimos las catequesis sobre los vicios y las virtudes, y hoy vamos a hablar de la&nbsp;<em>avaricia<\/em>, es&nbsp; decir aquella forma de apego al dinero que impide al ser humano la generosidad.&nbsp; No es un pecado que s\u00f3lo concierne a las personas que poseen ingentes patrimonios, pero un vicio&nbsp; transversal, que a menudo no tiene nada que ver con el saldo de la cuenta corriente. Es una enfermedad&nbsp; del coraz\u00f3n, no de la cartera.&nbsp;&nbsp;<\/p>\n\n\n\n<p>Los an\u00e1lisis que los padres del desierto cumplieron sobre este mal sacaron a la luz como la&nbsp; avaricia pudiera apoderarse tambi\u00e9n de los monjes, quienes, tras haber renunciado a enormes herencias,&nbsp; en la soledad de su celda, se hab\u00edan atados a objetos de poco valor: no lo prestaban, no los compart\u00edan y&nbsp; menos a\u00fan estaban dispuestos a regalarlos. Esos objetos se volv\u00edan por ellos una especie de fetiche del&nbsp; que era imposible desprenderse. Un apego a las cosas peque\u00f1as. Una forma de regresi\u00f3n a la fase de los ni\u00f1os que agarran al juguete&nbsp; repitiendo: \u201c\u00a1Es m\u00edo! \u00a1Es m\u00edo!\u201d. Un apego que quita la libertad. En esta afirmaci\u00f3n se esconde una relaci\u00f3n enfermiza con la realidad,&nbsp; que puede desembocar en formas de acaparamiento compulsivo o acumulaci\u00f3n patol\u00f3gica.&nbsp;&nbsp;<\/p>\n\n\n\n<p>Para recuperarse de esta enfermedad los monjes propon\u00edan un m\u00e9todo dr\u00e1stico, pero sin embargo&nbsp; muy eficaz: la meditaci\u00f3n de la muerte. Por mucho que una persona acumule bienes en este mundo, de&nbsp; una cosa estamos absolutamente seguros: de que no cabr\u00e1n en el ata\u00fad. Nosotros no podemos llevar con nosotros los bienes. Aqu\u00ed se revela el sentido de este&nbsp; vicio. El v\u00ednculo de posesi\u00f3n que construimos con las cosas es s\u00f3lo aparente, porque no somos los amos del mundo: esta tierra que amamos no es en verdad nuestra, y nos movemos por ella como extranjeros y&nbsp; peregrinos\u2026\u201d. (cfr&nbsp;<em>Lv&nbsp;<\/em>25,23).&nbsp;&nbsp;<\/p>\n\n\n\n<p>Estas simples consideraciones nos hacen intuir la locura de la avaricia, pero tambi\u00e9n, su raz\u00f3n m\u00e1s&nbsp; rec\u00f3ndita. Es un tentativo de exorcizar el miedo de la muerte: busca seguridades que en realidad se desmoronan en el mismo momento en el que las agarramos. Recuerden la par\u00e1bola del hombre necio,&nbsp; cuyo campo hab\u00eda ofrecido una cosecha abundante, y por eso se adormece pensando en c\u00f3mo agrandar sus almacenes para meter toda la cosecha. Ese hombre hab\u00eda calculado todo, hab\u00eda planeado el futuro. Sin&nbsp; embargo, no hab\u00eda considerado la variable m\u00e1s segura de la vida: la muerte. \u201cNecio\u201d, dice el Evangelio. \u201cesta misma noche te ser\u00e1 demandada tu vida. Y las cosas que preparaste \u00bfpara qui\u00e9n ser\u00e1n?\u201d (<em>Lc&nbsp;<\/em>12,20).&nbsp;&nbsp;<\/p>\n\n\n\n<p>En otros casos, son los ladrones quienes nos prestan este servicio. Incluso en los Evangelios tienen&nbsp; un buen n\u00famero de apariciones, y aunque sus acciones son censurables, pueden convertirse en una&nbsp; amonestaci\u00f3n saludable. As\u00ed lo predica Jes\u00fas en el Serm\u00f3n de la monta\u00f1a: \u201cNo acumulen tesoros en la&nbsp; tierra, donde la polilla y la herrumbre los consumen, y los ladrones perforan las paredes y los roban, sino acumular tesoros en el cielo, donde ni la polilla ni la herrumbre destruyen, y donde ladrones no penetran ni roban (<em>Mt&nbsp;<\/em>6,19-20). Siempre en los relatos de los padres del desierto se cuenta la historia de un ladr\u00f3n que sorprende&nbsp; al monje mientras duerme y le roba los pocos bienes que guardaba en su celda. Cuando despierta, nada&nbsp; turbado por el incidente, el monje se pone tras la pista del ladr\u00f3n y, una vez que lo encuentra, en lugar de&nbsp; reclamar los bienes robados, le entrega las pocas cosas que le quedan dici\u00e9ndole: \u201c\u00a1Te olvidaste de&nbsp; llevarte esto!\u201d.<\/p>\n\n\n\n<p>Nosotros, hermanos y hermanas, podemos ser se\u00f1ores de los bienes que poseemos, pero a menudo ocurre lo contrario: son ellos al&nbsp; final a poseernos. Algunos hombres ricos no son libres, ni siquiera tienen tiempo para descansar, tienen&nbsp; que mirar por encima del hombro porque la acumulaci\u00f3n de bienes tambi\u00e9n exige su custodia. Est\u00e1n&nbsp; siempre angustiados porque un patrimonio se construye con mucho sudor, pero puede desaparecer en un&nbsp; momento. Olvidan la predicaci\u00f3n evang\u00e9lica, que no afirma que las riquezas sean en s\u00ed mismas un&nbsp; pecado, pero s\u00ed ciertamente son una responsabilidad. Dios no es pobre: es el Se\u00f1or de todo, pero &#8211; escribe&nbsp; San Pablo- \u201csiendo rico, se hizo pobre por nosotros, a fin de enriquecernos con su pobreza\u201d<em>2 Cor&nbsp;<\/em>8,9).&nbsp;<\/p>\n\n\n\n<p>Eso es lo que el avaro no comprende. Podr\u00eda haber sido causa de bendici\u00f3n para muchos, pero en&nbsp; lugar de eso, se meti\u00f3 en el callej\u00f3n sin salida de la infelicidad.&nbsp; La vida del avaro es fea. Recuerdo un caso de un se\u00f1or que yo conoc\u00eda en la otra di\u00f3cesis. Un hombre riqu\u00edsimo que ten\u00eda a su madre enferma. Los hermanos se turnaban para cuidar a su madre. Y la madre se tomaba un yogurt por la ma\u00f1ana.https:\/\/74d166a60b4906d7a4324fcdff870464.safeframe.googlesyndication.com\/safeframe\/1-0-40\/html\/container.html<\/p>\n\n\n\n<p>\u00c9l le daba la mitad del yogurt por la ma\u00f1ana y la otra mitad por la tarde, para ahorrar medio yogurt. As\u00ed es la avaricia, as\u00ed es el apego a los bienes. M\u00e1s tarde este se\u00f1or se muri\u00f3, y los comentarios de las personas que fueron a la vigilia eran este: \u201cSe ve que este hombre no tiene nada ahora, ha dejado todo\u201d. Y despu\u00e9s, haciendo un poco de broma dec\u00edan: \u201cno, no, no, no pueden cerrar el ata\u00fad porque quer\u00eda llevarse todo con \u00e9l\u201d. Esto hace re\u00edr a los otros, la avaricia. Al final debemos dar nuestro cuerpo, nuestra alma al Se\u00f1or, y debemos dejar todo. Estemos atentos y seamos generosos. Generosos con todos y generosos con quienes m\u00e1s nos necesitan. Gracias.\u00a0<\/p>\n\n\n\n<p>Fuente: <a href=\"https:\/\/www.aciprensa.com\/noticias\/102878\/catequesis-completa-del-papa-francisco-sobre-la-avaricia\">https:\/\/www.aciprensa.com\/noticias\/102878\/catequesis-completa-del-papa-francisco-sobre-la-avaricia<\/a><\/p>\n","protected":false},"excerpt":{"rendered":"<p>PAPA FRANCISCO \/ ACI PRENSA A continuaci\u00f3n, la catequesis completa del Papa Francisco sobre la avaricia en la Audiencia General [&hellip;]<\/p>\n","protected":false},"author":1,"featured_media":67014,"comment_status":"open","ping_status":"open","sticky":false,"template":"","format":"standard","meta":{"site-sidebar-layout":"default","site-content-layout":"","ast-site-content-layout":"default","site-content-style":"default","site-sidebar-style":"default","ast-global-header-display":"","ast-banner-title-visibility":"","ast-main-header-display":"","ast-hfb-above-header-display":"","ast-hfb-below-header-display":"","ast-hfb-mobile-header-display":"","site-post-title":"","ast-breadcrumbs-content":"","ast-featured-img":"","footer-sml-layout":"","theme-transparent-header-meta":"","adv-header-id-meta":"","stick-header-meta":"","header-above-stick-meta":"","header-main-stick-meta":"","header-below-stick-meta":"","astra-migrate-meta-layouts":"default","ast-page-background-enabled":"default","ast-page-background-meta":{"desktop":{"background-color":"var(--ast-global-color-4)","background-image":"","background-repeat":"repeat","background-position":"center center","background-size":"auto","background-attachment":"scroll","background-type":"","background-media":"","overlay-type":"","overlay-color":"","overlay-opacity":"","overlay-gradient":""},"tablet":{"background-color":"","background-image":"","background-repeat":"repeat","background-position":"center center","background-size":"auto","background-attachment":"scroll","background-type":"","background-media":"","overlay-type":"","overlay-color":"","overlay-opacity":"","overlay-gradient":""},"mobile":{"background-color":"","background-image":"","background-repeat":"repeat","background-position":"center center","background-size":"auto","background-attachment":"scroll","background-type":"","background-media":"","overlay-type":"","overlay-color":"","overlay-opacity":"","overlay-gradient":""}},"ast-content-background-meta":{"desktop":{"background-color":"var(--ast-global-color-5)","background-image":"","background-repeat":"repeat","background-position":"center center","background-size":"auto","background-attachment":"scroll","background-type":"","background-media":"","overlay-type":"","overlay-color":"","overlay-opacity":"","overlay-gradient":""},"tablet":{"background-color":"var(--ast-global-color-5)","background-image":"","background-repeat":"repeat","background-position":"center center","background-size":"auto","background-attachment":"scroll","background-type":"","background-media":"","overlay-type":"","overlay-color":"","overlay-opacity":"","overlay-gradient":""},"mobile":{"background-color":"var(--ast-global-color-5)","background-image":"","background-repeat":"repeat","background-position":"center center","background-size":"auto","background-attachment":"scroll","background-type":"","background-media":"","overlay-type":"","overlay-color":"","overlay-opacity":"","overlay-gradient":""}},"footnotes":""},"categories":[8],"tags":[21778,196,21777],"class_list":["post-67013","post","type-post","status-publish","format-standard","has-post-thumbnail","hentry","category-noticias","tag-avaricia","tag-papa-francisco","tag-vicios"],"_links":{"self":[{"href":"https:\/\/losperiodistas.com.mx\/portal\/wp-json\/wp\/v2\/posts\/67013","targetHints":{"allow":["GET"]}}],"collection":[{"href":"https:\/\/losperiodistas.com.mx\/portal\/wp-json\/wp\/v2\/posts"}],"about":[{"href":"https:\/\/losperiodistas.com.mx\/portal\/wp-json\/wp\/v2\/types\/post"}],"author":[{"embeddable":true,"href":"https:\/\/losperiodistas.com.mx\/portal\/wp-json\/wp\/v2\/users\/1"}],"replies":[{"embeddable":true,"href":"https:\/\/losperiodistas.com.mx\/portal\/wp-json\/wp\/v2\/comments?post=67013"}],"version-history":[{"count":1,"href":"https:\/\/losperiodistas.com.mx\/portal\/wp-json\/wp\/v2\/posts\/67013\/revisions"}],"predecessor-version":[{"id":67015,"href":"https:\/\/losperiodistas.com.mx\/portal\/wp-json\/wp\/v2\/posts\/67013\/revisions\/67015"}],"wp:featuredmedia":[{"embeddable":true,"href":"https:\/\/losperiodistas.com.mx\/portal\/wp-json\/wp\/v2\/media\/67014"}],"wp:attachment":[{"href":"https:\/\/losperiodistas.com.mx\/portal\/wp-json\/wp\/v2\/media?parent=67013"}],"wp:term":[{"taxonomy":"category","embeddable":true,"href":"https:\/\/losperiodistas.com.mx\/portal\/wp-json\/wp\/v2\/categories?post=67013"},{"taxonomy":"post_tag","embeddable":true,"href":"https:\/\/losperiodistas.com.mx\/portal\/wp-json\/wp\/v2\/tags?post=67013"}],"curies":[{"name":"wp","href":"https:\/\/api.w.org\/{rel}","templated":true}]}}