{"id":67002,"date":"2024-01-23T21:23:25","date_gmt":"2024-01-24T03:23:25","guid":{"rendered":"http:\/\/losperiodistas.com.mx\/portal\/?p=67002"},"modified":"2024-01-23T21:23:27","modified_gmt":"2024-01-24T03:23:27","slug":"oppenheimer-lidera-carrera-al-oscar-con-13-nominaciones-dw","status":"publish","type":"post","link":"https:\/\/losperiodistas.com.mx\/portal\/oppenheimer-lidera-carrera-al-oscar-con-13-nominaciones-dw\/","title":{"rendered":"\u00abOppenheimer\u00bb lidera carrera al \u00d3scar con 13 nominaciones | DW"},"content":{"rendered":"\n<p class=\"has-medium-font-size\">\u00abLa sociedad de la nieve\u00bb, que narra la lucha de los sobrevivientes de la tragedia a\u00e9rea de Los Andes, fue nominada a mejor pel\u00edcula internacional y mejor dise\u00f1o de maquillaje y peluquer\u00eda.<\/p>\n\n\n\n<figure class=\"wp-block-image size-large\"><img fetchpriority=\"high\" decoding=\"async\" width=\"1024\" height=\"448\" src=\"https:\/\/losperiodistas.com.mx\/portal\/wp-content\/uploads\/2024\/01\/66356663_1004-1024x448.jpeg\" alt=\"\" class=\"wp-image-67003\" srcset=\"https:\/\/losperiodistas.com.mx\/portal\/wp-content\/uploads\/2024\/01\/66356663_1004-1024x448.jpeg 1024w, https:\/\/losperiodistas.com.mx\/portal\/wp-content\/uploads\/2024\/01\/66356663_1004-300x131.jpeg 300w, https:\/\/losperiodistas.com.mx\/portal\/wp-content\/uploads\/2024\/01\/66356663_1004-768x336.jpeg 768w, https:\/\/losperiodistas.com.mx\/portal\/wp-content\/uploads\/2024\/01\/66356663_1004.jpeg 1200w\" sizes=\"(max-width: 1024px) 100vw, 1024px\" \/><figcaption>Cillian Murphy interpreta a Robert Oppenheimer en la cinta | Imagen:\u00a0Melinda Sue Gordon\/Universal Pictures \/AP\/Picture Alliance<\/figcaption><\/figure>\n\n\n\n<p class=\"has-vivid-red-color has-text-color has-medium-font-size\"><strong>DW<\/strong><\/p>\n\n\n\n<p><em>Oppenheimer<\/em>&nbsp;, el drama del director Christopher Nolan sobre las tribulaciones del padre de la bomba at\u00f3mica, est\u00e1 al frente de la contienda por los&nbsp;<a href=\"https:\/\/www.dw.com\/es\/premios-oscar\/t-17409673\">premios \u00d3scar<\/a>&nbsp;con 13 nominaciones, incluida mejor pel\u00edcula, de acuerdo con el anuncio de la academia este martes (23.01.2024 ).<\/p>\n\n\n\n<p>La cinta surrealista de&nbsp;<a href=\"https:\/\/www.dw.com\/es\/yorgos-lanthimos\/t-47203674\">Yorgos Lanthimos<\/a>&nbsp;titulada&nbsp;<em>Pobres criaturas<\/em>&nbsp;le sigue con 11 nominaciones, en tanto que el drama&nbsp;<em>Los asesinos de la luna<\/em>&nbsp;, de Martin Scorsese, llega a la noche m\u00e1s esperada de Hollywood con 10.<\/p>\n\n\n\n<p>Cillian Murphy, quien encarna a J. Robert Oppenheimer, disputar\u00e1 el premio al mejor actor, mientras que Robert Downey Jr. buscar\u00e1 hacerse con la estatuilla a mejor actor de reparto.\u00a0<\/p>\n\n\n\n<figure class=\"wp-block-embed is-type-rich is-provider-twitter wp-block-embed-twitter\"><div class=\"wp-block-embed__wrapper\">\n<blockquote class=\"twitter-tweet\" data-width=\"500\" data-dnt=\"true\"><p lang=\"en\" dir=\"ltr\">Going global with this year\u2019s nominees for International Feature Film&#8230; <a href=\"https:\/\/twitter.com\/hashtag\/Oscars?src=hash&amp;ref_src=twsrc%5Etfw\">#Oscars<\/a> <a href=\"https:\/\/t.co\/RBD8t724Qy\">pic.twitter.com\/RBD8t724Qy<\/a><\/p>&mdash; The Academy (@TheAcademy) <a href=\"https:\/\/twitter.com\/TheAcademy\/status\/1749790173037228490?ref_src=twsrc%5Etfw\">January 23, 2024<\/a><\/blockquote><script async src=\"https:\/\/platform.twitter.com\/widgets.js\" charset=\"utf-8\"><\/script>\n<\/div><\/figure>\n\n\n\n<h2 class=\"wp-block-heading\"><strong><em>La sociedad de la nieve<\/em>&nbsp;, nominada a mejor pel\u00edcula internacional<\/strong><\/h2>\n\n\n\n<p>Por su parte, la pel\u00edcula espa\u00f1ola&nbsp;<em><a href=\"https:\/\/www.dw.com\/es\/la-sociedad-de-la-nieve-bondad-generosidad-y-coraje-en-medio-de-la-tragedia\/a-68065248\">La sociedad de la nieve<\/a><\/em>&nbsp;, de Juan Antonio Bayona, que narra la lucha de los supervivientes de la tragedia a\u00e9rea de Los Andes, fue&nbsp;<a href=\"https:\/\/www.dw.com\/es\/la-sociedad-de-la-nieve-recibe-dos-nominaciones-al-%C3%B3scar\/a-68065915\">nominada a mejor pel\u00edcula internacional y mejor dise\u00f1o de maquillaje y peluquer\u00eda<\/a>&nbsp;.<\/p>\n\n\n\n<p>La nominaci\u00f3n a los m\u00e1ximos galardones del cine estadounidense, que se entregar\u00e1n el pr\u00f3ximo 10 de marzo en Los \u00c1ngeles, llega unos d\u00edas despu\u00e9s de que la cinta no lograra el Globo de Oro a la mejor pel\u00edcula de habla no inglesa, que fue para la francesa.&nbsp;<em>Anatom\u00eda de una ca\u00edda<\/em>&nbsp;, de Justine Triet.<\/p>\n\n\n\n<p>Esta es la primera nominaci\u00f3n para Bayona (Barcelona, \u200b\u200b1975), quien tendr\u00e1 que competir contra la italiana&nbsp;<em>Io Capitano<\/em>&nbsp;, la brit\u00e1nica&nbsp;<em>The Zone of Interest<\/em>&nbsp;, la japonesa&nbsp;<em>Perfect Days<\/em>&nbsp;y la alemana&nbsp;<em>The Teachers Lounge<\/em>&nbsp;.<\/p>\n\n\n\n<p>afp\/ap\/efe\/rr<\/p>\n\n\n\n<p>Fuente: <a href=\"https:\/\/www.dw.com\/es\/oppenheimer-lidera-carrera-al-%C3%B3scar-con-13-nominaciones\/a-68066573\">https:\/\/www.dw.com\/es\/oppenheimer-lidera-carrera-al-%C3%B3scar-con-13-nominaciones\/a-68066573<\/a><\/p>\n","protected":false},"excerpt":{"rendered":"<p>\u00abLa sociedad de la nieve\u00bb, que narra la lucha de los sobrevivientes de la tragedia a\u00e9rea de Los Andes, fue [&hellip;]<\/p>\n","protected":false},"author":1,"featured_media":67003,"comment_status":"open","ping_status":"open","sticky":false,"template":"","format":"standard","meta":{"site-sidebar-layout":"default","site-content-layout":"","ast-site-content-layout":"default","site-content-style":"default","site-sidebar-style":"default","ast-global-header-display":"","ast-banner-title-visibility":"","ast-main-header-display":"","ast-hfb-above-header-display":"","ast-hfb-below-header-display":"","ast-hfb-mobile-header-display":"","site-post-title":"","ast-breadcrumbs-content":"","ast-featured-img":"","footer-sml-layout":"","theme-transparent-header-meta":"","adv-header-id-meta":"","stick-header-meta":"","header-above-stick-meta":"","header-main-stick-meta":"","header-below-stick-meta":"","astra-migrate-meta-layouts":"default","ast-page-background-enabled":"default","ast-page-background-meta":{"desktop":{"background-color":"var(--ast-global-color-4)","background-image":"","background-repeat":"repeat","background-position":"center center","background-size":"auto","background-attachment":"scroll","background-type":"","background-media":"","overlay-type":"","overlay-color":"","overlay-opacity":"","overlay-gradient":""},"tablet":{"background-color":"","background-image":"","background-repeat":"repeat","background-position":"center center","background-size":"auto","background-attachment":"scroll","background-type":"","background-media":"","overlay-type":"","overlay-color":"","overlay-opacity":"","overlay-gradient":""},"mobile":{"background-color":"","background-image":"","background-repeat":"repeat","background-position":"center center","background-size":"auto","background-attachment":"scroll","background-type":"","background-media":"","overlay-type":"","overlay-color":"","overlay-opacity":"","overlay-gradient":""}},"ast-content-background-meta":{"desktop":{"background-color":"var(--ast-global-color-5)","background-image":"","background-repeat":"repeat","background-position":"center center","background-size":"auto","background-attachment":"scroll","background-type":"","background-media":"","overlay-type":"","overlay-color":"","overlay-opacity":"","overlay-gradient":""},"tablet":{"background-color":"var(--ast-global-color-5)","background-image":"","background-repeat":"repeat","background-position":"center center","background-size":"auto","background-attachment":"scroll","background-type":"","background-media":"","overlay-type":"","overlay-color":"","overlay-opacity":"","overlay-gradient":""},"mobile":{"background-color":"var(--ast-global-color-5)","background-image":"","background-repeat":"repeat","background-position":"center center","background-size":"auto","background-attachment":"scroll","background-type":"","background-media":"","overlay-type":"","overlay-color":"","overlay-opacity":"","overlay-gradient":""}},"footnotes":""},"categories":[8],"tags":[21772,21771,16683,18395,21773],"class_list":["post-67002","post","type-post","status-publish","format-standard","has-post-thumbnail","hentry","category-noticias","tag-la-sociedad-de-la-nieve","tag-los-asesinos-de-la-luna","tag-martin-scorsese","tag-oppenheimer","tag-oscar-2024"],"_links":{"self":[{"href":"https:\/\/losperiodistas.com.mx\/portal\/wp-json\/wp\/v2\/posts\/67002","targetHints":{"allow":["GET"]}}],"collection":[{"href":"https:\/\/losperiodistas.com.mx\/portal\/wp-json\/wp\/v2\/posts"}],"about":[{"href":"https:\/\/losperiodistas.com.mx\/portal\/wp-json\/wp\/v2\/types\/post"}],"author":[{"embeddable":true,"href":"https:\/\/losperiodistas.com.mx\/portal\/wp-json\/wp\/v2\/users\/1"}],"replies":[{"embeddable":true,"href":"https:\/\/losperiodistas.com.mx\/portal\/wp-json\/wp\/v2\/comments?post=67002"}],"version-history":[{"count":1,"href":"https:\/\/losperiodistas.com.mx\/portal\/wp-json\/wp\/v2\/posts\/67002\/revisions"}],"predecessor-version":[{"id":67004,"href":"https:\/\/losperiodistas.com.mx\/portal\/wp-json\/wp\/v2\/posts\/67002\/revisions\/67004"}],"wp:featuredmedia":[{"embeddable":true,"href":"https:\/\/losperiodistas.com.mx\/portal\/wp-json\/wp\/v2\/media\/67003"}],"wp:attachment":[{"href":"https:\/\/losperiodistas.com.mx\/portal\/wp-json\/wp\/v2\/media?parent=67002"}],"wp:term":[{"taxonomy":"category","embeddable":true,"href":"https:\/\/losperiodistas.com.mx\/portal\/wp-json\/wp\/v2\/categories?post=67002"},{"taxonomy":"post_tag","embeddable":true,"href":"https:\/\/losperiodistas.com.mx\/portal\/wp-json\/wp\/v2\/tags?post=67002"}],"curies":[{"name":"wp","href":"https:\/\/api.w.org\/{rel}","templated":true}]}}