{"id":66984,"date":"2024-01-23T07:35:09","date_gmt":"2024-01-23T13:35:09","guid":{"rendered":"http:\/\/losperiodistas.com.mx\/portal\/?p=66984"},"modified":"2024-01-23T07:35:11","modified_gmt":"2024-01-23T13:35:11","slug":"monologos-de-menade-mario-riestra-e-ivan-galindo","status":"publish","type":"post","link":"https:\/\/losperiodistas.com.mx\/portal\/monologos-de-menade-mario-riestra-e-ivan-galindo\/","title":{"rendered":"Mon\u00f3logos de M\u00e9nade | Mario Riestra e Iv\u00e1n Galindo"},"content":{"rendered":"\n<figure class=\"wp-block-image size-large\"><img fetchpriority=\"high\" decoding=\"async\" width=\"1024\" height=\"576\" src=\"https:\/\/losperiodistas.com.mx\/portal\/wp-content\/uploads\/2024\/01\/Mario-Riestra-e-Ivan-Galindo-1024x576.jpg\" alt=\"\" class=\"wp-image-66985\" srcset=\"https:\/\/losperiodistas.com.mx\/portal\/wp-content\/uploads\/2024\/01\/Mario-Riestra-e-Ivan-Galindo-1024x576.jpg 1024w, https:\/\/losperiodistas.com.mx\/portal\/wp-content\/uploads\/2024\/01\/Mario-Riestra-e-Ivan-Galindo-300x169.jpg 300w, https:\/\/losperiodistas.com.mx\/portal\/wp-content\/uploads\/2024\/01\/Mario-Riestra-e-Ivan-Galindo-768x432.jpg 768w, https:\/\/losperiodistas.com.mx\/portal\/wp-content\/uploads\/2024\/01\/Mario-Riestra-e-Ivan-Galindo.jpg 1200w\" sizes=\"(max-width: 1024px) 100vw, 1024px\" \/><\/figure>\n\n\n\n<p><\/p>\n\n\n\n<p class=\"has-vivid-red-color has-text-color\" style=\"font-size:26px\"><strong><em>Por Itandehui Rodr\u00edguez Mart\u00ednez<\/em><\/strong><\/p>\n\n\n\n<p>@Itandehui_RoMa<\/p>\n\n\n\n<p>\u00bfCu\u00e1ndo iban a imaginar que esto pod\u00eda suceder? Cualquiera podr\u00eda pensar que se trata de un escenario salido de un universo paralelo, pero no. Las estrellas se alinearon y Mario Riestra e Iv\u00e1n Galindo caminar\u00e1n juntos en el 2024.<\/p>\n\n\n\n<p>El que avisa no traiciona y&nbsp;<a href=\"https:\/\/www.apartadomex.com\/apartado-puebla\/ivan-galindo-abandona-el-equipo-de-ignacio-mier\/29143\/\">hace m\u00e1s de dos semanas que el expresidente del IMT, hab\u00eda anunciado su separaci\u00f3n<\/a>&nbsp;de las filas del Instituto Mar\u00edn Torres\u2026 Perd\u00f3n, del Instituto Mexicano para la Transformaci\u00f3n. Con su renuncia, se separ\u00f3 del equipo de Nacho Mier, del que form\u00f3 parte desde 2004.<\/p>\n\n\n\n<p>Sin duda, dar este paso no debi\u00f3 ser nada sencillo para Iv\u00e1n.<\/p>\n\n\n\n<p>Si algo lo ha distinguido, desde siempre, no es solo la congruencia, sino tambi\u00e9n el profesionalismo y la firmeza de sus palabras.<\/p>\n\n\n\n<p>El problema es que a la gente no le gustan las personas frontales y cr\u00edticas. Ese es el gran pecado de Iv\u00e1n.<\/p>\n\n\n\n<p>Si hoy decide aceptar la invitaci\u00f3n de Mario Riestra, es, seguramente con la tranquilidad de haber terminado sus compromisos anteriores.<\/p>\n\n\n\n<p>No tengo pruebas, pero tampoco dudas.<\/p>\n\n\n\n<p>Hace a\u00f1os, alguien cuyo nombre ya se me olvid\u00f3\u2026 no es mal plan, en serio no recuerdo c\u00f3mo se llama. Recuerdo su cara pero no su nombre\u2026 \u2018Anyways\u2019!<\/p>\n\n\n\n<p>Bueno, ese alguien a quien nombraremos, Panchito, me pregunt\u00f3 qu\u00e9 opinaba de que Iv\u00e1n se hubiera sumado como asesor con Claudia Rivera.<\/p>\n\n\n\n<p>Mi respuesta fue muy sencilla: considero que la gente talentosa cabe en cualquier lugar y lo que necesitamos en los gobiernos, es gente talentosa.<\/p>\n\n\n\n<p>Este personaje esperaba que yo hablara mal del exregidor por haber osado permitir que una administraci\u00f3n contratara sus servicios como asesor.<\/p>\n\n\n\n<p>\u201c\u00bfC\u00f3mo se le ocurri\u00f3 pensar que tiene derecho a trabajar para alimentar a sus hijos?\u201d<\/p>\n\n\n\n<p>\u201c\u00a1Qu\u00e9 atrevido es este se\u00f1or!\u201d<\/p>\n\n\n\n<p>\u201c\u00a1Es una falta de respeto que deba pagar cuentas en su casa!\u201d<\/p>\n\n\n\n<p>Seguramente eso deb\u00ed responderle, porque evidentemente no le gust\u00f3 lo que dije, pero b\u00e1sicamente nunca me ha preocupado lo que el mundo piense de mis opiniones. Si no les va a gustar la respuesta, \u00bfpara qu\u00e9 me preguntan?<\/p>\n\n\n\n<p>Volviendo al punto, talento siempre suma talento y Mario Riestra e Iv\u00e1n Galindo caminar\u00e1n juntos en la elecci\u00f3n del 2024.<\/p>\n\n\n\n<p>\u00bfA qui\u00e9n m\u00e1s sumar\u00e1 el precandidato a la Presidencia Municipal?<\/p>\n\n\n\n<p>P.D. Hoy es un gran d\u00eda para que Iv\u00e1n Galindo se quite el bigote navide\u00f1o, por Selene R\u00edos, por su cumplea\u00f1os\u2026 No s\u00e9, pi\u00e9nsalo.<\/p>\n","protected":false},"excerpt":{"rendered":"<p>Por Itandehui Rodr\u00edguez Mart\u00ednez @Itandehui_RoMa \u00bfCu\u00e1ndo iban a imaginar que esto pod\u00eda suceder? Cualquiera podr\u00eda pensar que se trata de [&hellip;]<\/p>\n","protected":false},"author":1,"featured_media":66985,"comment_status":"open","ping_status":"open","sticky":false,"template":"","format":"standard","meta":{"site-sidebar-layout":"default","site-content-layout":"","ast-site-content-layout":"default","site-content-style":"default","site-sidebar-style":"default","ast-global-header-display":"","ast-banner-title-visibility":"","ast-main-header-display":"","ast-hfb-above-header-display":"","ast-hfb-below-header-display":"","ast-hfb-mobile-header-display":"","site-post-title":"","ast-breadcrumbs-content":"","ast-featured-img":"","footer-sml-layout":"","theme-transparent-header-meta":"","adv-header-id-meta":"","stick-header-meta":"","header-above-stick-meta":"","header-main-stick-meta":"","header-below-stick-meta":"","astra-migrate-meta-layouts":"default","ast-page-background-enabled":"default","ast-page-background-meta":{"desktop":{"background-color":"var(--ast-global-color-4)","background-image":"","background-repeat":"repeat","background-position":"center center","background-size":"auto","background-attachment":"scroll","background-type":"","background-media":"","overlay-type":"","overlay-color":"","overlay-opacity":"","overlay-gradient":""},"tablet":{"background-color":"","background-image":"","background-repeat":"repeat","background-position":"center center","background-size":"auto","background-attachment":"scroll","background-type":"","background-media":"","overlay-type":"","overlay-color":"","overlay-opacity":"","overlay-gradient":""},"mobile":{"background-color":"","background-image":"","background-repeat":"repeat","background-position":"center center","background-size":"auto","background-attachment":"scroll","background-type":"","background-media":"","overlay-type":"","overlay-color":"","overlay-opacity":"","overlay-gradient":""}},"ast-content-background-meta":{"desktop":{"background-color":"var(--ast-global-color-5)","background-image":"","background-repeat":"repeat","background-position":"center center","background-size":"auto","background-attachment":"scroll","background-type":"","background-media":"","overlay-type":"","overlay-color":"","overlay-opacity":"","overlay-gradient":""},"tablet":{"background-color":"var(--ast-global-color-5)","background-image":"","background-repeat":"repeat","background-position":"center center","background-size":"auto","background-attachment":"scroll","background-type":"","background-media":"","overlay-type":"","overlay-color":"","overlay-opacity":"","overlay-gradient":""},"mobile":{"background-color":"var(--ast-global-color-5)","background-image":"","background-repeat":"repeat","background-position":"center center","background-size":"auto","background-attachment":"scroll","background-type":"","background-media":"","overlay-type":"","overlay-color":"","overlay-opacity":"","overlay-gradient":""}},"footnotes":""},"categories":[8,22],"tags":[21762,4881,248],"class_list":["post-66984","post","type-post","status-publish","format-standard","has-post-thumbnail","hentry","category-noticias","category-opinion-invitada","tag-ivan-galindo","tag-mario-riestra","tag-pan"],"_links":{"self":[{"href":"https:\/\/losperiodistas.com.mx\/portal\/wp-json\/wp\/v2\/posts\/66984","targetHints":{"allow":["GET"]}}],"collection":[{"href":"https:\/\/losperiodistas.com.mx\/portal\/wp-json\/wp\/v2\/posts"}],"about":[{"href":"https:\/\/losperiodistas.com.mx\/portal\/wp-json\/wp\/v2\/types\/post"}],"author":[{"embeddable":true,"href":"https:\/\/losperiodistas.com.mx\/portal\/wp-json\/wp\/v2\/users\/1"}],"replies":[{"embeddable":true,"href":"https:\/\/losperiodistas.com.mx\/portal\/wp-json\/wp\/v2\/comments?post=66984"}],"version-history":[{"count":1,"href":"https:\/\/losperiodistas.com.mx\/portal\/wp-json\/wp\/v2\/posts\/66984\/revisions"}],"predecessor-version":[{"id":66986,"href":"https:\/\/losperiodistas.com.mx\/portal\/wp-json\/wp\/v2\/posts\/66984\/revisions\/66986"}],"wp:featuredmedia":[{"embeddable":true,"href":"https:\/\/losperiodistas.com.mx\/portal\/wp-json\/wp\/v2\/media\/66985"}],"wp:attachment":[{"href":"https:\/\/losperiodistas.com.mx\/portal\/wp-json\/wp\/v2\/media?parent=66984"}],"wp:term":[{"taxonomy":"category","embeddable":true,"href":"https:\/\/losperiodistas.com.mx\/portal\/wp-json\/wp\/v2\/categories?post=66984"},{"taxonomy":"post_tag","embeddable":true,"href":"https:\/\/losperiodistas.com.mx\/portal\/wp-json\/wp\/v2\/tags?post=66984"}],"curies":[{"name":"wp","href":"https:\/\/api.w.org\/{rel}","templated":true}]}}