{"id":66981,"date":"2024-01-23T07:08:26","date_gmt":"2024-01-23T13:08:26","guid":{"rendered":"http:\/\/losperiodistas.com.mx\/portal\/?p=66981"},"modified":"2024-01-23T07:08:29","modified_gmt":"2024-01-23T13:08:29","slug":"el-pais-despide-a-fernando-savater-tras-llamar-al-diario-portavoz-del-peor-gobierno-de-la-democracia-okdiario%ef%bf%bc","status":"publish","type":"post","link":"https:\/\/losperiodistas.com.mx\/portal\/el-pais-despide-a-fernando-savater-tras-llamar-al-diario-portavoz-del-peor-gobierno-de-la-democracia-okdiario%ef%bf%bc\/","title":{"rendered":"\u2018El Pa\u00eds\u2019 despide a Fernando Savater tras llamar al diario \u00abportavoz del peor Gobierno de la democracia\u00bb | OkDiario\ufffc"},"content":{"rendered":"\n<figure class=\"wp-block-image size-full\"><img fetchpriority=\"high\" decoding=\"async\" width=\"655\" height=\"368\" src=\"https:\/\/losperiodistas.com.mx\/portal\/wp-content\/uploads\/2024\/01\/fernando-savater-655x368-1.jpeg\" alt=\"\" class=\"wp-image-66982\" srcset=\"https:\/\/losperiodistas.com.mx\/portal\/wp-content\/uploads\/2024\/01\/fernando-savater-655x368-1.jpeg 655w, https:\/\/losperiodistas.com.mx\/portal\/wp-content\/uploads\/2024\/01\/fernando-savater-655x368-1-300x169.jpeg 300w\" sizes=\"(max-width: 655px) 100vw, 655px\" \/><figcaption>Fernando Savater<\/figcaption><\/figure>\n\n\n\n<p><\/p>\n\n\n\n<p class=\"has-vivid-red-color has-text-color has-medium-font-size\"><strong>RAFAEL GALLEGO \/ OK DIARIO<\/strong><\/p>\n\n\n\n<p>El diario&nbsp;<em>El Pa\u00eds<\/em>&nbsp;ha despedido a su fundador y colaborador&nbsp;<strong>Fernando Savater<\/strong>, que llevaba 47 a\u00f1os firmando en la cabecera del grupo Prisa. El despido fulminante, que le ha sido comunicado por la directora del peri\u00f3dico,&nbsp;<strong>Pepa Bueno<\/strong>, se ha producido en la tarde de este lunes, y llega despu\u00e9s de que&nbsp;<a href=\"https:\/\/okdiario.com\/noticias\/fernando-savater\/\">el fil\u00f3sofo<\/a>&nbsp;haya venido vertiendo duras cr\u00edticas contra el Gobierno de Pedro S\u00e1nchez y contra la posici\u00f3n del propio peri\u00f3dico ante esa gesti\u00f3n, especialmente en su \u00faltimo libro,&nbsp;<em>Carne gobernada<\/em>.<\/p>\n\n\n\n<p>Fernando Savater, de 76 a\u00f1os, siempre se ha significado por su defensa de la libertad y de la unidad de la naci\u00f3n espa\u00f1ola, ideas por las que ha sido perseguido y amenazado de muerte por la banda terrorista ETA: vivi\u00f3 protegido por un escolta durante m\u00e1s de una d\u00e9cada, hasta el a\u00f1o 2011. Ha defendido sus ideas pol\u00edticas como fundador del partido UPyD y miembro de Ciudadanos y, como se mencion\u00f3, a trav\u00e9s de sus art\u00edculos en el diario&nbsp;<em>El Pa\u00eds<\/em>, donde ha publicado hasta la pasada semana.<\/p>\n\n\n\n<p>Ahora, la cabecera del grupo Prisa, que anta\u00f1o se calificaba a s\u00ed misma como el \u00abdiario independiente de la ma\u00f1ana\u00bb ha tomado la decisi\u00f3n de despedirle. Savater se hab\u00eda mostrado cr\u00edtico en las \u00faltimas horas con la l\u00ednea editorial de&nbsp;<em>El Pa\u00eds<\/em>, singularmente en su pr\u00f3ximo libro,&nbsp;<em>Carne gobernada<\/em>&nbsp;(editado por Ariel), donde asegura que \u00abEl Pa\u00eds se ha convertido en portavoz del peor Gobierno de la democracia\u00bb, y en una entrevista publicada por&nbsp;<em>El Mundo<\/em>&nbsp;este fin de semana. All\u00ed dijo que \u00abcreo que el peri\u00f3dico ha cambiado mucho, de haber sido un peri\u00f3dico cr\u00edtico, plural, a convertirse en un medio gubernamental abiertamente\u00bb, a\u00f1adiendo que tambi\u00e9n \u00e9l ha cambiado.about:blankCiudadanos de Baleares dedicaron casi la mitad de sus ingresos a comprar o alquilar una vivienda en 2023El cepillo de vapor m\u00e1s vendido de Amazon tiene descuentazo: \u00a1ll\u00e9vate el Rowenta Access Steam+ por 53\u20ac!Rosa D\u00edez denuncia la Ley de Amnist\u00eda en Europa: \u00abNo cabe esperar\u00bbChenoa, emocionada en \u2018OT 2023\u2019: dedica una canci\u00f3n de la Gala 8 a \u00c0lex CasademuntEl PSOE pacta con Junts reformar la ley de amnist\u00eda para los casos de terrorismo<\/p>\n\n\n\n<p>Savater, que presum\u00eda de que \u00aben este momento no hay nadie que escriba en\u00a0<em>El Pa\u00eds<\/em>\u00a0m\u00e1s antiguo que yo\u00bb, argumentaba en esa misma entrevista que \u00abel problema de Catalu\u00f1a ha sido decisivo. La entrada masiva en\u00a0<em>El Pa\u00eds<\/em>\u00a0de socialistas catalanes, y que poco a poco fueran apoder\u00e1ndose de los puestos importantes, ha sido un cambio fundamental. Tambi\u00e9n en el PSOE ha sido determinante la irrupci\u00f3n del socialismo catal\u00e1n. S\u00e1nchez es simplemente una antena parab\u00f3lica que capta lo que hay por ah\u00ed, lo que le conviene. Como no tiene unos principios, donde ha visto fuerza, que es en Catalu\u00f1a y en el sector radical de izquierda, ah\u00ed se ha apuntado. Miguel Barroso, que Dios tenga en su gloria, escrib\u00eda el editorial que quer\u00eda Pedro S\u00e1nchez. Lo que Pedro S\u00e1nchez tiene todav\u00eda confuso, ellos se lo ponen en claro en el editorial, se lo argumentan, para que sepa lo que tiene que decir\u00bb.<\/p>\n\n\n\n<p>Fuente: <a href=\"https:\/\/okdiario.com\/espana\/pais-despide-fernando-savater-llamar-diario-portavoz-del-peor-gobierno-democracia-12252302\">https:\/\/okdiario.com\/espana\/pais-despide-fernando-savater-llamar-diario-portavoz-del-peor-gobierno-democracia-12252302<\/a><\/p>\n","protected":false},"excerpt":{"rendered":"<p>RAFAEL GALLEGO \/ OK DIARIO El diario&nbsp;El Pa\u00eds&nbsp;ha despedido a su fundador y colaborador&nbsp;Fernando Savater, que llevaba 47 a\u00f1os firmando [&hellip;]<\/p>\n","protected":false},"author":1,"featured_media":66982,"comment_status":"open","ping_status":"open","sticky":false,"template":"","format":"standard","meta":{"site-sidebar-layout":"default","site-content-layout":"","ast-site-content-layout":"default","site-content-style":"default","site-sidebar-style":"default","ast-global-header-display":"","ast-banner-title-visibility":"","ast-main-header-display":"","ast-hfb-above-header-display":"","ast-hfb-below-header-display":"","ast-hfb-mobile-header-display":"","site-post-title":"","ast-breadcrumbs-content":"","ast-featured-img":"","footer-sml-layout":"","theme-transparent-header-meta":"","adv-header-id-meta":"","stick-header-meta":"","header-above-stick-meta":"","header-main-stick-meta":"","header-below-stick-meta":"","astra-migrate-meta-layouts":"default","ast-page-background-enabled":"default","ast-page-background-meta":{"desktop":{"background-color":"var(--ast-global-color-4)","background-image":"","background-repeat":"repeat","background-position":"center center","background-size":"auto","background-attachment":"scroll","background-type":"","background-media":"","overlay-type":"","overlay-color":"","overlay-opacity":"","overlay-gradient":""},"tablet":{"background-color":"","background-image":"","background-repeat":"repeat","background-position":"center center","background-size":"auto","background-attachment":"scroll","background-type":"","background-media":"","overlay-type":"","overlay-color":"","overlay-opacity":"","overlay-gradient":""},"mobile":{"background-color":"","background-image":"","background-repeat":"repeat","background-position":"center center","background-size":"auto","background-attachment":"scroll","background-type":"","background-media":"","overlay-type":"","overlay-color":"","overlay-opacity":"","overlay-gradient":""}},"ast-content-background-meta":{"desktop":{"background-color":"var(--ast-global-color-5)","background-image":"","background-repeat":"repeat","background-position":"center center","background-size":"auto","background-attachment":"scroll","background-type":"","background-media":"","overlay-type":"","overlay-color":"","overlay-opacity":"","overlay-gradient":""},"tablet":{"background-color":"var(--ast-global-color-5)","background-image":"","background-repeat":"repeat","background-position":"center center","background-size":"auto","background-attachment":"scroll","background-type":"","background-media":"","overlay-type":"","overlay-color":"","overlay-opacity":"","overlay-gradient":""},"mobile":{"background-color":"var(--ast-global-color-5)","background-image":"","background-repeat":"repeat","background-position":"center center","background-size":"auto","background-attachment":"scroll","background-type":"","background-media":"","overlay-type":"","overlay-color":"","overlay-opacity":"","overlay-gradient":""}},"footnotes":""},"categories":[8],"tags":[5273,1403,21760,16665,21761],"class_list":["post-66981","post","type-post","status-publish","format-standard","has-post-thumbnail","hentry","category-noticias","tag-el-pais","tag-fernando-savater","tag-grupo-prisa","tag-pedro-sanchez","tag-periodismo-critico-espana"],"_links":{"self":[{"href":"https:\/\/losperiodistas.com.mx\/portal\/wp-json\/wp\/v2\/posts\/66981","targetHints":{"allow":["GET"]}}],"collection":[{"href":"https:\/\/losperiodistas.com.mx\/portal\/wp-json\/wp\/v2\/posts"}],"about":[{"href":"https:\/\/losperiodistas.com.mx\/portal\/wp-json\/wp\/v2\/types\/post"}],"author":[{"embeddable":true,"href":"https:\/\/losperiodistas.com.mx\/portal\/wp-json\/wp\/v2\/users\/1"}],"replies":[{"embeddable":true,"href":"https:\/\/losperiodistas.com.mx\/portal\/wp-json\/wp\/v2\/comments?post=66981"}],"version-history":[{"count":1,"href":"https:\/\/losperiodistas.com.mx\/portal\/wp-json\/wp\/v2\/posts\/66981\/revisions"}],"predecessor-version":[{"id":66983,"href":"https:\/\/losperiodistas.com.mx\/portal\/wp-json\/wp\/v2\/posts\/66981\/revisions\/66983"}],"wp:featuredmedia":[{"embeddable":true,"href":"https:\/\/losperiodistas.com.mx\/portal\/wp-json\/wp\/v2\/media\/66982"}],"wp:attachment":[{"href":"https:\/\/losperiodistas.com.mx\/portal\/wp-json\/wp\/v2\/media?parent=66981"}],"wp:term":[{"taxonomy":"category","embeddable":true,"href":"https:\/\/losperiodistas.com.mx\/portal\/wp-json\/wp\/v2\/categories?post=66981"},{"taxonomy":"post_tag","embeddable":true,"href":"https:\/\/losperiodistas.com.mx\/portal\/wp-json\/wp\/v2\/tags?post=66981"}],"curies":[{"name":"wp","href":"https:\/\/api.w.org\/{rel}","templated":true}]}}