{"id":66978,"date":"2024-01-23T06:15:35","date_gmt":"2024-01-23T12:15:35","guid":{"rendered":"http:\/\/losperiodistas.com.mx\/portal\/?p=66978"},"modified":"2024-01-23T06:15:37","modified_gmt":"2024-01-23T12:15:37","slug":"opinion-lenin-vive-en-las-luchas-de-obreros-a-cordova","status":"publish","type":"post","link":"https:\/\/losperiodistas.com.mx\/portal\/opinion-lenin-vive-en-las-luchas-de-obreros-a-cordova\/","title":{"rendered":"Opini\u00f3n | Lenin vive en las luchas de obreros: A. C\u00f3rdova"},"content":{"rendered":"\n<p class=\"has-medium-font-size\">*Con arte y conferencia, Antorcha y 5 mil mexicanos le rindieron homenaje\u00a0<\/p>\n\n\n\n<figure class=\"wp-block-image size-large\"><img fetchpriority=\"high\" decoding=\"async\" width=\"1024\" height=\"576\" src=\"https:\/\/losperiodistas.com.mx\/portal\/wp-content\/uploads\/2024\/01\/CONFERENCIA-SOBRE-LENIN-1024x576.jpeg\" alt=\"\" class=\"wp-image-66979\" srcset=\"https:\/\/losperiodistas.com.mx\/portal\/wp-content\/uploads\/2024\/01\/CONFERENCIA-SOBRE-LENIN-1024x576.jpeg 1024w, https:\/\/losperiodistas.com.mx\/portal\/wp-content\/uploads\/2024\/01\/CONFERENCIA-SOBRE-LENIN-300x169.jpeg 300w, https:\/\/losperiodistas.com.mx\/portal\/wp-content\/uploads\/2024\/01\/CONFERENCIA-SOBRE-LENIN-768x432.jpeg 768w, https:\/\/losperiodistas.com.mx\/portal\/wp-content\/uploads\/2024\/01\/CONFERENCIA-SOBRE-LENIN-1536x864.jpeg 1536w, https:\/\/losperiodistas.com.mx\/portal\/wp-content\/uploads\/2024\/01\/CONFERENCIA-SOBRE-LENIN.jpeg 1600w\" sizes=\"(max-width: 1024px) 100vw, 1024px\" \/><\/figure>\n\n\n\n<p class=\"has-vivid-red-color has-text-color\" style=\"font-size:26px\"><strong><em>Por Ra\u00fal Torres Salmer\u00f3n<\/em><\/strong><\/p>\n\n\n\n<p>Aquiles C\u00f3rdova Mor\u00e1n, l\u00edder nacional del Movimiento Antorchista, al ofrecer la conferencia La Vigencia del Pensamiento de Lenin a 100 A\u00f1os de su Muerte, ante 5 mil personas congregadas en el Auditorio Metropolitano de la Ciudad de Puebla, expres\u00f3 las siguientes ideas:<\/p>\n\n\n\n<p>-El pensamiento y los ideales del revolucionario ruso, Vladimir Ilich, alias Lenin, siguen vigentes porque la tarea de la liberaci\u00f3n de los trabajadores del mundo a\u00fan est\u00e1 pendiente y porque las condiciones materiales de miseria y pobreza siguen existiendo y exigen un cambio que evite el hundimiento de la humanidad.<\/p>\n\n\n\n<p>-Se tiene que hacer mediante la construcci\u00f3n de un partido de nuevo tipo, que haga la Revoluci\u00f3n, entendida como el ascenso de los trabajadores al poder y se encamine al socialismo como nueva forma de gobernar al mundo.<\/p>\n\n\n\n<p>-Ese partido, con el tiempo puede eliminar la propiedad privada que es la verdadera causante de la pobreza y miseria de la humanidad. Por esa gu\u00eda y camino, el pensamiento de Lenin sigue m\u00e1s vigente y vivo.<\/p>\n\n\n\n<p>-Lenin denunci\u00f3 las injusticias en el peri\u00f3dico Iskra (La Chispa), adem\u00e1s de combatir al imperio zarista y a las desviaciones ideol\u00f3gicas que surgieron entre los revolucionarios rusos, fund\u00f3 un partido de nuevo tipo, de revolucionarios profesionales, lleg\u00f3 al poder y transform\u00f3 un pa\u00eds casi feudal en una potencia mundial cuyo impacto a\u00fan se siente en el mundo actual.<\/p>\n\n\n\n<p>-Lenin es el revolucionario m\u00e1s importante del siglo XX y quiz\u00e1s de toda la historia de la humanidad. A diferencia de Napole\u00f3n o Alejandro Magno que conquistaron grandes imperios por la v\u00eda armada, Lenin lo hace con su intelecto, con su estudio.<\/p>\n\n\n\n<p>-Resulta m\u00e1s afable para los pobres del mundo porque lo hace pr\u00e1cticamente sin disparar una sola bala. Gracias a \u00e9l fue que la Uni\u00f3n de Rep\u00fablicas Socialistas Sovi\u00e9ticas (URSS) pudo desarrollarse y hacerle frente posteriormente al fascismo, salvando a toda la humanidad.<\/p>\n\n\n\n<p>-Las guerras imperialistas contra los pueblos indefensos y el incremento de la pobreza&nbsp; son flagelos que azotan a las naciones. Hay una \u00e9poca de mucha riqueza donde cinco multimillonarios poseen cerca del 90 por ciento de la riqueza global y el 10 por ciento se reparte entre el resto de la poblaci\u00f3n.<\/p>\n\n\n\n<p>-Sin embargo, la gente no se da cuenta porque el capitalismo manipula y controla la mente de las masas para mantenerlas sometidas y no se rebelen contra la realidad de miseria, marginaci\u00f3n y desigualdad.<\/p>\n\n\n\n<p>-Por esas razones, los revolucionarios actuales tienen que aprender de Lenin, al que las masas siguieron porque construy\u00f3 un partido revolucionario al que entendieron y siguieron, tomaron el poder y construyeron una nueva sociedad.<\/p>\n\n\n\n<p>-Las ideas del revolucionario ruso se han visto reflejadas en otros pa\u00edses del mundo como China, quien actualmente se alza casi como la primera potencia del mundo, gobernado por un partido que sigue las ideas de Marx y Lenin. Es por ello que la propaganda de las grandes naciones imperialistas ha tratado de ocultar su legado y la vigencia de su pensamiento.<\/p>\n\n\n\n<p>C\u00f3rdova Mor\u00e1n al inicio de su conferencia dio cuenta de una minuciosa biograf\u00eda del revolucionario. El evento tuvo lugar el pasado domingo 21 de enero.<\/p>\n\n\n\n<p>Tras la conferencia, los Grupos Culturales del Movimiento Antorchista tambi\u00e9n recordaron a Lenin con la poes\u00eda coral A Lenin de Nicol\u00e1s Guill\u00e9n; las canciones Noches de Mosc\u00fa y Varshavianka y un ensamble folcl\u00f3rico con la Obertura 1812 de Piotr Ilich Tchaikovsky.<\/p>\n\n\n\n<p>En fin, como public\u00f3 la revista Crisis en mayo de 1973, por primera vez en espa\u00f1ol, el texto del \u00fanico poema escrito por Lenin (Rusia, 1870-1924), con la traducci\u00f3n de Waldo Rojas, quien utiliz\u00f3 la versi\u00f3n francesa de Gregoire Alexinsky. El largo texto no figura en las Obras Completas de Lenin. El poema fue escrito durante la primavera de 1907, en contra del Zar de Rusia. Una parte dice as\u00ed:<\/p>\n\n\n\n<p>Rosas rojas nacieron de la sangre ardiente,<\/p>\n\n\n\n<p>flores de p\u00farpura se abrieron,<\/p>\n\n\n\n<p>y sobre las tumbas olvidadas<\/p>\n\n\n\n<p>trenzaron coronas de gloria.<\/p>\n\n\n\n<p>Tras el carro de la Libertad,<\/p>\n\n\n\n<p>y blandiendo la Bandera Roja,<\/p>\n\n\n\n<p>flu\u00edan multitudes semejantes a r\u00edos,<\/p>\n\n\n\n<p>como el despertar de las aguas con la primavera.<\/p>\n\n\n\n<p>raultorress@hotmail.com<\/p>\n","protected":false},"excerpt":{"rendered":"<p>*Con arte y conferencia, Antorcha y 5 mil mexicanos le rindieron homenaje\u00a0 Por Ra\u00fal Torres Salmer\u00f3n Aquiles C\u00f3rdova Mor\u00e1n, l\u00edder [&hellip;]<\/p>\n","protected":false},"author":1,"featured_media":66979,"comment_status":"open","ping_status":"open","sticky":false,"template":"","format":"standard","meta":{"site-sidebar-layout":"default","site-content-layout":"","ast-site-content-layout":"default","site-content-style":"default","site-sidebar-style":"default","ast-global-header-display":"","ast-banner-title-visibility":"","ast-main-header-display":"","ast-hfb-above-header-display":"","ast-hfb-below-header-display":"","ast-hfb-mobile-header-display":"","site-post-title":"","ast-breadcrumbs-content":"","ast-featured-img":"","footer-sml-layout":"","theme-transparent-header-meta":"","adv-header-id-meta":"","stick-header-meta":"","header-above-stick-meta":"","header-main-stick-meta":"","header-below-stick-meta":"","astra-migrate-meta-layouts":"default","ast-page-background-enabled":"default","ast-page-background-meta":{"desktop":{"background-color":"var(--ast-global-color-4)","background-image":"","background-repeat":"repeat","background-position":"center center","background-size":"auto","background-attachment":"scroll","background-type":"","background-media":"","overlay-type":"","overlay-color":"","overlay-opacity":"","overlay-gradient":""},"tablet":{"background-color":"","background-image":"","background-repeat":"repeat","background-position":"center center","background-size":"auto","background-attachment":"scroll","background-type":"","background-media":"","overlay-type":"","overlay-color":"","overlay-opacity":"","overlay-gradient":""},"mobile":{"background-color":"","background-image":"","background-repeat":"repeat","background-position":"center center","background-size":"auto","background-attachment":"scroll","background-type":"","background-media":"","overlay-type":"","overlay-color":"","overlay-opacity":"","overlay-gradient":""}},"ast-content-background-meta":{"desktop":{"background-color":"var(--ast-global-color-5)","background-image":"","background-repeat":"repeat","background-position":"center center","background-size":"auto","background-attachment":"scroll","background-type":"","background-media":"","overlay-type":"","overlay-color":"","overlay-opacity":"","overlay-gradient":""},"tablet":{"background-color":"var(--ast-global-color-5)","background-image":"","background-repeat":"repeat","background-position":"center center","background-size":"auto","background-attachment":"scroll","background-type":"","background-media":"","overlay-type":"","overlay-color":"","overlay-opacity":"","overlay-gradient":""},"mobile":{"background-color":"var(--ast-global-color-5)","background-image":"","background-repeat":"repeat","background-position":"center center","background-size":"auto","background-attachment":"scroll","background-type":"","background-media":"","overlay-type":"","overlay-color":"","overlay-opacity":"","overlay-gradient":""}},"footnotes":""},"categories":[8,19],"tags":[8485,20629,21758],"class_list":["post-66978","post","type-post","status-publish","format-standard","has-post-thumbnail","hentry","category-noticias","category-sin-limites-2","tag-antorcha-campesina","tag-aquiles-cordova","tag-lenin"],"_links":{"self":[{"href":"https:\/\/losperiodistas.com.mx\/portal\/wp-json\/wp\/v2\/posts\/66978","targetHints":{"allow":["GET"]}}],"collection":[{"href":"https:\/\/losperiodistas.com.mx\/portal\/wp-json\/wp\/v2\/posts"}],"about":[{"href":"https:\/\/losperiodistas.com.mx\/portal\/wp-json\/wp\/v2\/types\/post"}],"author":[{"embeddable":true,"href":"https:\/\/losperiodistas.com.mx\/portal\/wp-json\/wp\/v2\/users\/1"}],"replies":[{"embeddable":true,"href":"https:\/\/losperiodistas.com.mx\/portal\/wp-json\/wp\/v2\/comments?post=66978"}],"version-history":[{"count":1,"href":"https:\/\/losperiodistas.com.mx\/portal\/wp-json\/wp\/v2\/posts\/66978\/revisions"}],"predecessor-version":[{"id":66980,"href":"https:\/\/losperiodistas.com.mx\/portal\/wp-json\/wp\/v2\/posts\/66978\/revisions\/66980"}],"wp:featuredmedia":[{"embeddable":true,"href":"https:\/\/losperiodistas.com.mx\/portal\/wp-json\/wp\/v2\/media\/66979"}],"wp:attachment":[{"href":"https:\/\/losperiodistas.com.mx\/portal\/wp-json\/wp\/v2\/media?parent=66978"}],"wp:term":[{"taxonomy":"category","embeddable":true,"href":"https:\/\/losperiodistas.com.mx\/portal\/wp-json\/wp\/v2\/categories?post=66978"},{"taxonomy":"post_tag","embeddable":true,"href":"https:\/\/losperiodistas.com.mx\/portal\/wp-json\/wp\/v2\/tags?post=66978"}],"curies":[{"name":"wp","href":"https:\/\/api.w.org\/{rel}","templated":true}]}}