{"id":66975,"date":"2024-01-23T06:03:26","date_gmt":"2024-01-23T12:03:26","guid":{"rendered":"http:\/\/losperiodistas.com.mx\/portal\/?p=66975"},"modified":"2024-01-23T06:03:28","modified_gmt":"2024-01-23T12:03:28","slug":"llega-la-jirafa-benito-a-su-nuevo-hogar-en-puebla-el-heraldo-de-mexico","status":"publish","type":"post","link":"https:\/\/losperiodistas.com.mx\/portal\/llega-la-jirafa-benito-a-su-nuevo-hogar-en-puebla-el-heraldo-de-mexico\/","title":{"rendered":"Llega la jirafa Benito a su nuevo hogar en Puebla | El Heraldo de M\u00e9xico"},"content":{"rendered":"\n<h2 class=\"has-medium-font-size wp-block-heading\">Luego de 30 horas de trayecto, la jirafa Benito lleg\u00f3 a su nuevo hogar en el parque Africam Safari de Valsequillo, Puebla<\/h2>\n\n\n\n<figure class=\"wp-block-image size-full\"><img fetchpriority=\"high\" decoding=\"async\" width=\"960\" height=\"540\" src=\"https:\/\/losperiodistas.com.mx\/portal\/wp-content\/uploads\/2024\/01\/f960x540-878974_953049_0.jpeg\" alt=\"\" class=\"wp-image-66976\" srcset=\"https:\/\/losperiodistas.com.mx\/portal\/wp-content\/uploads\/2024\/01\/f960x540-878974_953049_0.jpeg 960w, https:\/\/losperiodistas.com.mx\/portal\/wp-content\/uploads\/2024\/01\/f960x540-878974_953049_0-300x169.jpeg 300w, https:\/\/losperiodistas.com.mx\/portal\/wp-content\/uploads\/2024\/01\/f960x540-878974_953049_0-768x432.jpeg 768w\" sizes=\"(max-width: 960px) 100vw, 960px\" \/><figcaption><em>El convoy que traslad\u00f3 a Benito desde Ciudad Ju\u00e1rez lleg\u00f3 a Africam Safari a las 3:30.Cr\u00e9ditos: Especial<\/em><\/figcaption><\/figure>\n\n\n\n<p>JOS\u00c9 ARRIETA \/ EL HERALDO DE M\u00c9XICO<\/p>\n\n\n\n<p>Tras una traves\u00eda que lo llev\u00f3 desde el&nbsp;<strong>Parque Central<\/strong>&nbsp;en&nbsp;<strong>Ciudad Ju\u00e1rez<\/strong>&nbsp;hasta&nbsp;<strong>Africam Safari<\/strong>&nbsp;en&nbsp;<strong>Puebla<\/strong>, la jirafa Benito por fin lleg\u00f3 a su destino en una caravana que gener\u00f3 gran expectaci\u00f3n a su paso.<\/p>\n\n\n\n<p>Gracias a la movilizaci\u00f3n generada por grupos defensores de los\u00a0<strong>derechos de los animales<\/strong>\u00a0y organizaciones de la sociedad civil, Benito, quien hab\u00eda llegado al parque juarense para suplir a una jirafa que falleci\u00f3, llega a\u00a0<strong>Africam Safari<\/strong>, parque que tiene las condiciones necesarias para su subsistencia.<\/p>\n\n\n\n<p>Alrededor de las 1:30 horas de la madrugada de este 23 de enero, el convoy que trasladaba a&nbsp;<strong>Benito<\/strong>&nbsp;ingres\u00f3 a territorio poblano y casi dos horas despu\u00e9s, al filo de las 3:30, lleg\u00f3 a su destino final, en&nbsp;<strong>Valsequillo<\/strong>.<\/p>\n\n\n\n<p>\u201cDespu\u00e9s de much\u00edsimas horas de viaje, el equipo est\u00e1 bien tostado: estamos con hambre, cansados, pero ansioso de ver a\u00a0<strong>Benito<\/strong>\u00a0que baje, lo hemos estado revisando y est\u00e1 en perfecto estado.<\/p>\n\n\n\n<figure class=\"wp-block-embed is-type-rich is-provider-twitter wp-block-embed-twitter\"><div class=\"wp-block-embed__wrapper\">\n<blockquote class=\"twitter-tweet\" data-width=\"500\" data-dnt=\"true\"><p lang=\"es\" dir=\"ltr\">Despu\u00e9s de muchas horas  estamos a unos kil\u00f3metros de llegar a Africam. Emocionados de recibir a Benito \ud83e\udd92\u2728 <a href=\"https:\/\/t.co\/TwNP9DXGKj\">pic.twitter.com\/TwNP9DXGKj<\/a><\/p>&mdash; Africam Safari (@AfricamSafari) <a href=\"https:\/\/twitter.com\/AfricamSafari\/status\/1749723936894459972?ref_src=twsrc%5Etfw\">January 23, 2024<\/a><\/blockquote><script async src=\"https:\/\/platform.twitter.com\/widgets.js\" charset=\"utf-8\"><\/script>\n<\/div><\/figure>\n\n\n\n<p>\u201cHay tres equipos de personas de Africam: los que viajamos con la&nbsp;<strong>jirafa<\/strong>, los que nos recibieron ahorita para mover todos los cables que est\u00e1n bajos, van con unas&nbsp;<strong>p\u00e9rtigas<\/strong>&nbsp;y est\u00e1n levantando los cables que est\u00e1n bajitos en esta zona, y el tercer equipo que est\u00e1 all\u00e1 en Africam esper\u00e1ndonos preparando todo el espacio, la comida, todo el lugar donde va a llegar Benito para que est\u00e9 en buenas condiciones\u201d, relat\u00f3&nbsp;<strong>Frank Carlos Camacho<\/strong>, CEO de Africam Safari.<\/p>\n\n\n\n<p>Testigos presenciales relatan que incluso la ic\u00f3nica puerta de entrada al&nbsp;<strong>parque poblano<\/strong>&nbsp;tuvo que ser modificada para que entrara el veh\u00edculo que transport\u00f3 a Benito desde tierras chihuahuenses.<\/p>\n\n\n\n<h2 class=\"wp-block-heading\">Mantendr\u00e1n a Benito en cuarentena<\/h2>\n\n\n\n<p>Antes de reunirlo con las otras siete jirafas que ya viven en&nbsp;<strong>Africam Safari<\/strong>, Benito deber\u00e1 permanecer durante algunas horas en observaci\u00f3n y cuarentena, para evitar cualquier tipo de riesgo para su salud o la de sus nuevos vecinos.<\/p>\n\n\n\n<figure class=\"wp-block-image\"><img decoding=\"async\" src=\"https:\/\/heraldodemexico.com.mx\/u\/fotografias\/m\/2024\/1\/23\/f768x1-878975_879102_0.jpeg\" alt=\"\"\/><figcaption>Se prev\u00e9 que Benito est\u00e9 a la vista del p\u00fablico el pr\u00f3ximo fin de semana. Foto: Especial<\/figcaption><\/figure>\n\n\n\n<p>\u201cDepende de\u00a0<strong>Benito<\/strong>, de c\u00f3mo se comporte \u00e9l con el grupo de la manada. Nos importa m\u00e1s \u00e9l ahorita, que \u00e9l se pueda adaptar y que se sienta c\u00f3modo, pero yo creo que para el pr\u00f3ximo fin de semana es muy probable que ya est\u00e9 a la vista del p\u00fablico\u201d, a\u00f1adi\u00f3 Frank.<\/p>\n\n\n\n<p>Fuente: <a href=\"https:\/\/heraldodemexico.com.mx\/nacional\/2024\/1\/23\/llega-la-jirafa-benito-su-nuevo-hogar-en-puebla-571849.html\">https:\/\/heraldodemexico.com.mx\/nacional\/2024\/1\/23\/llega-la-jirafa-benito-su-nuevo-hogar-en-puebla-571849.html<\/a><\/p>\n","protected":false},"excerpt":{"rendered":"<p>Luego de 30 horas de trayecto, la jirafa Benito lleg\u00f3 a su nuevo hogar en el parque Africam Safari de [&hellip;]<\/p>\n","protected":false},"author":1,"featured_media":66976,"comment_status":"open","ping_status":"open","sticky":false,"template":"","format":"standard","meta":{"site-sidebar-layout":"default","site-content-layout":"","ast-site-content-layout":"default","site-content-style":"default","site-sidebar-style":"default","ast-global-header-display":"","ast-banner-title-visibility":"","ast-main-header-display":"","ast-hfb-above-header-display":"","ast-hfb-below-header-display":"","ast-hfb-mobile-header-display":"","site-post-title":"","ast-breadcrumbs-content":"","ast-featured-img":"","footer-sml-layout":"","theme-transparent-header-meta":"","adv-header-id-meta":"","stick-header-meta":"","header-above-stick-meta":"","header-main-stick-meta":"","header-below-stick-meta":"","astra-migrate-meta-layouts":"default","ast-page-background-enabled":"default","ast-page-background-meta":{"desktop":{"background-color":"var(--ast-global-color-4)","background-image":"","background-repeat":"repeat","background-position":"center center","background-size":"auto","background-attachment":"scroll","background-type":"","background-media":"","overlay-type":"","overlay-color":"","overlay-opacity":"","overlay-gradient":""},"tablet":{"background-color":"","background-image":"","background-repeat":"repeat","background-position":"center center","background-size":"auto","background-attachment":"scroll","background-type":"","background-media":"","overlay-type":"","overlay-color":"","overlay-opacity":"","overlay-gradient":""},"mobile":{"background-color":"","background-image":"","background-repeat":"repeat","background-position":"center center","background-size":"auto","background-attachment":"scroll","background-type":"","background-media":"","overlay-type":"","overlay-color":"","overlay-opacity":"","overlay-gradient":""}},"ast-content-background-meta":{"desktop":{"background-color":"var(--ast-global-color-5)","background-image":"","background-repeat":"repeat","background-position":"center center","background-size":"auto","background-attachment":"scroll","background-type":"","background-media":"","overlay-type":"","overlay-color":"","overlay-opacity":"","overlay-gradient":""},"tablet":{"background-color":"var(--ast-global-color-5)","background-image":"","background-repeat":"repeat","background-position":"center center","background-size":"auto","background-attachment":"scroll","background-type":"","background-media":"","overlay-type":"","overlay-color":"","overlay-opacity":"","overlay-gradient":""},"mobile":{"background-color":"var(--ast-global-color-5)","background-image":"","background-repeat":"repeat","background-position":"center center","background-size":"auto","background-attachment":"scroll","background-type":"","background-media":"","overlay-type":"","overlay-color":"","overlay-opacity":"","overlay-gradient":""}},"footnotes":""},"categories":[8],"tags":[21756,21757],"class_list":["post-66975","post","type-post","status-publish","format-standard","has-post-thumbnail","hentry","category-noticias","tag-africam-safari","tag-jirafa-benito"],"_links":{"self":[{"href":"https:\/\/losperiodistas.com.mx\/portal\/wp-json\/wp\/v2\/posts\/66975","targetHints":{"allow":["GET"]}}],"collection":[{"href":"https:\/\/losperiodistas.com.mx\/portal\/wp-json\/wp\/v2\/posts"}],"about":[{"href":"https:\/\/losperiodistas.com.mx\/portal\/wp-json\/wp\/v2\/types\/post"}],"author":[{"embeddable":true,"href":"https:\/\/losperiodistas.com.mx\/portal\/wp-json\/wp\/v2\/users\/1"}],"replies":[{"embeddable":true,"href":"https:\/\/losperiodistas.com.mx\/portal\/wp-json\/wp\/v2\/comments?post=66975"}],"version-history":[{"count":1,"href":"https:\/\/losperiodistas.com.mx\/portal\/wp-json\/wp\/v2\/posts\/66975\/revisions"}],"predecessor-version":[{"id":66977,"href":"https:\/\/losperiodistas.com.mx\/portal\/wp-json\/wp\/v2\/posts\/66975\/revisions\/66977"}],"wp:featuredmedia":[{"embeddable":true,"href":"https:\/\/losperiodistas.com.mx\/portal\/wp-json\/wp\/v2\/media\/66976"}],"wp:attachment":[{"href":"https:\/\/losperiodistas.com.mx\/portal\/wp-json\/wp\/v2\/media?parent=66975"}],"wp:term":[{"taxonomy":"category","embeddable":true,"href":"https:\/\/losperiodistas.com.mx\/portal\/wp-json\/wp\/v2\/categories?post=66975"},{"taxonomy":"post_tag","embeddable":true,"href":"https:\/\/losperiodistas.com.mx\/portal\/wp-json\/wp\/v2\/tags?post=66975"}],"curies":[{"name":"wp","href":"https:\/\/api.w.org\/{rel}","templated":true}]}}