{"id":66969,"date":"2024-01-23T05:48:07","date_gmt":"2024-01-23T11:48:07","guid":{"rendered":"http:\/\/losperiodistas.com.mx\/portal\/?p=66969"},"modified":"2024-01-23T05:48:09","modified_gmt":"2024-01-23T11:48:09","slug":"no-tienes-seguro-abren-registro-para-imss-bienestar-en-23-estados-sdp","status":"publish","type":"post","link":"https:\/\/losperiodistas.com.mx\/portal\/no-tienes-seguro-abren-registro-para-imss-bienestar-en-23-estados-sdp\/","title":{"rendered":"\u00bfNo tienes seguro? Abren registro para IMSS Bienestar en 23 estados | SDP"},"content":{"rendered":"\n<p class=\"has-light-green-cyan-background-color has-background has-medium-font-size\">\u00a1Que no se te pase! El IMSS Bienestar abri\u00f3 su registro en 23 estados para las personas que no tienen seguro social; ent\u00e9rate de c\u00f3mo podr\u00e1s afiliarte a la instituci\u00f3n de salud<\/p>\n\n\n\n<figure class=\"wp-block-image size-large\"><img fetchpriority=\"high\" decoding=\"async\" width=\"1024\" height=\"582\" src=\"https:\/\/losperiodistas.com.mx\/portal\/wp-content\/uploads\/2024\/01\/Captura-de-Pantalla-2024-01-23-a-las-5.42.37-1024x582.jpg\" alt=\"\" class=\"wp-image-66970\" srcset=\"https:\/\/losperiodistas.com.mx\/portal\/wp-content\/uploads\/2024\/01\/Captura-de-Pantalla-2024-01-23-a-las-5.42.37-1024x582.jpg 1024w, https:\/\/losperiodistas.com.mx\/portal\/wp-content\/uploads\/2024\/01\/Captura-de-Pantalla-2024-01-23-a-las-5.42.37-300x170.jpg 300w, https:\/\/losperiodistas.com.mx\/portal\/wp-content\/uploads\/2024\/01\/Captura-de-Pantalla-2024-01-23-a-las-5.42.37-768x436.jpg 768w, https:\/\/losperiodistas.com.mx\/portal\/wp-content\/uploads\/2024\/01\/Captura-de-Pantalla-2024-01-23-a-las-5.42.37.jpg 1274w\" sizes=\"(max-width: 1024px) 100vw, 1024px\" \/><figcaption><strong>SI NO CUENTAS CON SEGURO SOCIAL, EL IMSS BIENESTAR TIENE UNA OPCI\u00d3N PARA TI\u00a0<\/strong>(ADMINISTRADOR PRUEBA)<\/figcaption><\/figure>\n\n\n\n<p class=\"has-vivid-red-color has-text-color has-medium-font-size\"><strong>JAZM\u00cdN SERRANO TREJO<\/strong><\/p>\n\n\n\n<p>Si no cuentas con&nbsp;<strong>seguro social<\/strong>, ahora podr\u00e1s gozar de los&nbsp;<strong>servicios de salud&nbsp;<\/strong>por parte de las<a href=\"https:\/\/www.sdpnoticias.com\/mexico\/carlos-loret-de-mola-lanza-guerra-sucia-contra-zoe-robledo-por-supuesta-prenda-de-50-mil-pesos\/\" target=\"_blank\" rel=\"noreferrer noopener\">&nbsp;<strong>cl\u00ednicas del IMSS Bienestar<\/strong><\/a>; te damos a conocer los&nbsp;<strong>23 estados<\/strong>&nbsp;en los que se abri\u00f3 el registro.<\/p>\n\n\n\n<p>Lo anterior fue dado a conocer este lunes 22 de enero, por el director del Instituto Mexicano del Seguro Social (<strong>IMSS<\/strong>),&nbsp;<a href=\"https:\/\/www.sdpnoticias.com\/nacional\/director-robledo-nuevo-zoe.html\" target=\"_blank\" rel=\"noreferrer noopener\"><strong>Zo\u00e9 Robledo<\/strong><\/a>, a trav\u00e9s de un video publicado en su cuenta oficial de X.<\/p>\n\n\n\n<p>Cabe recordar que en octubre de 2023, el<strong>\u00a0IMSS Bienestar<\/strong>\u00a0firm\u00f3 con 23 estados de la Rep\u00fablica, el<strong>\u00a0Acuerdo Nacional para la Federalizaci\u00f3n del Sistema de Salud para el Bienestar.<\/strong><\/p>\n\n\n\n<p>De acuerdo con el gobierno federal, el convenio tuvo como objetivo \u201cconsolidar la operaci\u00f3n de un sistema de atenci\u00f3n m\u00e9dica&nbsp;<strong>\u00fanico, universal, p\u00fablico, gratuito<\/strong>&nbsp;y&nbsp;<strong>preventivo<\/strong>\u201d.<\/p>\n\n\n\n<p>As\u00ed que en caso de que no cuentes con seguro social, no te desanimes, pues te decimos c\u00f3mo inscribirte al IMSS-Bienestar, el cual fue desplegado en 23 estados.<\/p>\n\n\n\n<figure class=\"wp-block-image size-large\"><img decoding=\"async\" width=\"1024\" height=\"681\" src=\"https:\/\/losperiodistas.com.mx\/portal\/wp-content\/uploads\/2024\/01\/Captura-de-Pantalla-2024-01-23-a-las-5.45.52-1024x681.jpg\" alt=\"\" class=\"wp-image-66971\" srcset=\"https:\/\/losperiodistas.com.mx\/portal\/wp-content\/uploads\/2024\/01\/Captura-de-Pantalla-2024-01-23-a-las-5.45.52-1024x681.jpg 1024w, https:\/\/losperiodistas.com.mx\/portal\/wp-content\/uploads\/2024\/01\/Captura-de-Pantalla-2024-01-23-a-las-5.45.52-300x200.jpg 300w, https:\/\/losperiodistas.com.mx\/portal\/wp-content\/uploads\/2024\/01\/Captura-de-Pantalla-2024-01-23-a-las-5.45.52-768x511.jpg 768w, https:\/\/losperiodistas.com.mx\/portal\/wp-content\/uploads\/2024\/01\/Captura-de-Pantalla-2024-01-23-a-las-5.45.52.jpg 1278w\" sizes=\"(max-width: 1024px) 100vw, 1024px\" \/><figcaption><strong>CONOCE EL PROCESO PARA REGISTRARTE AL IMSS-BIENESTAR&nbsp;<\/strong>(PRESIDENCIA \/ PRESIDENCIA)<\/figcaption><\/figure>\n\n\n\n<h2 class=\"wp-block-heading\">\u00bfC\u00f3mo puedes registrarte al IMSS Bienestar?<\/h2>\n\n\n\n<p>El director del Instituto Mexicano del Seguro Social,&nbsp;<strong>Zo\u00e9 Robledo<\/strong>, revel\u00f3 que est\u00e1 a disposici\u00f3n de la poblaci\u00f3n mexicana que no cuenta con seguro, el&nbsp;<strong>registro<\/strong>&nbsp;para acceder a los&nbsp;<strong>beneficios de salud&nbsp;<\/strong>del IMSS Bienestar.<\/p>\n\n\n\n<p>Para ser beneficiario de este servicio, s\u00f3lo deber\u00e1s acceder a la p\u00e1gina de&nbsp;<strong>Registro IMSS Bienestar<\/strong>, donde tendr\u00e1s que dar clic a la opci\u00f3n de \u201crealiza tu registro aqu\u00ed\u201d.<\/p>\n\n\n\n<p>Una vez hecho lo anterior, tendr\u00e1s que llenar el\u00a0<strong>formulario<\/strong>\u00a0desplegado en el sitio web con tus siguientes\u00a0<strong>datos personales<\/strong>:<\/p>\n\n\n\n<ul class=\"wp-block-list\"><li>Nombre completo<\/li><li>Edad<\/li><li>Curp<\/li><li>Domicilio con c\u00f3digo postal<\/li><li>Datos de contacto como tel\u00e9fono<\/li><li>Correo electr\u00f3nico<\/li><li>Una foto digital reciente<\/li><\/ul>\n\n\n\n<p>La informaci\u00f3n anterior servir\u00e1 para que te sea entregada una&nbsp;<strong>credencial&nbsp;<\/strong>del IMSS-Bienestar, con la que podr\u00e1s&nbsp;<strong>acceder a los servicios de salud&nbsp;<\/strong>que estar\u00e1n presentes en&nbsp;<strong>23 estados del pa\u00eds.<\/strong><\/p>\n\n\n\n<p>De acuerdo con Zo\u00e9 Robledo, el tr\u00e1mite dirigido a las personas sin seguro social, se puede realizar a trav\u00e9s de&nbsp;<strong>cualquier dispositivo m\u00f3vil&nbsp;<\/strong>como&nbsp;<strong>celular o computadora.<\/strong><\/p>\n\n\n\n<p>Aunque si tienes alguna<strong>\u00a0duda\u00a0<\/strong>sobre c\u00f3mo realizar tu registro para afiliarte al IMSS Bienestar, podr\u00e1s<strong>\u00a0llamar al n\u00famero 800 76 78 527.<\/strong><\/p>\n\n\n\n<figure class=\"wp-block-embed is-type-rich is-provider-twitter wp-block-embed-twitter\"><div class=\"wp-block-embed__wrapper\">\nhttps:\/\/twitter.com\/zoerobledo\/status\/1749427403049341190?ref_src=twsrc%5Etfw%7Ctwcamp%5Etweetembed%7Ctwterm%5E1749427403049341190%7Ctwgr%5E48bdd8c8213dc467cda92167b91b0a35ed6547fe%7Ctwcon%5Es1_c10&#038;ref_url=https%3A%2F%2Fwww.sdpnoticias.com%2Fmexico%2Fno-tienes-seguro-abren-registro-para-imss-bienestar-en-23-estados%2F\n<\/div><\/figure>\n\n\n\n<h2 class=\"wp-block-heading\">Estos son los 23 estados en los que IMSS Bienestar abri\u00f3 su registro<\/h2>\n\n\n\n<p>Dicho proyecto busca atender y proveer con servicios de salud&nbsp;<strong>\u201cgratuitos y de calidad\u201d<\/strong>&nbsp;a&nbsp;<strong>m\u00e1s de 53 millones de personas<\/strong>, de acuerdo con Zo\u00e9 Robledo, por lo que estar\u00e1 presente en&nbsp;<strong>23 estados de M\u00e9xico.<\/strong><\/p>\n\n\n\n<p>\u201cCon IMSS Bienestar hay derecho a recibir atenci\u00f3n m\u00e9dica gratuita de calidad por le hecho de ser mexicanos. Medicamentos, consultas, cirug\u00edas, estudios de laboratorio (\u2026) hay que promover este registro\u201d, resalt\u00f3 el director del IMSS.<\/p>\n\n\n\n<p>Bajo este contexto, los ciudadanos que&nbsp;<strong>no cuenten con seguro social<\/strong>&nbsp;y que residan en los siguientes&nbsp;<strong>estados<\/strong>, podr\u00e1n ser parte del programa IMSS Bienestar:<\/p>\n\n\n\n<ul class=\"wp-block-list\"><li><\/li><li><\/li><li>Baja California<\/li><li>Baja California Sur<\/li><li>Campeche<\/li><li>Chiapas<\/li><li>Ciudad de M\u00e9xico (CDMX)<\/li><li>Colima<\/li><li>Estado de M\u00e9xico<\/li><li>Guerrero<\/li><li>Hidalgo<\/li><li>Michoac\u00e1n<\/li><li>Morelos<\/li><li>Nayarit<\/li><li>Oaxaca<\/li><li>Puebla<\/li><li>Quintana Roo<\/li><li>San Luis Potos\u00ed<\/li><li>Sinaloa<\/li><li>Sonora<\/li><li>Tabasco<\/li><li>Tamaulipas<\/li><li>Tlaxcala<\/li><li>Veracruz<\/li><li>Zacatecas<\/li><\/ul>\n\n\n\n<p>Fuente: <a href=\"https:\/\/www.sdpnoticias.com\/mexico\/no-tienes-seguro-abren-registro-para-imss-bienestar-en-23-estados\/\">https:\/\/www.sdpnoticias.com\/mexico\/no-tienes-seguro-abren-registro-para-imss-bienestar-en-23-estados\/<\/a><\/p>\n","protected":false},"excerpt":{"rendered":"<p>\u00a1Que no se te pase! El IMSS Bienestar abri\u00f3 su registro en 23 estados para las personas que no tienen [&hellip;]<\/p>\n","protected":false},"author":1,"featured_media":66970,"comment_status":"open","ping_status":"open","sticky":false,"template":"","format":"standard","meta":{"site-sidebar-layout":"default","site-content-layout":"","ast-site-content-layout":"default","site-content-style":"default","site-sidebar-style":"default","ast-global-header-display":"","ast-banner-title-visibility":"","ast-main-header-display":"","ast-hfb-above-header-display":"","ast-hfb-below-header-display":"","ast-hfb-mobile-header-display":"","site-post-title":"","ast-breadcrumbs-content":"","ast-featured-img":"","footer-sml-layout":"","theme-transparent-header-meta":"","adv-header-id-meta":"","stick-header-meta":"","header-above-stick-meta":"","header-main-stick-meta":"","header-below-stick-meta":"","astra-migrate-meta-layouts":"default","ast-page-background-enabled":"default","ast-page-background-meta":{"desktop":{"background-color":"var(--ast-global-color-4)","background-image":"","background-repeat":"repeat","background-position":"center center","background-size":"auto","background-attachment":"scroll","background-type":"","background-media":"","overlay-type":"","overlay-color":"","overlay-opacity":"","overlay-gradient":""},"tablet":{"background-color":"","background-image":"","background-repeat":"repeat","background-position":"center center","background-size":"auto","background-attachment":"scroll","background-type":"","background-media":"","overlay-type":"","overlay-color":"","overlay-opacity":"","overlay-gradient":""},"mobile":{"background-color":"","background-image":"","background-repeat":"repeat","background-position":"center center","background-size":"auto","background-attachment":"scroll","background-type":"","background-media":"","overlay-type":"","overlay-color":"","overlay-opacity":"","overlay-gradient":""}},"ast-content-background-meta":{"desktop":{"background-color":"var(--ast-global-color-5)","background-image":"","background-repeat":"repeat","background-position":"center center","background-size":"auto","background-attachment":"scroll","background-type":"","background-media":"","overlay-type":"","overlay-color":"","overlay-opacity":"","overlay-gradient":""},"tablet":{"background-color":"var(--ast-global-color-5)","background-image":"","background-repeat":"repeat","background-position":"center center","background-size":"auto","background-attachment":"scroll","background-type":"","background-media":"","overlay-type":"","overlay-color":"","overlay-opacity":"","overlay-gradient":""},"mobile":{"background-color":"var(--ast-global-color-5)","background-image":"","background-repeat":"repeat","background-position":"center center","background-size":"auto","background-attachment":"scroll","background-type":"","background-media":"","overlay-type":"","overlay-color":"","overlay-opacity":"","overlay-gradient":""}},"footnotes":""},"categories":[8],"tags":[21241],"class_list":["post-66969","post","type-post","status-publish","format-standard","has-post-thumbnail","hentry","category-noticias","tag-imss-bienestar-2"],"_links":{"self":[{"href":"https:\/\/losperiodistas.com.mx\/portal\/wp-json\/wp\/v2\/posts\/66969","targetHints":{"allow":["GET"]}}],"collection":[{"href":"https:\/\/losperiodistas.com.mx\/portal\/wp-json\/wp\/v2\/posts"}],"about":[{"href":"https:\/\/losperiodistas.com.mx\/portal\/wp-json\/wp\/v2\/types\/post"}],"author":[{"embeddable":true,"href":"https:\/\/losperiodistas.com.mx\/portal\/wp-json\/wp\/v2\/users\/1"}],"replies":[{"embeddable":true,"href":"https:\/\/losperiodistas.com.mx\/portal\/wp-json\/wp\/v2\/comments?post=66969"}],"version-history":[{"count":1,"href":"https:\/\/losperiodistas.com.mx\/portal\/wp-json\/wp\/v2\/posts\/66969\/revisions"}],"predecessor-version":[{"id":66972,"href":"https:\/\/losperiodistas.com.mx\/portal\/wp-json\/wp\/v2\/posts\/66969\/revisions\/66972"}],"wp:featuredmedia":[{"embeddable":true,"href":"https:\/\/losperiodistas.com.mx\/portal\/wp-json\/wp\/v2\/media\/66970"}],"wp:attachment":[{"href":"https:\/\/losperiodistas.com.mx\/portal\/wp-json\/wp\/v2\/media?parent=66969"}],"wp:term":[{"taxonomy":"category","embeddable":true,"href":"https:\/\/losperiodistas.com.mx\/portal\/wp-json\/wp\/v2\/categories?post=66969"},{"taxonomy":"post_tag","embeddable":true,"href":"https:\/\/losperiodistas.com.mx\/portal\/wp-json\/wp\/v2\/tags?post=66969"}],"curies":[{"name":"wp","href":"https:\/\/api.w.org\/{rel}","templated":true}]}}