{"id":66966,"date":"2024-01-23T04:06:21","date_gmt":"2024-01-23T10:06:21","guid":{"rendered":"http:\/\/losperiodistas.com.mx\/portal\/?p=66966"},"modified":"2024-01-23T05:06:47","modified_gmt":"2024-01-23T11:06:47","slug":"victoria-para-mexico-corte-de-eu-ordena-revisar-a-fondo-demanda-contra-fabricantes-de-armas-animal-politico","status":"publish","type":"post","link":"https:\/\/losperiodistas.com.mx\/portal\/victoria-para-mexico-corte-de-eu-ordena-revisar-a-fondo-demanda-contra-fabricantes-de-armas-animal-politico\/","title":{"rendered":"Victoria para M\u00e9xico: Corte de EU ordena revisar a fondo demanda contra fabricantes de armas | Animal Pol\u00edtico"},"content":{"rendered":"\n<p class=\"has-medium-font-size\">En 2021, M\u00e9xico interpuso una demanda contra los principales fabricantes de armas estadounidenses, a los que acus\u00f3 de \u201ccomercio negligente e il\u00edcito\u201d.<\/p>\n\n\n\n<figure class=\"wp-block-image size-large\"><img fetchpriority=\"high\" decoding=\"async\" width=\"1024\" height=\"578\" src=\"https:\/\/losperiodistas.com.mx\/portal\/wp-content\/uploads\/2024\/01\/Captura-de-pantalla-2024-01-23-a-las-5.01.09\u202fa.m.-1024x578.png\" alt=\"\" class=\"wp-image-66967\" srcset=\"https:\/\/losperiodistas.com.mx\/portal\/wp-content\/uploads\/2024\/01\/Captura-de-pantalla-2024-01-23-a-las-5.01.09\u202fa.m.-1024x578.png 1024w, https:\/\/losperiodistas.com.mx\/portal\/wp-content\/uploads\/2024\/01\/Captura-de-pantalla-2024-01-23-a-las-5.01.09\u202fa.m.-300x169.png 300w, https:\/\/losperiodistas.com.mx\/portal\/wp-content\/uploads\/2024\/01\/Captura-de-pantalla-2024-01-23-a-las-5.01.09\u202fa.m.-768x434.png 768w, https:\/\/losperiodistas.com.mx\/portal\/wp-content\/uploads\/2024\/01\/Captura-de-pantalla-2024-01-23-a-las-5.01.09\u202fa.m..png 1272w\" sizes=\"(max-width: 1024px) 100vw, 1024px\" \/><figcaption>Corte de EU le da la raz\u00f3n en demanda contra fabricantes de armas. Foto: AFPCorte de EU le da la raz\u00f3n en demanda contra fabricantes de armas. Foto: AFP<\/figcaption><\/figure>\n\n\n\n<p class=\"has-vivid-red-color has-text-color has-medium-font-size\"><strong>REDACCI\u00d3N ANIMAL POL\u00cdTICO<\/strong><\/p>\n\n\n\n<p>Una Corte de Apelaciones de&nbsp;<strong>Estados Unidos<\/strong>&nbsp;fall\u00f3 a favor de M\u00e9xico y orden\u00f3 revisar la demanda que present\u00f3 contra ocho&nbsp;<a href=\"https:\/\/animalpolitico.com\/politica\/mexico-fabricantes-armas-estados-unidos-apela-sentencia-boston\" target=\"_blank\" rel=\"noreferrer noopener\">fabricantes de&nbsp;<strong>armas<\/strong>,<\/a>&nbsp;inform\u00f3 la secretaria de Relaciones Exteriores, Alicia B\u00e1rcena.<\/p>\n\n\n\n<p>En 2021, durante su gesti\u00f3n como canciller, Marcelo Ebrard interpuso una demanda contra los principales fabricantes de armas estadounidenses, a los que acus\u00f3 de \u201ccomercio negligente e il\u00edcito\u201d.<\/p>\n\n\n\n<figure class=\"wp-block-image\" id=\"attachment_1361848\"><img decoding=\"async\" src=\"https:\/\/ap-cdn.sfo3.cdn.digitaloceanspaces.com\/uploads\/2024\/01\/mexico-demanda-trafico-armas.jpg\" alt=\"mexico demanda trafico armas\" class=\"wp-image-1361848\"\/><figcaption>Marcelo Ebrard celebra el fallo.<\/figcaption><\/figure>\n\n\n\n<p>La demanda fue presentada en la Corte de Distrito de Massachusetts, en Boston, en contra de los fabricantes Smith &amp; Wesson Brands Inc.; Barrett Firearms Manufacturing Inc.; Beretta USA Corp.; Beretta Holding S.P.A.; Century Internacional Arms Inc.; Colt\u2019s Manufacturing Company LLC; Glock Inc.; Glock Ges M.B.H.; Sturm, Ruger &amp; Co. Inc.; Witmer Public Safety Group Inc., y D\/B\/A Interstate Arms.<\/p>\n\n\n\n<p>En la demanda se indica que las empresas tienen la obligaci\u00f3n de cumplir con las leyes mexicanas y estadounidenses de importaci\u00f3n y exportaci\u00f3n y asegurarse que sus distribuidores no provean de armas a grupos de la&nbsp;<strong>delincuencia organizada.<\/strong><\/p>\n\n\n\n<p>Ent\u00e9rate:&nbsp;<a href=\"https:\/\/animalpolitico.com\/politica\/mexico-segunda-demanda-eu-trafico-armas-ebrard\" target=\"_blank\" rel=\"noreferrer noopener\">M\u00e9xico presentar\u00e1 segunda demanda en EU por tr\u00e1fico de armas y prestanombres<\/a><\/p>\n\n\n\n<p>En 2022, un juez federal concluy\u00f3 que las armer\u00edas ten\u00edan inmunidad bajo la ley por lo que no avanz\u00f3 la demanda.<\/p>\n\n\n\n<p>Ahora, la denuncia regresar\u00e1 a la corte federal de Boston, Massachussets, para seguir su procedimiento legal.<\/p>\n\n\n\n<h2 class=\"wp-block-heading\"><strong>\u201cSe avanza en la rendici\u00f3n de cuentas\u201d&nbsp;<\/strong><\/h2>\n\n\n\n<p><strong>Alejandro Celorio,<\/strong>&nbsp;consultor jur\u00eddico de la canciller\u00eda, destac\u00f3 que, con esta&nbsp;<a href=\"https:\/\/cases.justia.com\/federal\/appellate-courts\/ca1\/22-1823\/22-1823-2024-01-22.pdf?ts=1705960816\" target=\"_blank\" rel=\"noreferrer noopener\">resoluci\u00f3n,<\/a>&nbsp;se avanz\u00f3 en el objetivo de que rindan cuentas quienes comercian armas de fuego hacia nuestro pa\u00eds, afectado la paz y la seguridad de M\u00e9xico.<\/p>\n\n\n\n<p>\u201cDolorosamente, este esfuerzo no lograr\u00e1 devolvernos a las personas fallecidas o sanar las heridas. Lo que se logra es avanzar en la&nbsp;<strong>rendici\u00f3n de cuentas<\/strong>&nbsp;de&nbsp;<strong>quienes comercian con negligencia armas de fuego<\/strong>&nbsp;que vulneran la paz y la seguridad de nuestro pa\u00eds\u201d,&nbsp;<a href=\"https:\/\/twitter.com\/acelorioa?ref_src=twsrc%5Etfw%7Ctwcamp%5Etweetembed%7Ctwterm%5E1749561731762762232%7Ctwgr%5E5c1b0afc764e56f889cebeb110433419956a4987%7Ctwcon%5Es1_&amp;ref_url=https%3A%2F%2Fwww.milenio.com%2Fpolicia%2Feu-regresa-demanda-mexico-armerias-juez-federal\" target=\"_blank\" rel=\"noreferrer noopener\">sostuvo.<\/a><\/p>\n\n\n\n<p>Asimismo, el gobierno mexicano tiene un procedimiento ante la<strong>\u00a0Corte Interamericana de Derechos Humanos,<\/strong>\u00a0en la que si bien no se est\u00e1 llevando a las empresas de la industria de las armas a juicio ni al Gobierno de los Estados Unidos, s\u00ed se est\u00e1 solicitando una \u201copini\u00f3n consultiva\u201d para que la Corte Interamericana fije su postura.<\/p>\n\n\n\n<h2 class=\"wp-block-heading\">Sedena detecta tr\u00e1fico de armas de uso exclusivo del Ej\u00e9rcito de EU hacia M\u00e9xico<\/h2>\n\n\n\n<p>El gobierno de Estados Unidos revisar\u00e1 la informaci\u00f3n sobre el&nbsp;<strong>tr\u00e1fico de armas<\/strong>&nbsp;de<strong>&nbsp;uso exclusivo del Ej\u00e9rcito norteamericano<\/strong>&nbsp;a territorio mexicano, detectado por la Secretar\u00eda de la Defensa Nacional (Sedena).<\/p>\n\n\n\n<p>Ken Salazar, embajador de Estados Unidos en M\u00e9xico, dijo este 22 de enero que no ten\u00eda informaci\u00f3n de que eso estuviera pasando, pero que para la administraci\u00f3n de Joe Biden es una prioridad detener el flujo de armas ilegales a M\u00e9xico.<\/p>\n\n\n\n<p>\u201c<strong>Lo vamos a ver<\/strong>, estamos comprometidos a trabajar con Sedena y ver qu\u00e9 es lo que hay ah\u00ed\u201d, coment\u00f3 en conferencia de prensa.<\/p>\n\n\n\n<p>\u201cNosotros, de la parte de Estados Unidos, estamos poniendo much\u00edsimos m\u00e1s esfuerzos en la frontera entre Estados Unidos y M\u00e9xico, tratando de reducir el flujo de las armas que vienen de Estados Unidos a M\u00e9xico\u201d, sostuvo.<\/p>\n\n\n\n<figure class=\"wp-block-image\" id=\"attachment_1361852\"><img decoding=\"async\" src=\"https:\/\/ap-cdn.sfo3.cdn.digitaloceanspaces.com\/uploads\/2024\/01\/mexico-demanda-trafico-armas-2.jpg\" alt=\"mexico demanda trafico armas\" class=\"wp-image-1361852\"\/><figcaption>Ken Salazar, embajador de Estados Unidos en M\u00e9xicoKen Salazar, embajador de Estados Unidos en M\u00e9xico. Foto: Cuartoscuro Archivo.<\/figcaption><\/figure>\n\n\n\n<p>Por la ma\u00f1ana, la canciller Alicia B\u00e1rcena inform\u00f3 que la Sedena ha detectado el ingreso de armas de uso exclusivo del Ej\u00e9rcito estadounidense a M\u00e9xico, por lo que solicit\u00f3 una investigaci\u00f3n urgente.<\/p>\n\n\n\n<p>\u201cHay una cosa muy importante y es que la Secretar\u00eda de la Defensa alert\u00f3 a los Estados Unidos sobre armas que est\u00e1n entrando a M\u00e9xico que son de uso exclusivo del Ej\u00e9rcito estadounidense y es muy urgente que se haga una investigaci\u00f3n al respecto\u201d, dijo la canciller durante la conferencia matutina.<\/p>\n\n\n\n<figure class=\"wp-block-embed is-type-video is-provider-youtube wp-block-embed-youtube wp-embed-aspect-16-9 wp-has-aspect-ratio\"><div class=\"wp-block-embed__wrapper\">\n<iframe title=\"Avanza cooperaci\u00f3n entre M\u00e9xico y Estados Unidos para atender migraci\u00f3n; SRE presenta acuerdos\" width=\"500\" height=\"281\" src=\"https:\/\/www.youtube.com\/embed\/Rsbbp97EyZc?feature=oembed\" frameborder=\"0\" allow=\"accelerometer; autoplay; clipboard-write; encrypted-media; gyroscope; picture-in-picture; web-share\" referrerpolicy=\"strict-origin-when-cross-origin\" allowfullscreen><\/iframe>\n<\/div><\/figure>\n\n\n\n<p>Fuente: <a href=\"https:\/\/www.animalpolitico.com\/politica\/mexico-demanda-eu-fabricante-armas\">https:\/\/www.animalpolitico.com\/politica\/mexico-demanda-eu-fabricante-armas<\/a><\/p>\n","protected":false},"excerpt":{"rendered":"<p>En 2021, M\u00e9xico interpuso una demanda contra los principales fabricantes de armas estadounidenses, a los que acus\u00f3 de \u201ccomercio negligente [&hellip;]<\/p>\n","protected":false},"author":1,"featured_media":66967,"comment_status":"open","ping_status":"open","sticky":false,"template":"","format":"standard","meta":{"site-sidebar-layout":"default","site-content-layout":"","ast-site-content-layout":"default","site-content-style":"default","site-sidebar-style":"default","ast-global-header-display":"","ast-banner-title-visibility":"","ast-main-header-display":"","ast-hfb-above-header-display":"","ast-hfb-below-header-display":"","ast-hfb-mobile-header-display":"","site-post-title":"","ast-breadcrumbs-content":"","ast-featured-img":"","footer-sml-layout":"","theme-transparent-header-meta":"","adv-header-id-meta":"","stick-header-meta":"","header-above-stick-meta":"","header-main-stick-meta":"","header-below-stick-meta":"","astra-migrate-meta-layouts":"default","ast-page-background-enabled":"default","ast-page-background-meta":{"desktop":{"background-color":"var(--ast-global-color-4)","background-image":"","background-repeat":"repeat","background-position":"center center","background-size":"auto","background-attachment":"scroll","background-type":"","background-media":"","overlay-type":"","overlay-color":"","overlay-opacity":"","overlay-gradient":""},"tablet":{"background-color":"","background-image":"","background-repeat":"repeat","background-position":"center center","background-size":"auto","background-attachment":"scroll","background-type":"","background-media":"","overlay-type":"","overlay-color":"","overlay-opacity":"","overlay-gradient":""},"mobile":{"background-color":"","background-image":"","background-repeat":"repeat","background-position":"center center","background-size":"auto","background-attachment":"scroll","background-type":"","background-media":"","overlay-type":"","overlay-color":"","overlay-opacity":"","overlay-gradient":""}},"ast-content-background-meta":{"desktop":{"background-color":"var(--ast-global-color-5)","background-image":"","background-repeat":"repeat","background-position":"center center","background-size":"auto","background-attachment":"scroll","background-type":"","background-media":"","overlay-type":"","overlay-color":"","overlay-opacity":"","overlay-gradient":""},"tablet":{"background-color":"var(--ast-global-color-5)","background-image":"","background-repeat":"repeat","background-position":"center center","background-size":"auto","background-attachment":"scroll","background-type":"","background-media":"","overlay-type":"","overlay-color":"","overlay-opacity":"","overlay-gradient":""},"mobile":{"background-color":"var(--ast-global-color-5)","background-image":"","background-repeat":"repeat","background-position":"center center","background-size":"auto","background-attachment":"scroll","background-type":"","background-media":"","overlay-type":"","overlay-color":"","overlay-opacity":"","overlay-gradient":""}},"footnotes":""},"categories":[8],"tags":[21753,21754,19071],"class_list":["post-66966","post","type-post","status-publish","format-standard","has-post-thumbnail","hentry","category-noticias","tag-fabricantes-de-armas-eu","tag-mexico-gana-apelacion-por-venta-de-armas","tag-trafico-de-armas"],"_links":{"self":[{"href":"https:\/\/losperiodistas.com.mx\/portal\/wp-json\/wp\/v2\/posts\/66966","targetHints":{"allow":["GET"]}}],"collection":[{"href":"https:\/\/losperiodistas.com.mx\/portal\/wp-json\/wp\/v2\/posts"}],"about":[{"href":"https:\/\/losperiodistas.com.mx\/portal\/wp-json\/wp\/v2\/types\/post"}],"author":[{"embeddable":true,"href":"https:\/\/losperiodistas.com.mx\/portal\/wp-json\/wp\/v2\/users\/1"}],"replies":[{"embeddable":true,"href":"https:\/\/losperiodistas.com.mx\/portal\/wp-json\/wp\/v2\/comments?post=66966"}],"version-history":[{"count":1,"href":"https:\/\/losperiodistas.com.mx\/portal\/wp-json\/wp\/v2\/posts\/66966\/revisions"}],"predecessor-version":[{"id":66968,"href":"https:\/\/losperiodistas.com.mx\/portal\/wp-json\/wp\/v2\/posts\/66966\/revisions\/66968"}],"wp:featuredmedia":[{"embeddable":true,"href":"https:\/\/losperiodistas.com.mx\/portal\/wp-json\/wp\/v2\/media\/66967"}],"wp:attachment":[{"href":"https:\/\/losperiodistas.com.mx\/portal\/wp-json\/wp\/v2\/media?parent=66966"}],"wp:term":[{"taxonomy":"category","embeddable":true,"href":"https:\/\/losperiodistas.com.mx\/portal\/wp-json\/wp\/v2\/categories?post=66966"},{"taxonomy":"post_tag","embeddable":true,"href":"https:\/\/losperiodistas.com.mx\/portal\/wp-json\/wp\/v2\/tags?post=66966"}],"curies":[{"name":"wp","href":"https:\/\/api.w.org\/{rel}","templated":true}]}}