{"id":66954,"date":"2024-01-23T04:21:41","date_gmt":"2024-01-23T10:21:41","guid":{"rendered":"http:\/\/losperiodistas.com.mx\/portal\/?p=66954"},"modified":"2024-01-23T04:21:43","modified_gmt":"2024-01-23T10:21:43","slug":"trabajadores-de-audi-rechazan-aumento-del-5-huelga-en-pie-para-el-miercoles-e-consulta","status":"publish","type":"post","link":"https:\/\/losperiodistas.com.mx\/portal\/trabajadores-de-audi-rechazan-aumento-del-5-huelga-en-pie-para-el-miercoles-e-consulta\/","title":{"rendered":"Trabajadores de Audi rechazan aumento del 5%; huelga, en pie para el mi\u00e9rcoles | e-consulta"},"content":{"rendered":"\n<p class=\"has-medium-font-size\">Con el 93.4% de los votos en contra, el Sitaudi rechaz\u00f3 el incremento salarial propuesto por la empresa y reafirma que la huelga est\u00e1 programada para el 24 de enero<\/p>\n\n\n\n<figure class=\"wp-block-image size-full\"><img fetchpriority=\"high\" decoding=\"async\" width=\"640\" height=\"426\" src=\"https:\/\/losperiodistas.com.mx\/portal\/wp-content\/uploads\/2024\/01\/trabajadores_de_audi_rechazan_aumento_del_5_huelga_en_pie_para_el_miercoles.jpeg\" alt=\"\" class=\"wp-image-66955\" srcset=\"https:\/\/losperiodistas.com.mx\/portal\/wp-content\/uploads\/2024\/01\/trabajadores_de_audi_rechazan_aumento_del_5_huelga_en_pie_para_el_miercoles.jpeg 640w, https:\/\/losperiodistas.com.mx\/portal\/wp-content\/uploads\/2024\/01\/trabajadores_de_audi_rechazan_aumento_del_5_huelga_en_pie_para_el_miercoles-300x200.jpeg 300w\" sizes=\"(max-width: 640px) 100vw, 640px\" \/><\/figure>\n\n\n\n<p><\/p>\n\n\n\n<p class=\"has-vivid-red-color has-text-color has-medium-font-size\"><strong>FERNANDA POTENCIANO \/ E-CONSULTA<\/strong><\/p>\n\n\n\n<p>Los&nbsp;<strong>trabajadores sindicalizados de Audi<\/strong>&nbsp;votaron en contra del&nbsp;<strong>incremento salarial del 5%<\/strong>&nbsp;para el 2024 que propuso la empresa, as\u00ed se dio a conocer a trav\u00e9s de un comunicado a&nbsp;<strong>dos d\u00edas de que estalle la huelga<\/strong>.<\/p>\n\n\n\n<p>Este lunes el&nbsp;<strong>Sindicato Independiente de Trabajadores de Audi (Situadi)<\/strong>&nbsp;realiz\u00f3 una jornada de&nbsp;<a href=\"https:\/\/www.e-consulta.com\/nota\/2024-01-22\/economia\/sautam-califica-como-ilegal-votacion-para-el-incremento-salarial-en-audi\"><strong>votaci\u00f3n extraordinaria<\/strong><\/a>&nbsp;para someter a votaci\u00f3n la \u00faltima oferta contractual que les hizo la compa\u00f1\u00eda, la cual fue rechazada con m\u00e1s de 3 mil votos en contra.<\/p>\n\n\n\n<p>De acuerdo con&nbsp;<strong>C\u00e9sar Orta Briones, secretario general del Sitaudi<\/strong>, fueron emitidos en total 3 mil 307 votos, de los cuales el 93.4% vot\u00f3 en contra del incremento, una mayor\u00eda de 3 mil 90 trabajadores, y apenas 203, un 6.1%m a favor.<\/p>\n\n\n\n<figure class=\"wp-block-image\"><img decoding=\"async\" src=\"https:\/\/www.e-consulta.com\/_next\/image?url=https%3A%2F%2Ffotos.e-consulta.com%2Fsite_uploads%2F2024%2FEnero%2F1-trabajadores_de_audi_rechazan_aumento_del_5_huelga_en_pie_para_el_miercoles.jpg&amp;w=3840&amp;q=75\" alt=\"Trabajadores de Audi rechazan aumento del 5%; huelga, en pie para el mi\u00e9rcoles\"\/><\/figure>\n\n\n\n<p>Te puede interesar:<\/p>\n\n\n\n<p><a href=\"https:\/\/www.e-consulta.com\/nota\/2024-01-20\/economia\/huelga-en-audi-o-incremento-del-5-empleados-votaran-este-lunes\">Huelga en Audi o incremento del 5%; empleados votar\u00e1n este lunes<\/a><\/p>\n\n\n\n<p>En el comunicado tambi\u00e9n se constat\u00f3 que&nbsp;<strong>852 boletas no fueron utilizadas<\/strong>&nbsp;y otras 14 se tacharon como votos nulos; sin embargo, fueron pocos significativos y el veredicto fue el&nbsp;<strong>rechazo del sindicato contra la empresa<\/strong>.<\/p>\n\n\n\n<p>El&nbsp;<strong>estallamiento de huelga<\/strong>&nbsp;ser\u00e1 el mi\u00e9rcoles 24 de enero, as\u00ed lo dio a conocer el sindicato en pasados comunicados, pues esta se retras\u00f3 un mes para dar cabida a nuevas negociaciones.<\/p>\n\n\n\n<p>La&nbsp;<strong>oferta de incrementar s\u00f3lo un 5% tanto el salario como prestaciones<\/strong>&nbsp;por parte de la compa\u00f1\u00eda se realiz\u00f3 el lunes 16 de enero como \u00faltima carta para negociar con un sindicato, que pidi\u00f3 hasta un&nbsp;<strong>26.8%<\/strong>.<\/p>\n\n\n\n<p>En diciembre Audi propuso un\u00a0<strong>pago \u00fanico de 7 mil 464 pesos<\/strong>, posteriormente uno de 4.3% que al final alcanz\u00f3 el 5%; por su parte, el sindicato baj\u00f3 su pretensi\u00f3n hasta en un 20%. (MCJ)<\/p>\n\n\n\n<p>Fuente: <a href=\"https:\/\/www.e-consulta.com\/nota\/2024-01-22\/economia\/trabajadores-de-audi-rechazan-aumento-del-5-huelga-en-pie-para-el-miercoles\">https:\/\/www.e-consulta.com\/nota\/2024-01-22\/economia\/trabajadores-de-audi-rechazan-aumento-del-5-huelga-en-pie-para-el-miercoles<\/a><\/p>\n","protected":false},"excerpt":{"rendered":"<p>Con el 93.4% de los votos en contra, el Sitaudi rechaz\u00f3 el incremento salarial propuesto por la empresa y reafirma [&hellip;]<\/p>\n","protected":false},"author":1,"featured_media":66955,"comment_status":"open","ping_status":"open","sticky":false,"template":"","format":"standard","meta":{"site-sidebar-layout":"default","site-content-layout":"","ast-site-content-layout":"default","site-content-style":"default","site-sidebar-style":"default","ast-global-header-display":"","ast-banner-title-visibility":"","ast-main-header-display":"","ast-hfb-above-header-display":"","ast-hfb-below-header-display":"","ast-hfb-mobile-header-display":"","site-post-title":"","ast-breadcrumbs-content":"","ast-featured-img":"","footer-sml-layout":"","theme-transparent-header-meta":"","adv-header-id-meta":"","stick-header-meta":"","header-above-stick-meta":"","header-main-stick-meta":"","header-below-stick-meta":"","astra-migrate-meta-layouts":"default","ast-page-background-enabled":"default","ast-page-background-meta":{"desktop":{"background-color":"var(--ast-global-color-4)","background-image":"","background-repeat":"repeat","background-position":"center center","background-size":"auto","background-attachment":"scroll","background-type":"","background-media":"","overlay-type":"","overlay-color":"","overlay-opacity":"","overlay-gradient":""},"tablet":{"background-color":"","background-image":"","background-repeat":"repeat","background-position":"center center","background-size":"auto","background-attachment":"scroll","background-type":"","background-media":"","overlay-type":"","overlay-color":"","overlay-opacity":"","overlay-gradient":""},"mobile":{"background-color":"","background-image":"","background-repeat":"repeat","background-position":"center center","background-size":"auto","background-attachment":"scroll","background-type":"","background-media":"","overlay-type":"","overlay-color":"","overlay-opacity":"","overlay-gradient":""}},"ast-content-background-meta":{"desktop":{"background-color":"var(--ast-global-color-5)","background-image":"","background-repeat":"repeat","background-position":"center center","background-size":"auto","background-attachment":"scroll","background-type":"","background-media":"","overlay-type":"","overlay-color":"","overlay-opacity":"","overlay-gradient":""},"tablet":{"background-color":"var(--ast-global-color-5)","background-image":"","background-repeat":"repeat","background-position":"center center","background-size":"auto","background-attachment":"scroll","background-type":"","background-media":"","overlay-type":"","overlay-color":"","overlay-opacity":"","overlay-gradient":""},"mobile":{"background-color":"var(--ast-global-color-5)","background-image":"","background-repeat":"repeat","background-position":"center center","background-size":"auto","background-attachment":"scroll","background-type":"","background-media":"","overlay-type":"","overlay-color":"","overlay-opacity":"","overlay-gradient":""}},"footnotes":""},"categories":[8],"tags":[21743,21742],"class_list":["post-66954","post","type-post","status-publish","format-standard","has-post-thumbnail","hentry","category-noticias","tag-audi-huelga","tag-sitaudi"],"_links":{"self":[{"href":"https:\/\/losperiodistas.com.mx\/portal\/wp-json\/wp\/v2\/posts\/66954","targetHints":{"allow":["GET"]}}],"collection":[{"href":"https:\/\/losperiodistas.com.mx\/portal\/wp-json\/wp\/v2\/posts"}],"about":[{"href":"https:\/\/losperiodistas.com.mx\/portal\/wp-json\/wp\/v2\/types\/post"}],"author":[{"embeddable":true,"href":"https:\/\/losperiodistas.com.mx\/portal\/wp-json\/wp\/v2\/users\/1"}],"replies":[{"embeddable":true,"href":"https:\/\/losperiodistas.com.mx\/portal\/wp-json\/wp\/v2\/comments?post=66954"}],"version-history":[{"count":1,"href":"https:\/\/losperiodistas.com.mx\/portal\/wp-json\/wp\/v2\/posts\/66954\/revisions"}],"predecessor-version":[{"id":66956,"href":"https:\/\/losperiodistas.com.mx\/portal\/wp-json\/wp\/v2\/posts\/66954\/revisions\/66956"}],"wp:featuredmedia":[{"embeddable":true,"href":"https:\/\/losperiodistas.com.mx\/portal\/wp-json\/wp\/v2\/media\/66955"}],"wp:attachment":[{"href":"https:\/\/losperiodistas.com.mx\/portal\/wp-json\/wp\/v2\/media?parent=66954"}],"wp:term":[{"taxonomy":"category","embeddable":true,"href":"https:\/\/losperiodistas.com.mx\/portal\/wp-json\/wp\/v2\/categories?post=66954"},{"taxonomy":"post_tag","embeddable":true,"href":"https:\/\/losperiodistas.com.mx\/portal\/wp-json\/wp\/v2\/tags?post=66954"}],"curies":[{"name":"wp","href":"https:\/\/api.w.org\/{rel}","templated":true}]}}