{"id":66944,"date":"2024-01-22T19:14:41","date_gmt":"2024-01-23T01:14:41","guid":{"rendered":"http:\/\/losperiodistas.com.mx\/portal\/?p=66944"},"modified":"2024-01-22T19:14:43","modified_gmt":"2024-01-23T01:14:43","slug":"frida-escobedo-recibe-en-paris-el-premio-charlotte-perriand-a-su-trayectoria-la-lista","status":"publish","type":"post","link":"https:\/\/losperiodistas.com.mx\/portal\/frida-escobedo-recibe-en-paris-el-premio-charlotte-perriand-a-su-trayectoria-la-lista\/","title":{"rendered":"Frida Escobedo recibe en Par\u00eds el premio Charlotte Perriand a su trayectoria | La-Lista"},"content":{"rendered":"\n<p class=\"has-background has-medium-font-size\" style=\"background-color:#76f2dd\">Es la primera arquitecta mexicana que recibe este premio de la asociaci\u00f3n Createurs Design.<\/p>\n\n\n\n<figure class=\"wp-block-image size-large\"><img fetchpriority=\"high\" decoding=\"async\" width=\"1024\" height=\"631\" src=\"https:\/\/losperiodistas.com.mx\/portal\/wp-content\/uploads\/2024\/01\/frida_escobedo_premio_paris_charlotte_perriand_-1024x631.jpeg\" alt=\"\" class=\"wp-image-66945\" srcset=\"https:\/\/losperiodistas.com.mx\/portal\/wp-content\/uploads\/2024\/01\/frida_escobedo_premio_paris_charlotte_perriand_-1024x631.jpeg 1024w, https:\/\/losperiodistas.com.mx\/portal\/wp-content\/uploads\/2024\/01\/frida_escobedo_premio_paris_charlotte_perriand_-300x185.jpeg 300w, https:\/\/losperiodistas.com.mx\/portal\/wp-content\/uploads\/2024\/01\/frida_escobedo_premio_paris_charlotte_perriand_-768x473.jpeg 768w, https:\/\/losperiodistas.com.mx\/portal\/wp-content\/uploads\/2024\/01\/frida_escobedo_premio_paris_charlotte_perriand_.jpeg 1201w\" sizes=\"(max-width: 1024px) 100vw, 1024px\" \/><figcaption>Frida Escobedo recibe en Par\u00eds el premio Charlotte Perriand a su trayectoria. Foto: Arquina \/ Secretar\u00eda de Cultura<\/figcaption><\/figure>\n\n\n\n<p class=\"has-vivid-red-color has-text-color has-medium-font-size\"><strong>REDACCI\u00d3N LA-LISTA<\/strong><\/p>\n\n\n\n<p><strong>Frida Escobedo<\/strong>\u00a0recibi\u00f3 en Par\u00eds el\u00a0<strong>premio Charlotte Perriand\u00a0<\/strong>de la asociaci\u00f3n\u00a0<strong>\u2018Createurs Design\u2019\u00a0<\/strong>al conjunto de su trayectoria como creadora y profesora.<\/p>\n\n\n\n<p>La arquitecta mexicana afirm\u00f3 que este galard\u00f3n \u201ctiene un significado particular, debido a mi profunda admiraci\u00f3n por Charlotte Perriand\u00bb.<\/p>\n\n\n\n<p>No te pierdas:<a href=\"https:\/\/la-lista.com\/cultura\/2022\/03\/14\/la-arquitecta-mexicana-frida-escobedo-disenara-nuevo-espacio-del-met-de-nueva-york\">La arquitecta mexicana Frida Escobedo dise\u00f1ar\u00e1 nuevo espacio del Met de Nueva York<\/a><\/p>\n\n\n\n<p>Dado que Perriand fue \u201cuna mujer pionera\u201d, dedic\u00f3 el premio a \u201cotras mujeres pioneras que me han permitido llegar hasta aqu\u00ed\u201d.<\/p>\n\n\n\n<figure class=\"wp-block-image\"><img decoding=\"async\" src=\"https:\/\/i0.wp.com\/la-lista.com\/wp-content\/uploads\/2022\/03\/frida_escobedo_met_ny.jpg?resize=800%2C493&amp;ssl=1\" alt=\"Frida Escobedo recibe en Par\u00eds el premio Charlotte Perriand a su trayectoria - frida_escobedo_met_ny\" class=\"wp-image-155210\"\/><figcaption>Frida Escobedo es la primera arquitecta mexicana que recibe en Par\u00eds el premio Charlotte Perriand. Foto: Wikimedia Commons<\/figcaption><\/figure>\n\n\n\n<p>Los premios de la asociaci\u00f3n, entregados este a\u00f1o en Par\u00eds, galardonan cada a\u00f1o a figuras destacadas de la arquitectura, el dise\u00f1o, la fotograf\u00eda o el&nbsp;<strong>comisariado de exposiciones en 14 categor\u00edas<\/strong>.<\/p>\n\n\n\n<p>M\u00e9xico se llev\u00f3 otros dos premios, ya que&nbsp;<strong>Pabell\u00f3n de la Reserva<\/strong>, del estudio HEMAA, recibi\u00f3 el galard\u00f3n al mejor proyecto de arquitectura residencial.<\/p>\n\n\n\n<p>Adem\u00e1s,\u00a0<strong>H\u00e9ctor Esrawe\u00a0<\/strong>se llev\u00f3 el\u00a0<strong>reconocimiento al mejor dise\u00f1o para una serie limitada o a medida<\/strong>, por su colecci\u00f3n Frecuencia.<\/p>\n\n\n\n<p>No te pierdas:<a href=\"https:\/\/la-lista.com\/cultura\/2023\/03\/14\/las-joyas-cartier-de-maria-felix-se-exponen-en-el-museo-jumex\">Las ic\u00f3nicas joyas de Mar\u00eda F\u00e9lix se exponen en el Museo Jumex<\/a><\/p>\n\n\n\n<p>Nacida en Ciudad de M\u00e9xico hace 45 a\u00f1os, Frida Escobedo ha sido seleccionada para dise\u00f1ar el\u00a0<strong>nuevo pabell\u00f3n del Museo Metropolitano de Nueva York<\/strong>, la primera mujer que recibe un encargo similar de esta instituci\u00f3n.<\/p>\n\n\n\n<figure class=\"wp-block-image size-large\"><img decoding=\"async\" width=\"753\" height=\"1024\" src=\"https:\/\/losperiodistas.com.mx\/portal\/wp-content\/uploads\/2024\/01\/Captura-de-pantalla-2024-01-22-a-las-7.07.18\u202fp.m.-753x1024.png\" alt=\"\" class=\"wp-image-66946\" srcset=\"https:\/\/losperiodistas.com.mx\/portal\/wp-content\/uploads\/2024\/01\/Captura-de-pantalla-2024-01-22-a-las-7.07.18\u202fp.m.-753x1024.png 753w, https:\/\/losperiodistas.com.mx\/portal\/wp-content\/uploads\/2024\/01\/Captura-de-pantalla-2024-01-22-a-las-7.07.18\u202fp.m.-221x300.png 221w, https:\/\/losperiodistas.com.mx\/portal\/wp-content\/uploads\/2024\/01\/Captura-de-pantalla-2024-01-22-a-las-7.07.18\u202fp.m.-768x1045.png 768w, https:\/\/losperiodistas.com.mx\/portal\/wp-content\/uploads\/2024\/01\/Captura-de-pantalla-2024-01-22-a-las-7.07.18\u202fp.m..png 1072w\" sizes=\"(max-width: 753px) 100vw, 753px\" \/><figcaption><a href=\"https:\/\/www.instagram.com\/p\/CxIfR3hOhPa\/?utm_source=ig_web_copy_link\">VER EN INSTAGRAM<\/a><\/figcaption><\/figure>\n\n\n\n<p>Tambi\u00e9n autora de obras emblem\u00e1ticas como la \u2018Casa Negra\u2019 o la&nbsp;<strong>Librer\u00eda del Fondo Octavio Paz en la Ciudad de M\u00e9xico<\/strong>, cuenta con varios galardones y ha sido jurado en cert\u00e1menes de universidades estadounidenses y mexicanas.<\/p>\n\n\n\n<p>El premio a toda una trayectoria lleva el nombre de la arquitecta y dise\u00f1adora francesa Charlotte Perriand (1903-1999), una figura clave en la evoluci\u00f3n de muebles y otros objetos dom\u00e9sticos hacia un concepto integrado en la funcionalidad contempor\u00e1nea.<\/p>\n\n\n\n<p><em>Con informaci\u00f3n de EFE<\/em><\/p>\n\n\n\n<p>Fuente: <a href=\"https:\/\/la-lista.com\/cultura\/2024\/01\/22\/frida-escobedo-recibe-en-paris-el-premio-charlotte-perriand-a-su-trayectoria\">https:\/\/la-lista.com\/cultura\/2024\/01\/22\/frida-escobedo-recibe-en-paris-el-premio-charlotte-perriand-a-su-trayectoria<\/a><\/p>\n","protected":false},"excerpt":{"rendered":"<p>Es la primera arquitecta mexicana que recibe este premio de la asociaci\u00f3n Createurs Design. REDACCI\u00d3N LA-LISTA Frida Escobedo\u00a0recibi\u00f3 en Par\u00eds [&hellip;]<\/p>\n","protected":false},"author":1,"featured_media":66945,"comment_status":"open","ping_status":"open","sticky":false,"template":"","format":"standard","meta":{"site-sidebar-layout":"default","site-content-layout":"","ast-site-content-layout":"default","site-content-style":"default","site-sidebar-style":"default","ast-global-header-display":"","ast-banner-title-visibility":"","ast-main-header-display":"","ast-hfb-above-header-display":"","ast-hfb-below-header-display":"","ast-hfb-mobile-header-display":"","site-post-title":"","ast-breadcrumbs-content":"","ast-featured-img":"","footer-sml-layout":"","theme-transparent-header-meta":"","adv-header-id-meta":"","stick-header-meta":"","header-above-stick-meta":"","header-main-stick-meta":"","header-below-stick-meta":"","astra-migrate-meta-layouts":"default","ast-page-background-enabled":"default","ast-page-background-meta":{"desktop":{"background-color":"var(--ast-global-color-4)","background-image":"","background-repeat":"repeat","background-position":"center center","background-size":"auto","background-attachment":"scroll","background-type":"","background-media":"","overlay-type":"","overlay-color":"","overlay-opacity":"","overlay-gradient":""},"tablet":{"background-color":"","background-image":"","background-repeat":"repeat","background-position":"center center","background-size":"auto","background-attachment":"scroll","background-type":"","background-media":"","overlay-type":"","overlay-color":"","overlay-opacity":"","overlay-gradient":""},"mobile":{"background-color":"","background-image":"","background-repeat":"repeat","background-position":"center center","background-size":"auto","background-attachment":"scroll","background-type":"","background-media":"","overlay-type":"","overlay-color":"","overlay-opacity":"","overlay-gradient":""}},"ast-content-background-meta":{"desktop":{"background-color":"var(--ast-global-color-5)","background-image":"","background-repeat":"repeat","background-position":"center center","background-size":"auto","background-attachment":"scroll","background-type":"","background-media":"","overlay-type":"","overlay-color":"","overlay-opacity":"","overlay-gradient":""},"tablet":{"background-color":"var(--ast-global-color-5)","background-image":"","background-repeat":"repeat","background-position":"center center","background-size":"auto","background-attachment":"scroll","background-type":"","background-media":"","overlay-type":"","overlay-color":"","overlay-opacity":"","overlay-gradient":""},"mobile":{"background-color":"var(--ast-global-color-5)","background-image":"","background-repeat":"repeat","background-position":"center center","background-size":"auto","background-attachment":"scroll","background-type":"","background-media":"","overlay-type":"","overlay-color":"","overlay-opacity":"","overlay-gradient":""}},"footnotes":""},"categories":[8],"tags":[21737,21736,8732],"class_list":["post-66944","post","type-post","status-publish","format-standard","has-post-thumbnail","hentry","category-noticias","tag-arquiectura","tag-charlotte-perriand","tag-frida-escobedo"],"_links":{"self":[{"href":"https:\/\/losperiodistas.com.mx\/portal\/wp-json\/wp\/v2\/posts\/66944","targetHints":{"allow":["GET"]}}],"collection":[{"href":"https:\/\/losperiodistas.com.mx\/portal\/wp-json\/wp\/v2\/posts"}],"about":[{"href":"https:\/\/losperiodistas.com.mx\/portal\/wp-json\/wp\/v2\/types\/post"}],"author":[{"embeddable":true,"href":"https:\/\/losperiodistas.com.mx\/portal\/wp-json\/wp\/v2\/users\/1"}],"replies":[{"embeddable":true,"href":"https:\/\/losperiodistas.com.mx\/portal\/wp-json\/wp\/v2\/comments?post=66944"}],"version-history":[{"count":1,"href":"https:\/\/losperiodistas.com.mx\/portal\/wp-json\/wp\/v2\/posts\/66944\/revisions"}],"predecessor-version":[{"id":66949,"href":"https:\/\/losperiodistas.com.mx\/portal\/wp-json\/wp\/v2\/posts\/66944\/revisions\/66949"}],"wp:featuredmedia":[{"embeddable":true,"href":"https:\/\/losperiodistas.com.mx\/portal\/wp-json\/wp\/v2\/media\/66945"}],"wp:attachment":[{"href":"https:\/\/losperiodistas.com.mx\/portal\/wp-json\/wp\/v2\/media?parent=66944"}],"wp:term":[{"taxonomy":"category","embeddable":true,"href":"https:\/\/losperiodistas.com.mx\/portal\/wp-json\/wp\/v2\/categories?post=66944"},{"taxonomy":"post_tag","embeddable":true,"href":"https:\/\/losperiodistas.com.mx\/portal\/wp-json\/wp\/v2\/tags?post=66944"}],"curies":[{"name":"wp","href":"https:\/\/api.w.org\/{rel}","templated":true}]}}