{"id":66941,"date":"2024-01-22T19:00:39","date_gmt":"2024-01-23T01:00:39","guid":{"rendered":"http:\/\/losperiodistas.com.mx\/portal\/?p=66941"},"modified":"2024-01-22T19:00:40","modified_gmt":"2024-01-23T01:00:40","slug":"opinion-cuando-la-riqueza-se-concentra-un-espejo-a-la-desigualdad-global-y-un-llamado-a-la-accion","status":"publish","type":"post","link":"https:\/\/losperiodistas.com.mx\/portal\/opinion-cuando-la-riqueza-se-concentra-un-espejo-a-la-desigualdad-global-y-un-llamado-a-la-accion\/","title":{"rendered":"Opini\u00f3n | \u00abCuando la Riqueza se Concentra: Un Espejo a la Desigualdad Global y un Llamado a la Acci\u00f3n\u00bb"},"content":{"rendered":"\n<p class=\"has-vivid-red-color has-text-color\" style=\"font-size:26px\"><strong><em>Por Jos\u00e9 Ojeda Bustamante<\/em><\/strong><\/p>\n\n\n\n<p>@ojedapepe<\/p>\n\n\n\n<p>El reciente informe de Oxfam \u00abDesigualdad S.A.\u00bb publicado a principios de enero pinta un retrato alarmante de la econom\u00eda global: desde 2020, la riqueza de los cinco hombres m\u00e1s ricos del mundo se ha duplicado, mientras que la riqueza acumulada de unos 5000 millones de personas ha disminuido.&nbsp;<\/p>\n\n\n\n<p>Esta escalofriante estad\u00edstica es el punto de partida para explorar la creciente desigualdad a trav\u00e9s de las lentes de Thomas Piketty, Joseph Stiglitz y Amartya Sen. Tres te\u00f3ricos de la desigualdad que nos pueden brindar, desde las ant\u00edpodas, varias luces al respecto.<\/p>\n\n\n\n<p>Piketty, cuyo an\u00e1lisis se centra en la acumulaci\u00f3n de capital, interpretar\u00eda el informe como una evidencia clara de su teor\u00eda: la riqueza tiende a concentrarse en la c\u00faspide, dejando atr\u00e1s a la mayor\u00eda. Este fen\u00f3meno no es solo un n\u00famero en una p\u00e1gina, sino una realidad que afecta las vidas de miles de millones.<\/p>\n\n\n\n<p>Por su parte, Stiglitz, con su enfoque en la desigualdad y la globalizaci\u00f3n, se alarmar\u00eda por c\u00f3mo las pr\u00e1cticas corporativas est\u00e1n exacerbando estas diferencias.&nbsp;<\/p>\n\n\n\n<p>El informe resalta c\u00f3mo la reducci\u00f3n de salarios, la evasi\u00f3n de impuestos y la privatizaci\u00f3n de servicios p\u00fablicos contribuyen directamente a este problema. Estos actos no son solo decisiones empresariales, sino elecciones que tienen un impacto profundo en la estructura social y econ\u00f3mica y que se hacen patentes en el mundo occidental y se agravan a\u00fan m\u00e1s en democracias perezosas, o con debilidad institucional como el caso mexicano.<\/p>\n\n\n\n<p>Sen, conocido por su \u00e9nfasis en las capacidades humanas, destacar\u00eda de dicho informe las desigualdades de g\u00e9nero, raza y clase mencionadas. La explotaci\u00f3n en las cadenas de suministro globales y las brechas de riqueza y de ingresos no son solo estad\u00edsticas, sino reflejo de oportunidades perdidas y derechos negados.<\/p>\n\n\n\n<p>Frente a este escenario, el informe de Oxfam propone medidas concretas: regulaci\u00f3n efectiva del poder corporativo, impuestos m\u00e1s altos para los ricos y promoci\u00f3n de modelos de negocio equitativos.&nbsp;<\/p>\n\n\n\n<p>Estas recomendaciones resuenan con los llamados de Piketty y Stiglitz por pol\u00edticas que redistribuyan la riqueza y limiten el poder empresarial. Sin embargo, no se trata solo de pol\u00edticas econ\u00f3micas, sino de una reevaluaci\u00f3n moral de nuestras prioridades como sociedad.<\/p>\n\n\n\n<p>El papel de los gobiernos es crucial, pero no ser\u00eda ingenuo pensar que los millonarios o grandes corporativos no hacen nada para frenar posibles regulaciones a su poder\u00edo econ\u00f3mico.<\/p>\n\n\n\n<p>Sen subrayar\u00eda de esta manera la importancia de revitalizar el Estado para garantizar servicios p\u00fablicos que combatan la desigualdad y regulen el poder empresarial. La responsabilidad no recae \u00fanicamente en los pol\u00edticos; es un llamado a la acci\u00f3n para todos.<\/p>\n\n\n\n<p>En conclusi\u00f3n, \u00abDesigualdad S.A.\u00bb no es solo un informe; es un espejo de nuestra sociedad actual y un llamado urgente a la reflexi\u00f3n y acci\u00f3n.&nbsp;<\/p>\n\n\n\n<p>La desigualdad no es inevitable; es el resultado de decisiones humanas y tambi\u00e9n de grandes e importantes luchas pol\u00edticas. A trav\u00e9s de la sabidur\u00eda de Piketty, Stiglitz y Sen, vemos que hay caminos hacia un futuro m\u00e1s justo, pero que no se trata de un paseo de campo. Al contrario, es la historia de la desigualdad eterna del mundo.<\/p>\n\n\n\n<p>Como lectores, no solo debemos quedarnos pensativos, sino motivados a actuar para cambiar la narrativa de la desigualdad y sus brutales efectos en todos los habitantes de esta casa, llamada tierra. Desde las ant\u00edpodas nos abocaremos a la acci\u00f3n, una acci\u00f3n colectiva.<\/p>\n","protected":false},"excerpt":{"rendered":"<p>Por Jos\u00e9 Ojeda Bustamante @ojedapepe El reciente informe de Oxfam \u00abDesigualdad S.A.\u00bb publicado a principios de enero pinta un retrato [&hellip;]<\/p>\n","protected":false},"author":1,"featured_media":66942,"comment_status":"open","ping_status":"open","sticky":false,"template":"","format":"standard","meta":{"site-sidebar-layout":"default","site-content-layout":"","ast-site-content-layout":"default","site-content-style":"default","site-sidebar-style":"default","ast-global-header-display":"","ast-banner-title-visibility":"","ast-main-header-display":"","ast-hfb-above-header-display":"","ast-hfb-below-header-display":"","ast-hfb-mobile-header-display":"","site-post-title":"","ast-breadcrumbs-content":"","ast-featured-img":"","footer-sml-layout":"","theme-transparent-header-meta":"","adv-header-id-meta":"","stick-header-meta":"","header-above-stick-meta":"","header-main-stick-meta":"","header-below-stick-meta":"","astra-migrate-meta-layouts":"default","ast-page-background-enabled":"default","ast-page-background-meta":{"desktop":{"background-color":"var(--ast-global-color-4)","background-image":"","background-repeat":"repeat","background-position":"center center","background-size":"auto","background-attachment":"scroll","background-type":"","background-media":"","overlay-type":"","overlay-color":"","overlay-opacity":"","overlay-gradient":""},"tablet":{"background-color":"","background-image":"","background-repeat":"repeat","background-position":"center center","background-size":"auto","background-attachment":"scroll","background-type":"","background-media":"","overlay-type":"","overlay-color":"","overlay-opacity":"","overlay-gradient":""},"mobile":{"background-color":"","background-image":"","background-repeat":"repeat","background-position":"center center","background-size":"auto","background-attachment":"scroll","background-type":"","background-media":"","overlay-type":"","overlay-color":"","overlay-opacity":"","overlay-gradient":""}},"ast-content-background-meta":{"desktop":{"background-color":"var(--ast-global-color-5)","background-image":"","background-repeat":"repeat","background-position":"center center","background-size":"auto","background-attachment":"scroll","background-type":"","background-media":"","overlay-type":"","overlay-color":"","overlay-opacity":"","overlay-gradient":""},"tablet":{"background-color":"var(--ast-global-color-5)","background-image":"","background-repeat":"repeat","background-position":"center center","background-size":"auto","background-attachment":"scroll","background-type":"","background-media":"","overlay-type":"","overlay-color":"","overlay-opacity":"","overlay-gradient":""},"mobile":{"background-color":"var(--ast-global-color-5)","background-image":"","background-repeat":"repeat","background-position":"center center","background-size":"auto","background-attachment":"scroll","background-type":"","background-media":"","overlay-type":"","overlay-color":"","overlay-opacity":"","overlay-gradient":""}},"footnotes":""},"categories":[2043,8],"tags":[21735,21734,4852],"class_list":["post-66941","post","type-post","status-publish","format-standard","has-post-thumbnail","hentry","category-en-las-antipodas-2","category-noticias","tag-desigualdad-global","tag-desigualdad-s-a","tag-oxfam"],"_links":{"self":[{"href":"https:\/\/losperiodistas.com.mx\/portal\/wp-json\/wp\/v2\/posts\/66941","targetHints":{"allow":["GET"]}}],"collection":[{"href":"https:\/\/losperiodistas.com.mx\/portal\/wp-json\/wp\/v2\/posts"}],"about":[{"href":"https:\/\/losperiodistas.com.mx\/portal\/wp-json\/wp\/v2\/types\/post"}],"author":[{"embeddable":true,"href":"https:\/\/losperiodistas.com.mx\/portal\/wp-json\/wp\/v2\/users\/1"}],"replies":[{"embeddable":true,"href":"https:\/\/losperiodistas.com.mx\/portal\/wp-json\/wp\/v2\/comments?post=66941"}],"version-history":[{"count":1,"href":"https:\/\/losperiodistas.com.mx\/portal\/wp-json\/wp\/v2\/posts\/66941\/revisions"}],"predecessor-version":[{"id":66943,"href":"https:\/\/losperiodistas.com.mx\/portal\/wp-json\/wp\/v2\/posts\/66941\/revisions\/66943"}],"wp:featuredmedia":[{"embeddable":true,"href":"https:\/\/losperiodistas.com.mx\/portal\/wp-json\/wp\/v2\/media\/66942"}],"wp:attachment":[{"href":"https:\/\/losperiodistas.com.mx\/portal\/wp-json\/wp\/v2\/media?parent=66941"}],"wp:term":[{"taxonomy":"category","embeddable":true,"href":"https:\/\/losperiodistas.com.mx\/portal\/wp-json\/wp\/v2\/categories?post=66941"},{"taxonomy":"post_tag","embeddable":true,"href":"https:\/\/losperiodistas.com.mx\/portal\/wp-json\/wp\/v2\/tags?post=66941"}],"curies":[{"name":"wp","href":"https:\/\/api.w.org\/{rel}","templated":true}]}}