{"id":668,"date":"2020-10-29T08:51:18","date_gmt":"2020-10-29T14:51:18","guid":{"rendered":"http:\/\/losperiodistas.com.mx\/portal\/?p=668"},"modified":"2020-10-29T08:51:18","modified_gmt":"2020-10-29T14:51:18","slug":"ayuntamiento-de-puebla-pospone-tramites-de-cartilla-militar","status":"publish","type":"post","link":"https:\/\/losperiodistas.com.mx\/portal\/ayuntamiento-de-puebla-pospone-tramites-de-cartilla-militar\/","title":{"rendered":"Ayuntamiento de Puebla pospone tr\u00e1mites de Cartilla Militar"},"content":{"rendered":"\n<p><\/p>\n\n\n\n<p class=\"has-vivid-cyan-blue-color has-text-color has-medium-font-size\">REDACCI\u00d3N<\/p>\n\n\n\n<p>La Direcci\u00f3n de Asuntos Jur\u00eddicos de la Secretar\u00eda de Gobernaci\u00f3n, en coordinaci\u00f3n con la Junta Municipal de Reclutamiento informa que, derivado de las condiciones actuales de la pandemia provocada por el COVID-19, se pospone hasta nuevo aviso la entrega de la Cartilla del Servicio Militar Nacional no liberada.\u00a0Esta determinaci\u00f3n fue tomada por el bienestar de la juventud y adoptada toda vez que, mediante Decreto del Ejecutivo del Estado del 23 de octubre, se expidieron las medidas para evitar el rebrote del Virus SARS-CoV2 (COVID-19) en el estado de Puebla y se ratifican las dem\u00e1s disposiciones contenidas en los diversos Decretos y Acuerdos que en la materia se han expedido.\u00a0La SEGOM determin\u00f3 que los j\u00f3venes Clase 2002 y Remisos deber\u00e1n estar pendientes a trav\u00e9s de la p\u00e1gina www.pueblacapital.gob.mx y de las redes sociales de Gobernaci\u00f3n Municipal de las indicaciones que se determinen para continuar con dicho tr\u00e1mite.<\/p>\n\n\n\n<p>Fuente: http:\/\/www.pueblacapital.gob.mx\/noticias\/comunicados-de-prensa\/item\/14462-ayuntamiento-de-puebla-pospone-hasta-nuevo-aviso-tramite-de-la-cartilla-militar<\/p>\n","protected":false},"excerpt":{"rendered":"<p>REDACCI\u00d3N La Direcci\u00f3n de Asuntos Jur\u00eddicos de la Secretar\u00eda de Gobernaci\u00f3n, en coordinaci\u00f3n con la Junta Municipal de Reclutamiento informa [&hellip;]<\/p>\n","protected":false},"author":1,"featured_media":669,"comment_status":"open","ping_status":"open","sticky":false,"template":"","format":"standard","meta":{"site-sidebar-layout":"default","site-content-layout":"","ast-site-content-layout":"default","site-content-style":"default","site-sidebar-style":"default","ast-global-header-display":"","ast-banner-title-visibility":"","ast-main-header-display":"","ast-hfb-above-header-display":"","ast-hfb-below-header-display":"","ast-hfb-mobile-header-display":"","site-post-title":"","ast-breadcrumbs-content":"","ast-featured-img":"","footer-sml-layout":"","theme-transparent-header-meta":"","adv-header-id-meta":"","stick-header-meta":"","header-above-stick-meta":"","header-main-stick-meta":"","header-below-stick-meta":"","astra-migrate-meta-layouts":"default","ast-page-background-enabled":"default","ast-page-background-meta":{"desktop":{"background-color":"var(--ast-global-color-4)","background-image":"","background-repeat":"repeat","background-position":"center center","background-size":"auto","background-attachment":"scroll","background-type":"","background-media":"","overlay-type":"","overlay-color":"","overlay-opacity":"","overlay-gradient":""},"tablet":{"background-color":"","background-image":"","background-repeat":"repeat","background-position":"center center","background-size":"auto","background-attachment":"scroll","background-type":"","background-media":"","overlay-type":"","overlay-color":"","overlay-opacity":"","overlay-gradient":""},"mobile":{"background-color":"","background-image":"","background-repeat":"repeat","background-position":"center center","background-size":"auto","background-attachment":"scroll","background-type":"","background-media":"","overlay-type":"","overlay-color":"","overlay-opacity":"","overlay-gradient":""}},"ast-content-background-meta":{"desktop":{"background-color":"var(--ast-global-color-5)","background-image":"","background-repeat":"repeat","background-position":"center center","background-size":"auto","background-attachment":"scroll","background-type":"","background-media":"","overlay-type":"","overlay-color":"","overlay-opacity":"","overlay-gradient":""},"tablet":{"background-color":"var(--ast-global-color-5)","background-image":"","background-repeat":"repeat","background-position":"center center","background-size":"auto","background-attachment":"scroll","background-type":"","background-media":"","overlay-type":"","overlay-color":"","overlay-opacity":"","overlay-gradient":""},"mobile":{"background-color":"var(--ast-global-color-5)","background-image":"","background-repeat":"repeat","background-position":"center center","background-size":"auto","background-attachment":"scroll","background-type":"","background-media":"","overlay-type":"","overlay-color":"","overlay-opacity":"","overlay-gradient":""}},"footnotes":""},"categories":[8],"tags":[],"class_list":["post-668","post","type-post","status-publish","format-standard","has-post-thumbnail","hentry","category-noticias"],"_links":{"self":[{"href":"https:\/\/losperiodistas.com.mx\/portal\/wp-json\/wp\/v2\/posts\/668","targetHints":{"allow":["GET"]}}],"collection":[{"href":"https:\/\/losperiodistas.com.mx\/portal\/wp-json\/wp\/v2\/posts"}],"about":[{"href":"https:\/\/losperiodistas.com.mx\/portal\/wp-json\/wp\/v2\/types\/post"}],"author":[{"embeddable":true,"href":"https:\/\/losperiodistas.com.mx\/portal\/wp-json\/wp\/v2\/users\/1"}],"replies":[{"embeddable":true,"href":"https:\/\/losperiodistas.com.mx\/portal\/wp-json\/wp\/v2\/comments?post=668"}],"version-history":[{"count":1,"href":"https:\/\/losperiodistas.com.mx\/portal\/wp-json\/wp\/v2\/posts\/668\/revisions"}],"predecessor-version":[{"id":670,"href":"https:\/\/losperiodistas.com.mx\/portal\/wp-json\/wp\/v2\/posts\/668\/revisions\/670"}],"wp:featuredmedia":[{"embeddable":true,"href":"https:\/\/losperiodistas.com.mx\/portal\/wp-json\/wp\/v2\/media\/669"}],"wp:attachment":[{"href":"https:\/\/losperiodistas.com.mx\/portal\/wp-json\/wp\/v2\/media?parent=668"}],"wp:term":[{"taxonomy":"category","embeddable":true,"href":"https:\/\/losperiodistas.com.mx\/portal\/wp-json\/wp\/v2\/categories?post=668"},{"taxonomy":"post_tag","embeddable":true,"href":"https:\/\/losperiodistas.com.mx\/portal\/wp-json\/wp\/v2\/tags?post=668"}],"curies":[{"name":"wp","href":"https:\/\/api.w.org\/{rel}","templated":true}]}}