{"id":66629,"date":"2024-01-17T17:42:11","date_gmt":"2024-01-17T23:42:11","guid":{"rendered":"http:\/\/losperiodistas.com.mx\/portal\/?p=66629"},"modified":"2024-01-17T17:42:13","modified_gmt":"2024-01-17T23:42:13","slug":"opinion-no-bajemos-la-guardia-ante-el-covid-19","status":"publish","type":"post","link":"https:\/\/losperiodistas.com.mx\/portal\/opinion-no-bajemos-la-guardia-ante-el-covid-19\/","title":{"rendered":"Opini\u00f3n | No bajemos la guardia ante el COVID-19"},"content":{"rendered":"\n<p><\/p>\n\n\n\n<p class=\"has-vivid-red-color has-text-color\" style=\"font-size:26px\"><strong><em>Por Fernando Manzanilla Prieto<\/em><\/strong><\/p>\n\n\n\n<p>A casi cuatro a\u00f1os del inicio de la emergencia sanitaria por COVID-19 en M\u00e9xico, no podemos olvidar que la pandemia no ha terminado y sigue dejando estragos en la vida y, sobre todo, la salud de la poblaci\u00f3n a nivel mundial y de nuestro pa\u00eds, por lo que no debemos bajar la guardia.<\/p>\n\n\n\n<p>Fue la Organizaci\u00f3n Mundial de la Salud (OMS) la que hace unos d\u00edas inform\u00f3 que en diciembre de 2023 se registr\u00f3 un aumento en las hospitalizaciones globales a causa de este coronavirus, por lo que inst\u00f3 a los gobiernos a mantener la vigilancia y garantizar los tratamientos y vacunas contra el virus SARS-CoV-2.<\/p>\n\n\n\n<p>Sin embargo, esta nueva oleada de COVID-19 no es ajena a la carrera evolutiva que ha tenido el virus, debido a que ya desde hace varios meses se habla de una nueva subvariante conocida como \u201cJN.1 Pirola\u201d, la cual fue identificada en paralelo en Luxemburgo y Estados Unidos a finales de agosto de 2023. Desde esa fecha, ha incrementado su presencia en Europa y para mediados de diciembre fue detectada en China.<\/p>\n\n\n\n<p>La propia OMS clasific\u00f3 a JN.1 Pirola como una variante de inter\u00e9s, un apartado al que pertenecen aquellos grupos de linajes de SARS-CoV-2 cuyas caracter\u00edsticas tienen el potencial para aumentar la transmisibilidad o la gravedad de la enfermedad.<\/p>\n\n\n\n<p>Incluso, el Dr. Eric Feigl-Ding, epidemi\u00f3logo y economista de salud en la Escuela de Salud P\u00fablica de Harvard, as\u00ed como el Dr. Eric Topol, cient\u00edfico y fundador del <em>Cleveland Clinic Lerner College of Medicine,<\/em> coinciden en que estamos ante la segunda ola de infecci\u00f3n m\u00e1s grande de COVID.<\/p>\n\n\n\n<p>A ello se suman datos del cient\u00edfico JP Weiland, quien ha determinado que en la temporada navide\u00f1a en Estados Unidos, uno de cada 21 americanos ya estaban contagiados con esta nueva variante.<\/p>\n\n\n\n<p>Los investigadores han dicho que la velocidad a la que crece esta nueva cepa es una clara se\u00f1al de que desplazar\u00e1 a las otras variantes en circulaci\u00f3n y se convertir\u00e1 en el motor de un nuevo brote durante esta temporada invernal.<\/p>\n\n\n\n<p>Y es que no podemos olvidar que las \u00e9pocas de mayor fr\u00edo hay una mayor proliferaci\u00f3n de virus respiratorios e influenza, lo cual tambi\u00e9n complica la detecci\u00f3n oportuna de la sintomatolog\u00eda.<\/p>\n\n\n\n<p>Las autoridades sanitarias de nuestro pa\u00eds ya han dado cuenta del repunte de ocupaci\u00f3n de camas en las unidades m\u00e9dicas. Informaron que, con corte al 13 de enero, de un total de cinco mil 489 camas reportadas por las unidades para la atenci\u00f3n de pacientes con COVID, 183 camas generales y 25 ventiladores estaban ya ocupados.<\/p>\n\n\n\n<p>Esta nueva evidencia no debe causarnos p\u00e1nico, sino por el contrario, nos deben impulsar a reforzar las medidas preventivas de contagios o incluso a retomarlas. No olvidemos que ya hemos atravesado por estos mismos escenarios por cuatro a\u00f1os una y otra vez y sabemos c\u00f3mo actuar.<\/p>\n\n\n\n<p>El lavado de manos adecuado y regular es una de las medidas m\u00e1s simples y efectivas para prevenir la propagaci\u00f3n del virus. Se recomienda lavarse las manos con agua y jab\u00f3n durante al menos 20 segundos, especialmente despu\u00e9s de entrar en contacto con superficies de uso com\u00fan.<\/p>\n\n\n\n<p>El uso de cubrebocas es crucial para reducir la transmisi\u00f3n del virus, especialmente en lugares p\u00fablicos o cuando no es posible mantener el distanciamiento social. Es esencial utilizar mascarillas que cubran la nariz y la boca correctamente y reemplazarlas regularmente.<\/p>\n\n\n\n<p>Evitar aglomeraciones y reuniones en espacios cerrados ayuda a reducir el riesgo de contagio, adem\u00e1s de asegurar una buena ventilaci\u00f3n en espacios cerrados. Abrir ventanas y puertas para permitir la circulaci\u00f3n de aire fresco contribuye a disminuir la concentraci\u00f3n de part\u00edculas virales en el ambiente.<\/p>\n\n\n\n<p>Limpiar y desinfectar regularmente superficies de contacto frecuente, como manijas de puertas, interruptores de luz y dispositivos electr\u00f3nicos, ayuda a prevenir la propagaci\u00f3n del virus. El uso de desinfectantes aprobados por las autoridades de salud es fundamental.<\/p>\n\n\n\n<p>Aunado a ello, las personas que presentan s\u00edntomas de COVID-19 o han estado en contacto con alguien diagnosticado positivo deben seguir las pautas de autoaislamiento establecidas por las autoridades sanitarias. Esto ayuda a prevenir la transmisi\u00f3n a otras personas.<\/p>\n\n\n\n<p>As\u00ed que ante esta nueva oleada lo principal es no bajar la guardia, vacunarse y echar mano de todas las buenas pr\u00e1cticas aprendidas a lo largo de estos cuatro a\u00f1os en los que nos ha tocado convivir con el virus. La premisa sigue siendo el saber que evitar los contagios est\u00e1 en nuestras manos.<\/p>\n","protected":false},"excerpt":{"rendered":"<p>Por Fernando Manzanilla Prieto A casi cuatro a\u00f1os del inicio de la emergencia sanitaria por COVID-19 en M\u00e9xico, no podemos [&hellip;]<\/p>\n","protected":false},"author":1,"featured_media":66630,"comment_status":"open","ping_status":"open","sticky":false,"template":"","format":"standard","meta":{"site-sidebar-layout":"default","site-content-layout":"","ast-site-content-layout":"default","site-content-style":"default","site-sidebar-style":"default","ast-global-header-display":"","ast-banner-title-visibility":"","ast-main-header-display":"","ast-hfb-above-header-display":"","ast-hfb-below-header-display":"","ast-hfb-mobile-header-display":"","site-post-title":"","ast-breadcrumbs-content":"","ast-featured-img":"","footer-sml-layout":"","theme-transparent-header-meta":"","adv-header-id-meta":"","stick-header-meta":"","header-above-stick-meta":"","header-main-stick-meta":"","header-below-stick-meta":"","astra-migrate-meta-layouts":"default","ast-page-background-enabled":"default","ast-page-background-meta":{"desktop":{"background-color":"var(--ast-global-color-4)","background-image":"","background-repeat":"repeat","background-position":"center center","background-size":"auto","background-attachment":"scroll","background-type":"","background-media":"","overlay-type":"","overlay-color":"","overlay-opacity":"","overlay-gradient":""},"tablet":{"background-color":"","background-image":"","background-repeat":"repeat","background-position":"center center","background-size":"auto","background-attachment":"scroll","background-type":"","background-media":"","overlay-type":"","overlay-color":"","overlay-opacity":"","overlay-gradient":""},"mobile":{"background-color":"","background-image":"","background-repeat":"repeat","background-position":"center center","background-size":"auto","background-attachment":"scroll","background-type":"","background-media":"","overlay-type":"","overlay-color":"","overlay-opacity":"","overlay-gradient":""}},"ast-content-background-meta":{"desktop":{"background-color":"var(--ast-global-color-5)","background-image":"","background-repeat":"repeat","background-position":"center center","background-size":"auto","background-attachment":"scroll","background-type":"","background-media":"","overlay-type":"","overlay-color":"","overlay-opacity":"","overlay-gradient":""},"tablet":{"background-color":"var(--ast-global-color-5)","background-image":"","background-repeat":"repeat","background-position":"center center","background-size":"auto","background-attachment":"scroll","background-type":"","background-media":"","overlay-type":"","overlay-color":"","overlay-opacity":"","overlay-gradient":""},"mobile":{"background-color":"var(--ast-global-color-5)","background-image":"","background-repeat":"repeat","background-position":"center center","background-size":"auto","background-attachment":"scroll","background-type":"","background-media":"","overlay-type":"","overlay-color":"","overlay-opacity":"","overlay-gradient":""}},"footnotes":""},"categories":[24,8],"tags":[],"class_list":["post-66629","post","type-post","status-publish","format-standard","has-post-thumbnail","hentry","category-fernando-manzanilla","category-noticias"],"_links":{"self":[{"href":"https:\/\/losperiodistas.com.mx\/portal\/wp-json\/wp\/v2\/posts\/66629","targetHints":{"allow":["GET"]}}],"collection":[{"href":"https:\/\/losperiodistas.com.mx\/portal\/wp-json\/wp\/v2\/posts"}],"about":[{"href":"https:\/\/losperiodistas.com.mx\/portal\/wp-json\/wp\/v2\/types\/post"}],"author":[{"embeddable":true,"href":"https:\/\/losperiodistas.com.mx\/portal\/wp-json\/wp\/v2\/users\/1"}],"replies":[{"embeddable":true,"href":"https:\/\/losperiodistas.com.mx\/portal\/wp-json\/wp\/v2\/comments?post=66629"}],"version-history":[{"count":1,"href":"https:\/\/losperiodistas.com.mx\/portal\/wp-json\/wp\/v2\/posts\/66629\/revisions"}],"predecessor-version":[{"id":66631,"href":"https:\/\/losperiodistas.com.mx\/portal\/wp-json\/wp\/v2\/posts\/66629\/revisions\/66631"}],"wp:featuredmedia":[{"embeddable":true,"href":"https:\/\/losperiodistas.com.mx\/portal\/wp-json\/wp\/v2\/media\/66630"}],"wp:attachment":[{"href":"https:\/\/losperiodistas.com.mx\/portal\/wp-json\/wp\/v2\/media?parent=66629"}],"wp:term":[{"taxonomy":"category","embeddable":true,"href":"https:\/\/losperiodistas.com.mx\/portal\/wp-json\/wp\/v2\/categories?post=66629"},{"taxonomy":"post_tag","embeddable":true,"href":"https:\/\/losperiodistas.com.mx\/portal\/wp-json\/wp\/v2\/tags?post=66629"}],"curies":[{"name":"wp","href":"https:\/\/api.w.org\/{rel}","templated":true}]}}