{"id":66623,"date":"2024-01-17T15:43:46","date_gmt":"2024-01-17T21:43:46","guid":{"rendered":"http:\/\/losperiodistas.com.mx\/portal\/?p=66623"},"modified":"2024-01-17T17:42:56","modified_gmt":"2024-01-17T23:42:56","slug":"opinion-la-personalidad-politica","status":"publish","type":"post","link":"https:\/\/losperiodistas.com.mx\/portal\/opinion-la-personalidad-politica\/","title":{"rendered":"Opini\u00f3n | La personalidad pol\u00edtica"},"content":{"rendered":"\n<p class=\"has-vivid-red-color has-text-color\" style=\"font-size:26px\"><strong><em>Por Dr. Fidencio Aguilar V\u00edquez<\/em><\/strong><\/p>\n\n\n\n<p>Toda persona que aspire a un&nbsp;<strong>cargo de elecci\u00f3n popular<\/strong>&nbsp;ha de presentar ante los electores un conjunto de&nbsp;<strong>rasgos psicol\u00f3gicos<\/strong>&nbsp;que conforman lo que los consultores pol\u00edticos denominan&nbsp;<strong>\u00abpersonalidad pol\u00edtica\u00bb<\/strong>. Son rasgos que configuran en el&nbsp;<strong>imaginario electoral<\/strong>&nbsp;los principales atributos humanos con los cuales el elector com\u00fan puede identificarse y, de hecho, se identifica al decidir sobre el sentido de su voto. Tales atributos el aspirante busca encarnarlos en su persona y el elector los ve reflejados de una u otra forma en aqu\u00e9l.<\/p>\n\n\n\n<p>De ah\u00ed la necesidad que tiene ese (o esa) aspirante de generar o crear la&nbsp;<strong>imagen pol\u00edtica<\/strong>&nbsp;que, de alguna manera, espera el elector (o el electorado para referirnos al conjunto). C\u00f3mo se&nbsp;<strong>crea y se vende<\/strong>&nbsp;una&nbsp;<strong>imagen pol\u00edtica<\/strong>&nbsp;son las interrogantes que todo aspirante se pregunta y por las cuales est\u00e1 en la mayor disposici\u00f3n de invertir tiempo, dinero y esfuerzo. Con raz\u00f3n las precampa\u00f1as y campa\u00f1as electorales son tan costosas. No es un asunto s\u00f3lo de consultores, desde luego, sino de&nbsp;<strong>pol\u00edticos profesionales<\/strong>&nbsp;que saben en qu\u00e9 deben invertir.<\/p>\n\n\n\n<p>Por su parte, por muy profesional que sea un pol\u00edtico, o pol\u00edtica, aunque lleve a\u00f1os, incluso d\u00e9cadas en la din\u00e1mica pol\u00edtica, necesita de un equipo o grupo de&nbsp;<strong>asesores especialistas<\/strong>&nbsp;en crear esa imagen que presentar\u00e1 ante los electores. A veces la clave no est\u00e1 en dichos especialistas, sino en el mismo aspirante: \u00bfser\u00e1 capaz de encarnar y\/o proyectar esos&nbsp;<strong>atributos<\/strong>&nbsp;que esperan los electores? \u00bfCu\u00e1les son esos atributos que miran los electores para que, de alguna manera, perciban que ese&nbsp;<strong>aspirante<\/strong>&nbsp;puede&nbsp;<strong>resolver sus problemas<\/strong>?<\/p>\n\n\n\n<p>En otras palabras, de acuerdo a los electores, ese \u2014o esa\u2014 aspirante, \u00bfpodr\u00e1&nbsp;<strong>resolver&nbsp;<\/strong>los&nbsp;<strong>principales problemas<\/strong>&nbsp;del pa\u00eds, de la entidad o del municipio? \u00bfPodr\u00e1 resolver los conflictos en que se ven envueltos los habitantes de determinado lugar? Volviendo al n\u00facleo del asunto, ese \u2014o esa\u2014 aspirante, \u00bfqu\u00e9&nbsp;<strong>caracter\u00edsticas personales<\/strong>&nbsp;deber\u00e1 tener para hacerlo? Por ello, las aspirantes presidenciales se empe\u00f1an en mostrar algunos&nbsp;<strong>rasgos de personalidad<\/strong>&nbsp;que buscan convencer a la gente de que ellas saben y pueden hacerlo.<\/p>\n\n\n\n<p>Estoy hablando de&nbsp;<strong>electores en general<\/strong>, no de simpatizantes o militantes de partido que ya tienen definido el sentido de su voto, sin importar si sus precandidatos (as) tienen o no esas caracter\u00edsticas. Me refiero a los&nbsp;<strong>votantes&nbsp;<em>switchers<\/em><\/strong>&nbsp;que, en la mayor\u00eda de las contiendas, suelen definir el triunfo de quienes acceden a los mencionados cargos de elecci\u00f3n popular. En la mente de tales votantes pasan diversas im\u00e1genes de los aspirantes, los&nbsp;<strong>medios de comunicaci\u00f3n<\/strong>&nbsp;tienen una especial incidencia y deciden en momentos clave su voto.<\/p>\n\n\n\n<p>Diez consultores y consultoras de M\u00e9xico, Espa\u00f1a, Ecuador y Uruguay emiten una&nbsp;<strong>serie de rasgos&nbsp;<\/strong>de la<strong>&nbsp;personalidad<\/strong>&nbsp;de los aspirantes a cargos de elecci\u00f3n popular que m\u00e1s aprecian los electores, seg\u00fan la experiencia de elecciones en&nbsp;<strong>pa\u00edses iberoamericanos<\/strong>&nbsp;(1). Uno de ellos plantea un&nbsp;<strong><em>dec\u00e1logo<\/em>&nbsp;de rasgos<\/strong>&nbsp;que tiene que ver con saber dialogar, perseverar, tener contacto con los detalles de la vida diaria, ser solidario, tener esp\u00edritu de lucha, comprender a los dem\u00e1s, ser justo, sensato, tener ambici\u00f3n en sentido positivo y aspiracional, y ser eficaz para dar resultados (2).<\/p>\n\n\n\n<p>Empero, en conjunto, los especialistas plantean&nbsp;<strong>cinco atributos&nbsp;<\/strong>que valoran m\u00e1s los electores:&nbsp;<strong>a) Energ\u00eda<\/strong>, traducida en fuerza que muestra el aspirante: entusiasmo, determinaci\u00f3n, confianza, car\u00e1cter para emprender;&nbsp;<strong>b) Afabilidad<\/strong>, concretada en cordialidad, simpat\u00eda, autenticidad, lealtad, generosidad, altruismo y apoyo a los dem\u00e1s;&nbsp;<strong>c) Tes\u00f3n<\/strong>, expresado en constancia, perseverancia, eficiencia, credibilidad, responsabilidad;&nbsp;&nbsp;<strong>d) Estabilidad emocional<\/strong>&nbsp;(salud mental y equilibrio);&nbsp;<strong>e) Mente abierta<\/strong>.<\/p>\n\n\n\n<p>En un sentido de mayor simplificaci\u00f3n de la realidad (a final de cuentas, el elector simplifica demasiado), s\u00f3lo los&nbsp;<strong>dos primeros atributos<\/strong>&nbsp;resultan ser los<strong>&nbsp;relevantes<\/strong>&nbsp;para una adecuada percepci\u00f3n de los aspirantes, seg\u00fan los consultores y consultoras. El&nbsp;<strong><em>Big Five<\/em><\/strong>&nbsp;de los rasgos de personalidad psicol\u00f3gica se reduce al&nbsp;<strong><em>Big Two<\/em><\/strong>. Lo que esperan los electores es ver a aspirantes, que luego ser\u00e1n candidatos, con estas dos caracter\u00edsticas:&nbsp;<strong>energ\u00eda y afabilidad<\/strong>&nbsp;(3). El potencial elector mira esos rasgos porque los ve en s\u00ed mismo. Se proyecta.<\/p>\n\n\n\n<p>Esos rasgos, energ\u00eda y afabilidad, son una suerte de<strong>&nbsp;filtro<\/strong>&nbsp;bajo los cuales el&nbsp;<strong>potencial elector<\/strong>&nbsp;lee las circunstancias socio-pol\u00edticas, es decir, criba la informaci\u00f3n que le resulta importante y la que no. As\u00ed, pues, la energ\u00eda puede expresarse en entusiasmo y confianza. Si un \u2014o una\u2014 aspirante entusiasma y brinda confianza, tiene la mitad de su&nbsp;<strong>imagen pol\u00edtica<\/strong>&nbsp;permeando en el electorado. Si adem\u00e1s es cercano \u2014o cercana\u2014 a la gente, propio de la afabilidad, completa el circuito de una buena imagen pol\u00edtica:&nbsp;<strong>olor a pueblo<\/strong>.<\/p>\n\n\n\n<p>Adem\u00e1s de lo anterior, lo importante ser\u00eda que los \u2014o las\u2014 aspirantes no s\u00f3lo tuvieran una&nbsp;<strong>imagen pol\u00edtica artificial<\/strong>, sino que realmente lo fueran (que su imagen expresara lo que son en verdad). La imagen ser\u00eda la&nbsp;<strong>expresi\u00f3n<\/strong>&nbsp;de lo que en realidad son. El&nbsp;<strong>aparecer sigue al ser<\/strong>, se dice en filosof\u00eda. El elector, cuando descubre esas dos cualidades en un candidato, no s\u00f3lo decide por \u00e9ste, sino que se convence de que tal&nbsp;<strong>elecci\u00f3n<\/strong>&nbsp;<strong>es la correcta<\/strong>. La raz\u00f3n es que ha mirado en ese aspirante o candidato a un pol\u00edtico bueno, justo, moral y responsable.<\/p>\n\n\n\n<p>No es que el elector vea que la pol\u00edtica es as\u00ed (buena, justa, moral y responsable), pero en la elecci\u00f3n se imagina \u2014o se figura\u2014 que con&nbsp;<strong>su voto<\/strong>&nbsp;puede serlo, porque ha elegido a la persona adecuada. Por ello acude a las urnas, de lo contrario no lo har\u00eda. Claro que, m\u00e1s all\u00e1 del \u00e1mbito psicol\u00f3gico, hay otros aspectos en un proceso electoral: legales, objetivos, sociales, medi\u00e1ticos, culturales y del juego mismo democr\u00e1tico. Pero los contendientes, sus&nbsp;<strong>rasgos de personalidad<\/strong>, son tanto o m\u00e1s relevantes que los anteriores.<\/p>\n\n\n\n<p><strong>Post-facio<\/strong><\/p>\n\n\n\n<p>\u00bfQui\u00e9n entusiasma y genera mayor confianza,&nbsp;<strong>X\u00f3chitl o Claudia<\/strong>? \u00bfQui\u00e9n de ellas es m\u00e1s&nbsp;<strong>cercana a la gente<\/strong>&nbsp;y atiende a sus necesidades y problemas? Quien lo haga respecto a los&nbsp;<em>switchers<\/em>&nbsp;se abrir\u00e1 con mayor contundencia al triunfo. En el plano dom\u00e9stico,&nbsp;<strong>\u00bfLalo o Alejandro?&nbsp;<\/strong>\u00bfQui\u00e9n es m\u00e1s cercano a la gente? De acuerdo a su personalidad pol\u00edtica, \u00bfqui\u00e9n es m\u00e1s capaz para gobernar, precisamente porque tiene&nbsp;<strong>energ\u00eda y afabilidad<\/strong>?<\/p>\n\n\n\n<p><strong>Referencias<\/strong><br>(1) J. Santiago Barn\u00e9s, M. G. Ortega Jarr\u00edn y J. A. Carpio Garc\u00eda,&nbsp;<em>Consultor\u00eda pol\u00edtica<\/em>, Univesidad Camilo Jos\u00e9 Cel\u00e1\/ Centro Internacional de Gobierno y Marketing Pol\u00edtico, Madrid 2016, pp. 65-68.<br>(2) Se trata de J. Santiago Barn\u00e9s,&nbsp;<em>op. cit<\/em>., pp. 66-67.<br>(3) Cf.&nbsp;<em>Ib<\/em>., p. 68.<\/p>\n","protected":false},"excerpt":{"rendered":"<p>Por Dr. Fidencio Aguilar V\u00edquez Toda persona que aspire a un&nbsp;cargo de elecci\u00f3n popular&nbsp;ha de presentar ante los electores un [&hellip;]<\/p>\n","protected":false},"author":1,"featured_media":66216,"comment_status":"open","ping_status":"open","sticky":false,"template":"","format":"standard","meta":{"site-sidebar-layout":"default","site-content-layout":"","ast-site-content-layout":"default","site-content-style":"default","site-sidebar-style":"default","ast-global-header-display":"","ast-banner-title-visibility":"","ast-main-header-display":"","ast-hfb-above-header-display":"","ast-hfb-below-header-display":"","ast-hfb-mobile-header-display":"","site-post-title":"","ast-breadcrumbs-content":"","ast-featured-img":"","footer-sml-layout":"","theme-transparent-header-meta":"","adv-header-id-meta":"","stick-header-meta":"","header-above-stick-meta":"","header-main-stick-meta":"","header-below-stick-meta":"","astra-migrate-meta-layouts":"default","ast-page-background-enabled":"default","ast-page-background-meta":{"desktop":{"background-color":"var(--ast-global-color-4)","background-image":"","background-repeat":"repeat","background-position":"center center","background-size":"auto","background-attachment":"scroll","background-type":"","background-media":"","overlay-type":"","overlay-color":"","overlay-opacity":"","overlay-gradient":""},"tablet":{"background-color":"","background-image":"","background-repeat":"repeat","background-position":"center center","background-size":"auto","background-attachment":"scroll","background-type":"","background-media":"","overlay-type":"","overlay-color":"","overlay-opacity":"","overlay-gradient":""},"mobile":{"background-color":"","background-image":"","background-repeat":"repeat","background-position":"center center","background-size":"auto","background-attachment":"scroll","background-type":"","background-media":"","overlay-type":"","overlay-color":"","overlay-opacity":"","overlay-gradient":""}},"ast-content-background-meta":{"desktop":{"background-color":"var(--ast-global-color-5)","background-image":"","background-repeat":"repeat","background-position":"center center","background-size":"auto","background-attachment":"scroll","background-type":"","background-media":"","overlay-type":"","overlay-color":"","overlay-opacity":"","overlay-gradient":""},"tablet":{"background-color":"var(--ast-global-color-5)","background-image":"","background-repeat":"repeat","background-position":"center center","background-size":"auto","background-attachment":"scroll","background-type":"","background-media":"","overlay-type":"","overlay-color":"","overlay-opacity":"","overlay-gradient":""},"mobile":{"background-color":"var(--ast-global-color-5)","background-image":"","background-repeat":"repeat","background-position":"center center","background-size":"auto","background-attachment":"scroll","background-type":"","background-media":"","overlay-type":"","overlay-color":"","overlay-opacity":"","overlay-gradient":""}},"footnotes":""},"categories":[8,22],"tags":[3642,1505,1286,21626,14772],"class_list":["post-66623","post","type-post","status-publish","format-standard","has-post-thumbnail","hentry","category-noticias","category-opinion-invitada","tag-alejandro-armenta","tag-claudia-sheinbaum","tag-eduardo-rivera","tag-personalidad-politica","tag-xochitl-galvez"],"_links":{"self":[{"href":"https:\/\/losperiodistas.com.mx\/portal\/wp-json\/wp\/v2\/posts\/66623","targetHints":{"allow":["GET"]}}],"collection":[{"href":"https:\/\/losperiodistas.com.mx\/portal\/wp-json\/wp\/v2\/posts"}],"about":[{"href":"https:\/\/losperiodistas.com.mx\/portal\/wp-json\/wp\/v2\/types\/post"}],"author":[{"embeddable":true,"href":"https:\/\/losperiodistas.com.mx\/portal\/wp-json\/wp\/v2\/users\/1"}],"replies":[{"embeddable":true,"href":"https:\/\/losperiodistas.com.mx\/portal\/wp-json\/wp\/v2\/comments?post=66623"}],"version-history":[{"count":1,"href":"https:\/\/losperiodistas.com.mx\/portal\/wp-json\/wp\/v2\/posts\/66623\/revisions"}],"predecessor-version":[{"id":66625,"href":"https:\/\/losperiodistas.com.mx\/portal\/wp-json\/wp\/v2\/posts\/66623\/revisions\/66625"}],"wp:featuredmedia":[{"embeddable":true,"href":"https:\/\/losperiodistas.com.mx\/portal\/wp-json\/wp\/v2\/media\/66216"}],"wp:attachment":[{"href":"https:\/\/losperiodistas.com.mx\/portal\/wp-json\/wp\/v2\/media?parent=66623"}],"wp:term":[{"taxonomy":"category","embeddable":true,"href":"https:\/\/losperiodistas.com.mx\/portal\/wp-json\/wp\/v2\/categories?post=66623"},{"taxonomy":"post_tag","embeddable":true,"href":"https:\/\/losperiodistas.com.mx\/portal\/wp-json\/wp\/v2\/tags?post=66623"}],"curies":[{"name":"wp","href":"https:\/\/api.w.org\/{rel}","templated":true}]}}