{"id":66620,"date":"2024-01-17T15:25:29","date_gmt":"2024-01-17T21:25:29","guid":{"rendered":"http:\/\/losperiodistas.com.mx\/portal\/?p=66620"},"modified":"2024-01-17T17:39:32","modified_gmt":"2024-01-17T23:39:32","slug":"matan-a-tiros-al-fiscal-de-ecuador-que-investigaba-el-caso-del-asalto-a-un-canal-de-television-abc","status":"publish","type":"post","link":"https:\/\/losperiodistas.com.mx\/portal\/matan-a-tiros-al-fiscal-de-ecuador-que-investigaba-el-caso-del-asalto-a-un-canal-de-television-abc\/","title":{"rendered":"Matan a tiros al fiscal de Ecuador que investigaba el caso del asalto a un canal de televisi\u00f3n| ABC"},"content":{"rendered":"\n<h2 class=\"has-vivid-green-cyan-background-color has-background has-medium-font-size wp-block-heading\">C\u00e9sar Su\u00e1rez ha asido asesinado en el interior del veh\u00edculo en el que viajaba en Guayaquil<\/h2>\n\n\n\n<figure class=\"wp-block-image size-large is-style-default\"><img fetchpriority=\"high\" decoding=\"async\" width=\"1024\" height=\"717\" src=\"https:\/\/losperiodistas.com.mx\/portal\/wp-content\/uploads\/2024\/01\/cesar-suarez-kwLF-U601142666855maD-1200x840@abc-1024x717.jpg\" alt=\"\" class=\"wp-image-66621\" srcset=\"https:\/\/losperiodistas.com.mx\/portal\/wp-content\/uploads\/2024\/01\/cesar-suarez-kwLF-U601142666855maD-1200x840@abc-1024x717.jpg 1024w, https:\/\/losperiodistas.com.mx\/portal\/wp-content\/uploads\/2024\/01\/cesar-suarez-kwLF-U601142666855maD-1200x840@abc-300x210.jpg 300w, https:\/\/losperiodistas.com.mx\/portal\/wp-content\/uploads\/2024\/01\/cesar-suarez-kwLF-U601142666855maD-1200x840@abc-768x538.jpg 768w, https:\/\/losperiodistas.com.mx\/portal\/wp-content\/uploads\/2024\/01\/cesar-suarez-kwLF-U601142666855maD-1200x840@abc.jpg 1200w\" sizes=\"(max-width: 1024px) 100vw, 1024px\" \/><figcaption>FACEBOOK<\/figcaption><\/figure>\n\n\n\n<p class=\"has-vivid-red-color has-text-color has-medium-font-size\"><strong>REDACCI\u00d3N ABC<\/strong><\/p>\n\n\n\n<p>El asesinato del fiscal&nbsp;<strong>C\u00e9sar Su\u00e1rez Pilay<\/strong>, que investigaba el asalto terrorista a TC Televisi\u00f3n, este mi\u00e9rcoles por la tarde, mientras se trasladaba en un coche a una audiencia en una Unidad de Justicia, en&nbsp;<a href=\"https:\/\/www.abc.es\/internacional\/guayaquil-perla-pacifico-convertida-hub-droga-20240114052859-nt.html\">Guayaquil (Ecuador)<\/a>, ha causado estupor en el pa\u00eds porque el crimen organizado no se detiene y el reguero de sangre prosigue.<\/p>\n\n\n\n<p><a href=\"https:\/\/www.abc.es\/internacional\/encapuchados-armados-toman-canal-television-ecuador-transmision-20240109210956-nt.html\">El asalto al canal de televisi\u00f3n<\/a>, transmitido en directo, cuando en el pa\u00eds reg\u00eda el estado de excepci\u00f3n, llev\u00f3 a que el Gobierno de&nbsp;<strong>Daniel Noboa<\/strong><a href=\"https:\/\/www.abc.es\/internacional\/crimen-organizado-apoyado-carteles-mexicanos-incendia-ecuador-20240109210641-nt.html\">declarase \u00abconflicto armado interno\u00bb<\/a>&nbsp;en Ecuador, y ha propiciado la cuasi militarizaci\u00f3n del territorio nacional.<\/p>\n\n\n\n<p>El fiscal asesinado integraba la Unidad Nacional Especializada contra la Delincuencia Organizada y ten\u00eda a su cargo varios&nbsp;<strong>casos delicados vinculados a la corrupci\u00f3n<\/strong>&nbsp;como el del presunto peculado en el hospital Teodoro Maldonado Carbo del Instituto de Seguridad Social (IESS) en Guayaquil, en el que vincul\u00f3 a Daniel Salcedo que fue arrestado ayer en Panam\u00e1, por lo que la Corte Nacional de Justicia pidi\u00f3 su extradici\u00f3n. Se trata de un caso de corrupci\u00f3n hospitalaria que tambi\u00e9n involucra a personajes de la pol\u00edtica de esa ciudad.NOTICIA RELACIONADA<\/p>\n\n\n\n<figure class=\"wp-block-image is-style-default\"><a href=\"https:\/\/www.abc.es\/internacional\/crimen-organizado-apoyado-carteles-mexicanos-incendia-ecuador-20240109210641-nt.html#vca=modulo-rel-uno&amp;vso=abc&amp;vmc=noticias-rel&amp;vli=internacional\"><img decoding=\"async\" src=\"https:\/\/s2.abcstatics.com\/abc\/www\/multimedia\/internacional\/2024\/01\/09\/soldados-ecuador-U01531667603Wfb-366x256@abc.jpg\" alt=\"M\u00e1xima tensi\u00f3n en Ecuador: el presidente decreta \u00abconflicto armado interno\u00bb\"\/><\/a><\/figure>\n\n\n\n<h3 class=\"wp-block-heading\"><a href=\"https:\/\/www.abc.es\/internacional\/crimen-organizado-apoyado-carteles-mexicanos-incendia-ecuador-20240109210641-nt.html#vca=modulo-rel-uno&amp;vso=abc&amp;vmc=noticias-rel&amp;vli=internacional\">M\u00e1xima tensi\u00f3n en Ecuador: el presidente decreta \u00abconflicto armado interno\u00bb<\/a><\/h3>\n\n\n\n<p>THAL\u00cdA FLORES<\/p>\n\n\n\n<p>Daniel Noboa ordena al Ej\u00e9rcito que intervenga contra 22 grupos transnacionales terroristas apoyados por los c\u00e1rteles mexicanos de la droga<\/p>\n\n\n\n<p>Tambi\u00e9n llevaba adelante las investigaciones por una c<strong>olosal estafa&nbsp;<\/strong>por 900 millones d\u00f3lares a los fondos de pensi\u00f3n de la Seguridad de la Polic\u00eda (Ispol), en el que igualmente est\u00e1n involucrados personajes con nexos con partidos pol\u00edticos algunos de los cuales est\u00e1n&nbsp;<a href=\"https:\/\/www.abc.es\/internacional\/presidente-ecuador-ante-oleada-violencia-golpea-pais-20240110212240-nt.html\">pr\u00f3fugos<\/a>&nbsp;y son buscados por la Interpol.<\/p>\n\n\n\n<p>Al respecto, uno de los oficiales de la Polic\u00eda que denunci\u00f3 este caso, el coronel Renato Gonz\u00e1lez, en su cuenta de X (antes Twitter) expres\u00f3 su indignaci\u00f3n ante el vil asesinato del Dr. Su\u00e1rez, de quien dijo&nbsp;<strong>es uno de los pocos fiscales que con valent\u00eda y hero\u00edsmo<\/strong>&nbsp;avanz\u00f3 en las investigaciones del caso Ispol.<\/p>\n\n\n\n<p>La fiscal general del Estado, Diana Salazar, en un v\u00eddeo en las redes sociales lament\u00f3&nbsp;<a href=\"https:\/\/www.abc.es\/internacional\/noche-terror-ecuador-tras-fuga-capo-peligroso-20240109083248-nt.html\">el cobarde asesinato<\/a>&nbsp;y dijo que la delincuencia no les amedrentar\u00e1.<\/p>\n\n\n\n<p>Oriundo de Paj\u00e1n, provincia de Manab\u00ed, Su\u00e1rez Picay tuvo una&nbsp;<strong>dilatada trayectoria&nbsp;<\/strong>y ejerci\u00f3 la c\u00e1tedra universitaria.<\/p>\n\n\n\n<p>Fuente: <a href=\"https:\/\/www.abc.es\/internacional\/matan-tiros-fiscal-ecuador-investigaba-asalto-canal-20240117220958-nt.html\">https:\/\/www.abc.es\/internacional\/matan-tiros-fiscal-ecuador-investigaba-asalto-canal-20240117220958-nt.html<\/a><\/p>\n","protected":false},"excerpt":{"rendered":"<p>C\u00e9sar Su\u00e1rez ha asido asesinado en el interior del veh\u00edculo en el que viajaba en Guayaquil REDACCI\u00d3N ABC El asesinato [&hellip;]<\/p>\n","protected":false},"author":1,"featured_media":66621,"comment_status":"open","ping_status":"open","sticky":false,"template":"","format":"standard","meta":{"site-sidebar-layout":"default","site-content-layout":"","ast-site-content-layout":"default","site-content-style":"default","site-sidebar-style":"default","ast-global-header-display":"","ast-banner-title-visibility":"","ast-main-header-display":"","ast-hfb-above-header-display":"","ast-hfb-below-header-display":"","ast-hfb-mobile-header-display":"","site-post-title":"","ast-breadcrumbs-content":"","ast-featured-img":"","footer-sml-layout":"","theme-transparent-header-meta":"","adv-header-id-meta":"","stick-header-meta":"","header-above-stick-meta":"","header-main-stick-meta":"","header-below-stick-meta":"","astra-migrate-meta-layouts":"default","ast-page-background-enabled":"default","ast-page-background-meta":{"desktop":{"background-color":"var(--ast-global-color-4)","background-image":"","background-repeat":"repeat","background-position":"center center","background-size":"auto","background-attachment":"scroll","background-type":"","background-media":"","overlay-type":"","overlay-color":"","overlay-opacity":"","overlay-gradient":""},"tablet":{"background-color":"","background-image":"","background-repeat":"repeat","background-position":"center center","background-size":"auto","background-attachment":"scroll","background-type":"","background-media":"","overlay-type":"","overlay-color":"","overlay-opacity":"","overlay-gradient":""},"mobile":{"background-color":"","background-image":"","background-repeat":"repeat","background-position":"center center","background-size":"auto","background-attachment":"scroll","background-type":"","background-media":"","overlay-type":"","overlay-color":"","overlay-opacity":"","overlay-gradient":""}},"ast-content-background-meta":{"desktop":{"background-color":"var(--ast-global-color-5)","background-image":"","background-repeat":"repeat","background-position":"center center","background-size":"auto","background-attachment":"scroll","background-type":"","background-media":"","overlay-type":"","overlay-color":"","overlay-opacity":"","overlay-gradient":""},"tablet":{"background-color":"var(--ast-global-color-5)","background-image":"","background-repeat":"repeat","background-position":"center center","background-size":"auto","background-attachment":"scroll","background-type":"","background-media":"","overlay-type":"","overlay-color":"","overlay-opacity":"","overlay-gradient":""},"mobile":{"background-color":"var(--ast-global-color-5)","background-image":"","background-repeat":"repeat","background-position":"center center","background-size":"auto","background-attachment":"scroll","background-type":"","background-media":"","overlay-type":"","overlay-color":"","overlay-opacity":"","overlay-gradient":""}},"footnotes":""},"categories":[8],"tags":[21625,21624,4849],"class_list":["post-66620","post","type-post","status-publish","format-standard","has-post-thumbnail","hentry","category-noticias","tag-asesinado-fiscal-ecuador","tag-cesar-suarez-fiscal","tag-ecuador"],"_links":{"self":[{"href":"https:\/\/losperiodistas.com.mx\/portal\/wp-json\/wp\/v2\/posts\/66620","targetHints":{"allow":["GET"]}}],"collection":[{"href":"https:\/\/losperiodistas.com.mx\/portal\/wp-json\/wp\/v2\/posts"}],"about":[{"href":"https:\/\/losperiodistas.com.mx\/portal\/wp-json\/wp\/v2\/types\/post"}],"author":[{"embeddable":true,"href":"https:\/\/losperiodistas.com.mx\/portal\/wp-json\/wp\/v2\/users\/1"}],"replies":[{"embeddable":true,"href":"https:\/\/losperiodistas.com.mx\/portal\/wp-json\/wp\/v2\/comments?post=66620"}],"version-history":[{"count":2,"href":"https:\/\/losperiodistas.com.mx\/portal\/wp-json\/wp\/v2\/posts\/66620\/revisions"}],"predecessor-version":[{"id":66628,"href":"https:\/\/losperiodistas.com.mx\/portal\/wp-json\/wp\/v2\/posts\/66620\/revisions\/66628"}],"wp:featuredmedia":[{"embeddable":true,"href":"https:\/\/losperiodistas.com.mx\/portal\/wp-json\/wp\/v2\/media\/66621"}],"wp:attachment":[{"href":"https:\/\/losperiodistas.com.mx\/portal\/wp-json\/wp\/v2\/media?parent=66620"}],"wp:term":[{"taxonomy":"category","embeddable":true,"href":"https:\/\/losperiodistas.com.mx\/portal\/wp-json\/wp\/v2\/categories?post=66620"},{"taxonomy":"post_tag","embeddable":true,"href":"https:\/\/losperiodistas.com.mx\/portal\/wp-json\/wp\/v2\/tags?post=66620"}],"curies":[{"name":"wp","href":"https:\/\/api.w.org\/{rel}","templated":true}]}}