{"id":66614,"date":"2024-01-17T14:51:26","date_gmt":"2024-01-17T20:51:26","guid":{"rendered":"http:\/\/losperiodistas.com.mx\/portal\/?p=66614"},"modified":"2024-01-17T14:51:27","modified_gmt":"2024-01-17T20:51:27","slug":"mexico-retira-su-candidatura-para-los-juegos-olimpicos-2036-dw","status":"publish","type":"post","link":"https:\/\/losperiodistas.com.mx\/portal\/mexico-retira-su-candidatura-para-los-juegos-olimpicos-2036-dw\/","title":{"rendered":"M\u00e9xico retira su candidatura para los Juegos Ol\u00edmpicos 2036 | DW"},"content":{"rendered":"\n<p class=\"has-light-green-cyan-background-color has-background has-medium-font-size\">Tras el anunciado del Comit\u00e9 Ol\u00edmpico Mexicano quedan en pie Polonia, Turqu\u00eda, Indonesia e India como aspirantes a la justa ol\u00edmpica.<\/p>\n\n\n\n<figure class=\"wp-block-image size-large is-style-default\"><img fetchpriority=\"high\" decoding=\"async\" width=\"1024\" height=\"448\" src=\"https:\/\/losperiodistas.com.mx\/portal\/wp-content\/uploads\/2024\/01\/63590176_1004-1024x448.jpg\" alt=\"\" class=\"wp-image-66615\" srcset=\"https:\/\/losperiodistas.com.mx\/portal\/wp-content\/uploads\/2024\/01\/63590176_1004-1024x448.jpg 1024w, https:\/\/losperiodistas.com.mx\/portal\/wp-content\/uploads\/2024\/01\/63590176_1004-300x131.jpg 300w, https:\/\/losperiodistas.com.mx\/portal\/wp-content\/uploads\/2024\/01\/63590176_1004-768x336.jpg 768w, https:\/\/losperiodistas.com.mx\/portal\/wp-content\/uploads\/2024\/01\/63590176_1004.jpg 1200w\" sizes=\"(max-width: 1024px) 100vw, 1024px\" \/><figcaption>Imagen:\u00a0Oliver Gerhard\/ImageBroker\/Picture Alliance<\/figcaption><\/figure>\n\n\n\n<p class=\"has-vivid-red-color has-text-color has-medium-font-size\"><strong>REDACCI\u00d3N DW<\/strong><\/p>\n\n\n\n<p><a href=\"https:\/\/www.dw.com\/es\/m%C3%A9xico\/t-17409380\">M\u00e9xico<\/a>&nbsp;se descart\u00f3 como candidato para ser sede de los&nbsp;<a href=\"https:\/\/www.dw.com\/es\/juegos-ol%C3%ADmpicos\/t-17412919\">Juegos Ol\u00edmpicos<\/a>&nbsp;de 2036, anunciado el martes (16.01.2024) Mar\u00eda Jos\u00e9 Alcal\u00e1, presidenta del Comit\u00e9 Ol\u00edmpico Mexicano (COM), que plante\u00f3 la opci\u00f3n de albergar los Juegos de la Juventud.<\/p>\n\n\n\n<p>\u00abTuvimos una pl\u00e1tica con el Comit\u00e9 Ol\u00edmpico Internacional (COI) y vimos que la competencia es muy dura, entonces estamos dando un giro para ver si podemos mejor tener la propuesta para Juegos Ol\u00edmpicos de la Juventud\u00bb, expuso Alcal\u00e1 ante la prensa mexicana.<\/p>\n\n\n\n<p>Respecto a la organizaci\u00f3n de los Juegos Ol\u00edmpicos de la Juventud en 2030 o 2034, la presidenta del COM pareci\u00f3 que M\u00e9xico tendr\u00eda \u00abuna gran posibilidad\u00bb.<\/p>\n\n\n\n<p>En octubre de 2022, Alcal\u00e1 y Marcelo Ebrard, entonces secretario de Relaciones Exteriores de M\u00e9xico, anunciaron que desde el 7 de julio de ese a\u00f1o, el COI ten\u00eda considerada la&nbsp;<a href=\"https:\/\/www.dw.com\/es\/m%C3%A9xico-anuncia-postulaci%C3%B3n-oficial-para-los-juegos-ol%C3%ADmpicos-de-2036\/a-63569425\">candidatura mexicana para competir por ser la sede de los Juegos Ol\u00edmpicos de 2036.<\/a><\/p>\n\n\n\n<p>En esa ocasi\u00f3n, el canciller Ebrard subray\u00f3 que en caso de no ganar la elecci\u00f3n para ser sede ol\u00edmpica en 2036, M\u00e9xico se postular\u00eda para albergar los Juegos de 2040.<\/p>\n\n\n\n<p>Hasta ahora, M\u00e9xico s\u00f3lo ha organizado una vez los Juegos Ol\u00edmpicos, en 1968.<\/p>\n\n\n\n<p>Tras la descarte de M\u00e9xico anunciada por Alcal\u00e1, quedan en pie Polonia, Turqu\u00eda, Indonesia e&nbsp;<a href=\"https:\/\/www.dw.com\/es\/la-india-presenta-su-candidatura-para-acoger-los-juegos-ol%C3%ADmpicos-de-2036\/a-67099303\">India como aspirantes a organizar la justa ol\u00edmpica<\/a>&nbsp;de 2036.<\/p>\n\n\n\n<p>La Comisi\u00f3n de Futuras Sedes de los Juegos Ol\u00edmpicos del COI ha previsto que el n\u00famero de candidaturas para el evento de 2036 podr\u00eda llegar a diez.<\/p>\n\n\n\n<p>jc (afp, Fox Sport, Exc\u00e9lsior, Aristegui Noticias)<\/p>\n\n\n\n<p>Fuente: <a href=\"https:\/\/www.dw.com\/es\/m%C3%A9xico-retira-su-candidatura-para-los-juegos-ol%C3%ADmpicos-2036\/a-68006578\">https:\/\/www.dw.com\/es\/m%C3%A9xico-retira-su-candidatura-para-los-juegos-ol%C3%ADmpicos-2036\/a-68006578<\/a><\/p>\n","protected":false},"excerpt":{"rendered":"<p>Tras el anunciado del Comit\u00e9 Ol\u00edmpico Mexicano quedan en pie Polonia, Turqu\u00eda, Indonesia e India como aspirantes a la justa [&hellip;]<\/p>\n","protected":false},"author":1,"featured_media":66615,"comment_status":"open","ping_status":"open","sticky":false,"template":"","format":"standard","meta":{"site-sidebar-layout":"default","site-content-layout":"","ast-site-content-layout":"default","site-content-style":"default","site-sidebar-style":"default","ast-global-header-display":"","ast-banner-title-visibility":"","ast-main-header-display":"","ast-hfb-above-header-display":"","ast-hfb-below-header-display":"","ast-hfb-mobile-header-display":"","site-post-title":"","ast-breadcrumbs-content":"","ast-featured-img":"","footer-sml-layout":"","theme-transparent-header-meta":"","adv-header-id-meta":"","stick-header-meta":"","header-above-stick-meta":"","header-main-stick-meta":"","header-below-stick-meta":"","astra-migrate-meta-layouts":"default","ast-page-background-enabled":"default","ast-page-background-meta":{"desktop":{"background-color":"var(--ast-global-color-4)","background-image":"","background-repeat":"repeat","background-position":"center center","background-size":"auto","background-attachment":"scroll","background-type":"","background-media":"","overlay-type":"","overlay-color":"","overlay-opacity":"","overlay-gradient":""},"tablet":{"background-color":"","background-image":"","background-repeat":"repeat","background-position":"center center","background-size":"auto","background-attachment":"scroll","background-type":"","background-media":"","overlay-type":"","overlay-color":"","overlay-opacity":"","overlay-gradient":""},"mobile":{"background-color":"","background-image":"","background-repeat":"repeat","background-position":"center center","background-size":"auto","background-attachment":"scroll","background-type":"","background-media":"","overlay-type":"","overlay-color":"","overlay-opacity":"","overlay-gradient":""}},"ast-content-background-meta":{"desktop":{"background-color":"var(--ast-global-color-5)","background-image":"","background-repeat":"repeat","background-position":"center center","background-size":"auto","background-attachment":"scroll","background-type":"","background-media":"","overlay-type":"","overlay-color":"","overlay-opacity":"","overlay-gradient":""},"tablet":{"background-color":"var(--ast-global-color-5)","background-image":"","background-repeat":"repeat","background-position":"center center","background-size":"auto","background-attachment":"scroll","background-type":"","background-media":"","overlay-type":"","overlay-color":"","overlay-opacity":"","overlay-gradient":""},"mobile":{"background-color":"var(--ast-global-color-5)","background-image":"","background-repeat":"repeat","background-position":"center center","background-size":"auto","background-attachment":"scroll","background-type":"","background-media":"","overlay-type":"","overlay-color":"","overlay-opacity":"","overlay-gradient":""}},"footnotes":""},"categories":[8],"tags":[21618,21620,21619],"class_list":["post-66614","post","type-post","status-publish","format-standard","has-post-thumbnail","hentry","category-noticias","tag-com","tag-maria-jose-alcala","tag-olimpiadas-2036"],"_links":{"self":[{"href":"https:\/\/losperiodistas.com.mx\/portal\/wp-json\/wp\/v2\/posts\/66614","targetHints":{"allow":["GET"]}}],"collection":[{"href":"https:\/\/losperiodistas.com.mx\/portal\/wp-json\/wp\/v2\/posts"}],"about":[{"href":"https:\/\/losperiodistas.com.mx\/portal\/wp-json\/wp\/v2\/types\/post"}],"author":[{"embeddable":true,"href":"https:\/\/losperiodistas.com.mx\/portal\/wp-json\/wp\/v2\/users\/1"}],"replies":[{"embeddable":true,"href":"https:\/\/losperiodistas.com.mx\/portal\/wp-json\/wp\/v2\/comments?post=66614"}],"version-history":[{"count":1,"href":"https:\/\/losperiodistas.com.mx\/portal\/wp-json\/wp\/v2\/posts\/66614\/revisions"}],"predecessor-version":[{"id":66616,"href":"https:\/\/losperiodistas.com.mx\/portal\/wp-json\/wp\/v2\/posts\/66614\/revisions\/66616"}],"wp:featuredmedia":[{"embeddable":true,"href":"https:\/\/losperiodistas.com.mx\/portal\/wp-json\/wp\/v2\/media\/66615"}],"wp:attachment":[{"href":"https:\/\/losperiodistas.com.mx\/portal\/wp-json\/wp\/v2\/media?parent=66614"}],"wp:term":[{"taxonomy":"category","embeddable":true,"href":"https:\/\/losperiodistas.com.mx\/portal\/wp-json\/wp\/v2\/categories?post=66614"},{"taxonomy":"post_tag","embeddable":true,"href":"https:\/\/losperiodistas.com.mx\/portal\/wp-json\/wp\/v2\/tags?post=66614"}],"curies":[{"name":"wp","href":"https:\/\/api.w.org\/{rel}","templated":true}]}}