{"id":66608,"date":"2024-01-17T12:26:02","date_gmt":"2024-01-17T18:26:02","guid":{"rendered":"http:\/\/losperiodistas.com.mx\/portal\/?p=66608"},"modified":"2024-01-17T12:26:04","modified_gmt":"2024-01-17T18:26:04","slug":"el-rey-federico-de-dinamarca-esta-enamorado-de-genoveva-casanova-segun-el-entorno-mas-cercano-a-la-mexicana-vozpopuli","status":"publish","type":"post","link":"https:\/\/losperiodistas.com.mx\/portal\/el-rey-federico-de-dinamarca-esta-enamorado-de-genoveva-casanova-segun-el-entorno-mas-cercano-a-la-mexicana-vozpopuli\/","title":{"rendered":"\u00abEl rey Federico de Dinamarca est\u00e1 enamorado de Genoveva Casanova\u00bb, seg\u00fan el entorno m\u00e1s cercano a la mexicana | VozP\u00f3puli"},"content":{"rendered":"\n<h2 class=\"has-pale-pink-background-color has-background has-medium-font-size wp-block-heading\">Tras la coronaci\u00f3n del rey Federico X de Dinamarca, se han conocido m\u00e1s detalles de su relaci\u00f3n con Genoveva Casanova. Las fotos en las que se les ve\u00eda juntos por Madrid, habr\u00edan sido el motivo que precipit\u00f3 la abdicaci\u00f3n de la reina Margarita<\/h2>\n\n\n\n<figure class=\"wp-block-image size-large is-style-default\"><img fetchpriority=\"high\" decoding=\"async\" width=\"1024\" height=\"576\" src=\"https:\/\/losperiodistas.com.mx\/portal\/wp-content\/uploads\/2024\/01\/El-rey-Federico-de-Dinamarca-esta-enamorado-de-Genoveva-Casanova-1024x576.jpeg\" alt=\"\" class=\"wp-image-66609\" srcset=\"https:\/\/losperiodistas.com.mx\/portal\/wp-content\/uploads\/2024\/01\/El-rey-Federico-de-Dinamarca-esta-enamorado-de-Genoveva-Casanova-1024x576.jpeg 1024w, https:\/\/losperiodistas.com.mx\/portal\/wp-content\/uploads\/2024\/01\/El-rey-Federico-de-Dinamarca-esta-enamorado-de-Genoveva-Casanova-300x169.jpeg 300w, https:\/\/losperiodistas.com.mx\/portal\/wp-content\/uploads\/2024\/01\/El-rey-Federico-de-Dinamarca-esta-enamorado-de-Genoveva-Casanova-768x432.jpeg 768w, https:\/\/losperiodistas.com.mx\/portal\/wp-content\/uploads\/2024\/01\/El-rey-Federico-de-Dinamarca-esta-enamorado-de-Genoveva-Casanova.jpeg 1220w\" sizes=\"(max-width: 1024px) 100vw, 1024px\" \/><figcaption>El rey Federico de Dinamarca est\u00e1 enamorado de Genoveva Casanova\u00a0<strong>(EUROPA PRESS\/EFE)<\/strong><\/figcaption><\/figure>\n\n\n\n<p class=\"has-vivid-red-color has-text-color has-medium-font-size\"><strong>BEA T\u00c9LLEZ DE MENESES \/ VOZP\u00d3PULI<\/strong><\/p>\n\n\n\n<p>La&nbsp;<a href=\"https:\/\/www.vozpopuli.com\/internacional\/proclamacion-federico-x-como-rey-dinamarca-en-directo.html\"><strong>coronaci\u00f3n<\/strong>&nbsp;del rey Federico X de Dinamarca<\/a>&nbsp;sigue dando de qu\u00e9 hablar y ha dejado algunas&nbsp;<strong>an\u00e9cdotas como si hubo cobra o no de Mary Donaldson<\/strong>&nbsp;a su marido en el balc\u00f3n o si fue ella quien le pidi\u00f3 a \u00e9l que le besara. Muchos vieron todo el acto de proclamaci\u00f3n como un parip\u00e9 despu\u00e9s de que&nbsp;<a href=\"https:\/\/www.vozpopuli.com\/dolcevita\/genoveva-casanova-habla-fotos-principe-federico-dinamarca.html\">salieran a la luz las fotos de Federico y Genoveva Casanova, juntos por Madrid.<\/a>&nbsp;En el reportaje&nbsp;<a href=\"https:\/\/media.vozpopuli.com\/2023\/11\/Genoveva-Casanova-y-Federico-de-Dinamarca-juntos-en-Madrid-portada-de-la-revista-Lecturas.jpg\" target=\"_blank\" rel=\"noreferrer noopener\">de \u2018Lecturas\u2019<\/a>&nbsp;tambi\u00e9n se pudo ver que el hijo de la reina Margarita&nbsp;<strong>pas\u00f3 la noche en casa de la mexicana<\/strong>&nbsp;y sali\u00f3, al d\u00eda siguiente por la ma\u00f1ana, de su piso. Para muchos, estas fotograf\u00edas provocaron que&nbsp;<strong>la reina Margarita II acelerara su abdicaci\u00f3n<\/strong>&nbsp;para as\u00ed frenar&nbsp;<a href=\"https:\/\/www.vozpopuli.com\/dolcevita\/federico-de-dinamarca-escandalos-mary-donaldson-hermano-sueldo.html\">a Federico<\/a>&nbsp;y que rompiera con esa relaci\u00f3n.<\/p>\n\n\n\n<p>Un d\u00eda despu\u00e9s de la coronaci\u00f3n, la exmujer de&nbsp;<a href=\"https:\/\/www.vozpopuli.com\/dolcevita\/cayetano-eugenia-martinez-irujo-motivo-guerra.html\">Cayetano Mart\u00ednez de Irujo<\/a>,&nbsp;<a href=\"https:\/\/www.vozpopuli.com\/dolcevita\/genoveva-casanova-aislada-proclamacion-llamada-federico-dinamarca.html\">Genoveva Casanova, que hab\u00eda estado desaparecida y con un perfil bajo<\/a>&nbsp;en las redes sociales,&nbsp;<strong>public\u00f3 un mensaje,&nbsp;<\/strong>que parec\u00eda toda una declaraci\u00f3n de intenciones,&nbsp;<strong>un dardo a Federico de Dinamarca.<\/strong>&nbsp;\u201cQuiero una vida grande. Quiero experimentarlo todo.&nbsp;<strong>Quiero romper cada regla\u201d<\/strong>, se puede escuchar al principio el v\u00eddeo. Unas palabras que no pronuncia ella, si no la actriz Rachel Brosnahan, que contin\u00faa diciendo: \u201cDicen que la ambici\u00f3n es un rasgo poco atractivo en una mujer, quiz\u00e1 lo sea. \u00bfPero&nbsp;<strong>sabes lo que no es nada atractivo? Estar esperando a que pase algo.<\/strong>&nbsp;Mirar por la ventana, pensando que la vida que deber\u00edas estar viviendo est\u00e1 ah\u00ed fuera, en alg\u00fan sitio, pero&nbsp;<strong>no abrir la puerta e ir a por ello, incluso si alguien te dice que no puedes\u201d.<\/strong><\/p>\n\n\n\n<p>Ahora, la periodista Paloma Barrientos, que tiene relaci\u00f3n directa con la mexicana,\u00a0<strong>ha desvelado que el rey Federico de Dinamarca est\u00e1 enamorado de Genoveva Casanova<\/strong>, adem\u00e1s de aportar otros detalles como que \u201cla relaci\u00f3n profunda\u201d que ten\u00edan comenz\u00f3 hace un a\u00f1o.<\/p>\n\n\n\n<p>Por su parte, el director de la revista que public\u00f3 las fotos de&nbsp;<a href=\"https:\/\/www.vozpopuli.com\/dolcevita\/genoveva-casanova-ingresos.html\">Genoveva<\/a>&nbsp;y Federico, Luis Pliego, coment\u00f3 en el programa \u2018TardeAr\u2019,&nbsp;<strong>el<\/strong>&nbsp;<strong>motivo<\/strong>&nbsp;por el que cre\u00eda que se habr\u00eda&nbsp;<strong>precipitado la abdicaci\u00f3n&nbsp;<\/strong>de la reina Margarita. \u201cEst\u00e1 claro que era&nbsp;<strong>para proteger la corona<\/strong>&nbsp;porque si hubieran dejado que el esc\u00e1ndalo hubiera seguido al ba\u00f1o Mar\u00eda, llegar\u00eda un momento en el que&nbsp;<strong>la reputaci\u00f3n de Federico<\/strong>&nbsp;hubiera llegado muy mermada. Luego&nbsp;<strong>Mary se fug\u00f3, se fue a Australia en Navidad, dijo: \u2018Yo me largo, yo as\u00ed no sigo\u2019.<\/strong>&nbsp;Y cuando Federico va en diciembre a buscarla, tiene el compromiso de su madre de que va a abdicar.&nbsp;<strong>Ella vuelve a Dinamarca porque sabe que va a ser Reina<\/strong>&nbsp;y cuando ella regresa, es cuando se anuncia la abdicaci\u00f3n\u201d.<\/p>\n\n\n\n<figure class=\"wp-block-image is-style-default\"><img decoding=\"async\" src=\"https:\/\/media.vozpopuli.com\/2024\/01\/El-rey-Federico-Mary-Donaldson-y-sus-cuatro-hijos-en-la-coronacion-1024x575.jpg\" alt=\"El rey Federico, Mary Donaldson y sus cuatro hijos en la coronaci\u00f3n\" class=\"wp-image-2309853\"\/><figcaption>El rey Federico, Mary Donaldson y sus cuatro hijos en la coronaci\u00f3n<strong>(EFE)<\/strong><\/figcaption><\/figure>\n\n\n\n<h2 class=\"wp-block-heading\">\u201cEl rey Federico de Dinamarca est\u00e1 enamorado de Genoveva Casanova\u201d, seg\u00fan su entorno m\u00e1s cercano<\/h2>\n\n\n\n<p>La colaboradora de \u2018TardeAR\u2019, Paloma Barrientos, comenz\u00f3 diciendo:&nbsp;<strong>\u201cLa informaci\u00f3n que tengo es absolutamente directa<\/strong>&nbsp;y siempre me han dado buena informaci\u00f3n.&nbsp;<strong>Ella vio la coronaci\u00f3n desde M\u00e9xico<\/strong>, no estaba en Espa\u00f1a ni Andorra. Ella sigue all\u00ed. Se fue a M\u00e9xico en una l\u00ednea regular y ahora es cuando viene lo fuerte:&nbsp;<strong>la relaci\u00f3n o la amistad entre Genoveva y Federico es de hace un a\u00f1o.<\/strong>&nbsp;Adem\u00e1s, Genoveva, como es una chica s\u00faper agradable y encantadora, pues puede ser que Federico, estuviera acostumbrado m\u00e1s a determinadas frialdades&#8230; Hay que recordar que Federico ha tenido,&nbsp;<strong>antes y durante, relaciones con otras se\u00f1oritas\u201d.<\/strong><\/p>\n\n\n\n<p>Barrientos confirm\u00f3 en el&nbsp;<a href=\"https:\/\/www.mitele.es\/programas-tv\/tardear\/2024\/programa-81-40_011412702\/player\/\" target=\"_blank\" rel=\"noreferrer noopener\">programa<\/a>&nbsp;que entre el entonces pr\u00edncipe Federico y Genoveva Casanova \u201chab\u00eda una relaci\u00f3n\u201d y fue m\u00e1s all\u00e1: \u201dLo que me dicen es que&nbsp;<strong>Federico estuvo y est\u00e1 enamorado de Genoveva. No era un tonteo.<\/strong>&nbsp;No era como la se\u00f1orita de lencer\u00eda porque adem\u00e1s Genoveva es una chica muy agradable, muy buena persona y muy cari\u00f1osa\u201d.<\/p>\n\n\n\n<p>La periodista contin\u00fao dando&nbsp;<strong>m\u00e1s detalles de la relaci\u00f3n<\/strong>&nbsp;de Genoveva y Federico:&nbsp;<strong>\u201cDesde hace un a\u00f1o estaba esta amistad<\/strong>&nbsp;<strong>m\u00e1s profunda<\/strong>, digamos, y en un momento determinado, en la corte danesa se sab\u00eda y, \u00bfcu\u00e1l era el problema? A ver si resulta que&nbsp;<strong>Federico se enamora de verdad y tenemos un problema gordo<\/strong>&nbsp;porque quiere divorciarse y ya es una cosa muy diferente. A m\u00ed me dicen que no fue un tonteo esta amistad\u201d.<\/p>\n\n\n\n<p>Adem\u00e1s, Paloma Barrientos habl\u00f3 de que&nbsp;<strong>hay \u00abun complot\u00bb<\/strong>&nbsp;y que Genoveva Casanova no fue quien dio el chivatazo de que estaba con \u00e9l para que les pillaran juntos. \u201cOtra cosa importante que ella en la vida se le hubiera ocurrido filtrar esta informaci\u00f3n.&nbsp;<strong>No es cierto que ella lo facilitara\u201d.<\/strong><\/p>\n\n\n\n<p>Entonces, Barrientos lanz\u00f3 una pregunta interesante: \u201c\u00bfY si a quien le interesaba era a la corte danesa?&nbsp;<strong>\u00bfY si interesaba provocar una historia<\/strong>&nbsp;para que por fin Mary Donaldson estuviera tranquila?\u201d.<\/p>\n\n\n\n<p>El periodista Luis Pliego record\u00f3: \u201cHace un a\u00f1o, Genoveva hizo una publicaci\u00f3n desde Extremadura (Trujillo) que hemos sabido que&nbsp;<strong>es donde se conocieron y que hab\u00edan compartido cacer\u00edas.<\/strong>&nbsp;Era una especie de publicaci\u00f3n de&nbsp;<strong>una mujer perdidamente enamorada\u201d<\/strong>. Paloma apostill\u00f3: \u201c<strong>\u00bfY si \u00e9l tambi\u00e9n estaba enamorado?\u201d.<\/strong><\/p>\n\n\n\n<figure class=\"wp-block-image is-style-default\"><img decoding=\"async\" src=\"https:\/\/media.vozpopuli.com\/2024\/01\/Genoveva-Casanova-publico-un-mensaje-hablando-de-amor-desde-Trujillo-Extremadura-1-1024x486.jpg\" alt=\"Genoveva Casanova public\u00f3 un mensaje hablando de amor desde Trujillo, Extremadura\" class=\"wp-image-2309425\"\/><figcaption>Genoveva Casanova public\u00f3 un mensaje hablando de amor desde Trujillo, Extremadura<strong>(INSTAGRAM)<\/strong><\/figcaption><\/figure>\n\n\n\n<h2 class=\"wp-block-heading\">El pol\u00e9mico beso del rey Federico y Mary de Dinamarca: \u00abMenudo parip\u00e9\u00bb<\/h2>\n\n\n\n<p>La presentadora, Ana Rosa Quintana, se\u00f1al\u00f3 entonces.&nbsp;<strong>\u201cTe digo una cosa, qu\u00e9 triste, \u00bfno?&nbsp;<\/strong>Verlo al otro en el balc\u00f3n,&nbsp;<strong>d\u00e1ndose un beso&nbsp;<\/strong>con Mary Donaldson,&nbsp;<strong>si ella sabe que \u00e9l est\u00e1 enamorado<\/strong>&nbsp;y ella [Genoveva], supuestamente, tambi\u00e9n est\u00e1 enamorada\u201d. Momentos antes, cuando se cre\u00eda que nadie le escuchaba dijo de&nbsp;<strong>Federico que ten\u00eda \u00abcara de lelo\u00bb.<\/strong><\/p>\n\n\n\n<p>Pliego tambi\u00e9n opin\u00f3 del beso que se dieron en el balc\u00f3n, el rey Federico y Mary.&nbsp;<strong>\u201cSe notaba much\u00edsimo que no tienen costumbre de besarse. Es evidente que tienen cero qu\u00edmica\u201d<\/strong>, sentenci\u00f3.<\/p>\n\n\n\n<p>En el balc\u00f3n, se pudo ver que la reina consorte le dec\u00eda algo a su marido, ahora se ha desvelado que&nbsp;<strong>fue Mary la que le dijo a Federico \u2018dame un beso\u2019.&nbsp;<\/strong>\u201cTodo pens\u00e1bamos que quien le da el beso, es \u00e9l a ella, pero no, quien le pide el beso es ella a \u00e9l\u201d.<\/p>\n\n\n\n<p>Miguel \u00c1ngel Nicol\u00e1s incidi\u00f3 en la informaci\u00f3n relevante que hab\u00eda dado Paloma Barrientos.&nbsp;<strong>\u201cHas dicho que Federico sigue enamorado de Genoveva<\/strong>&nbsp;<strong>y t\u00fa eres una de las pocas periodistas de este pa\u00eds que<\/strong>&nbsp;<strong>habla con ella,<\/strong>&nbsp;con lo cual tiene doble valor, aunque esto no quiere decir que lo haya dicho ella pero el tema lo controlas\u201d.<\/p>\n\n\n\n<p>Paloma a\u00f1adi\u00f3: \u201cEsta historia me cuadra absolutamente porque&nbsp;<strong>Genoveva no es de tonteos<\/strong>&nbsp;y Federico, por lo que a m\u00ed me cuentan,&nbsp;<strong>estaba encantado con esta amistad profunda\u201d.<\/strong><\/p>\n\n\n\n<p>La colaboradora de \u2018TardeAR\u2019, Leticia Requejo, mostr\u00f3 su malestar con toda la puesta en escena que hicieron Federico y Mary, tras desvelarse que ten\u00edan esta supuesta relaci\u00f3n amorosa.&nbsp;<strong>\u201cEs que menudo parip\u00e9 fue esto. Me indigna\u201d.<\/strong>&nbsp;Barrientos se\u00f1al\u00f3: \u201cY si en un futuro todo se arregla\u2026\u201d.<\/p>\n\n\n\n<figure class=\"wp-block-image is-style-default\"><img decoding=\"async\" src=\"https:\/\/media.vozpopuli.com\/2023\/08\/Genoveva-Casanova.jpg\" alt=\"Genoveva Casanova sufre una embolia pulmonar y no descartan que sea causa del covid\" class=\"wp-image-1898120\"\/><figcaption>Genoveva Casanova asiste a la velada que Mo\u00ebt &amp; Chandon Effervescence<strong>(EUROPA PRESS)<\/strong><\/figcaption><\/figure>\n\n\n\n<p>Por su parte, el paparazzi Antonio Montero incidi\u00f3 en que&nbsp;<strong>el beso en el balc\u00f3n \u201cfue una cobra que flipas\u201d.&nbsp;<\/strong>Despu\u00e9s confes\u00f3 estar<strong>&nbsp;\u201cobsesionado con el papelito que tir\u00f3 Federico<\/strong>&nbsp;cuando sali\u00f3 de la casa de Genoveva por la ma\u00f1ana\u201d. \u201c\u00a1Qu\u00e9 pena que no se cogiera! Porque&nbsp;<strong>he pensado tres frases<\/strong>&nbsp;que podr\u00edan cambiarlo todo. Imag\u00ednate que hubiera puesto en ese papel que tira, para que no le pillen la prueba en el bolsillo:<strong>&nbsp;\u2018Buen viaje, la pr\u00f3xima vez que nos veamos ya ser\u00e1s Rey\u2019, \u2018Qu\u00e9 decepci\u00f3n<\/strong>, te deseo lo mejor pero no quiero volver a verte\u2019,<strong>&nbsp;\u2018Espero haberte ayudado mucho con la visita al museo\u2019\u201d<\/strong>.<\/p>\n\n\n\n<p>La presentadora,&nbsp;<strong>Ana Rosa Quintana<\/strong>, dijo entonces: \u201cYo tengo tambi\u00e9n mi teor\u00eda de lo que ha pasado.&nbsp;<strong>\u00c9l pudo venir a despedirse<\/strong>&nbsp;<strong>porque ya sab\u00eda que su madre iba a abdicar<\/strong>&nbsp;o pudo ser que la madre haya abdicado para que no corra m\u00e1s tiempo y el l\u00edo\u2026\u201d.<\/p>\n\n\n\n<figure class=\"wp-block-image is-style-default\"><img decoding=\"async\" src=\"https:\/\/media.vozpopuli.com\/2024\/01\/El-rey-Federico-de-Dinamarca-y-Mary-Donaldson-se-besan-en-el-balcon-1024x575.jpg\" alt=\"El rey Federico de Dinamarca y Mary Donaldson se besan en el balc\u00f3n\" class=\"wp-image-2308649\"\/><figcaption>El rey Federico de Dinamarca y Mary Donaldson se besan en el balc\u00f3n<strong>(EFE)<\/strong><\/figcaption><\/figure>\n\n\n\n<h2 class=\"wp-block-heading\">El rey Federico ha publicado un libro tras la coronaci\u00f3n<\/h2>\n\n\n\n<p>Casualmente,&nbsp;<strong>este jueves<\/strong>&nbsp;<strong>el rey Federico X de Dinamarca, ha publicado un nuevo libro, \u2018Kingeord\u2019&nbsp;<\/strong>(Palabra de rey, en espa\u00f1ol), donde en sus 112 p\u00e1ginas, reflexiona sobre su vida en la familia real danesa, habla de sus temores sobre ser Rey, de su familia, de su matrimonio y de su mujer, Mary Donaldson, ahora reina consorte sobre la que dice cosas como:<strong>&nbsp;\u201cMary es mi compa\u00f1era y mi compa\u00f1era de ala<\/strong>, por usar una expresi\u00f3n de piloto, y&nbsp;<strong>tenemos una s\u00faper din\u00e1mica\u201d,<\/strong>&nbsp;escribe. Sobre ella tambi\u00e9n dice:&nbsp;<strong>\u201cHe aprendido mucho al tener una esposa<\/strong>&nbsp;que, de vez en cuando, me recuerda que, por supuesto,&nbsp;<strong>no siempre tengo la raz\u00f3n<\/strong>&nbsp;y que mis palabras no se creen autom\u00e1ticamente, solo porque soy el hombre de la casa\u201d.<\/p>\n\n\n\n<p>Respecto a Genoveva Casanova, algunos periodistas como Beatriz Miranda, se\u00f1alan que su desaparici\u00f3n es sospechosa y podr\u00eda estar preparando una exclusiva.\u00a0<strong>\u201cEse silencio mosquea a todos los efectos, es que est\u00e1 calentando un exclusiv\u00f3n\u201d<\/strong>. Adem\u00e1s cree que\u00a0<strong>\u00abla Casa Real habr\u00eda untado a Genoveva<\/strong>\u00a0porque es raro que est\u00e9 calmadita porque elka vive de eso y no lo est\u00e1 haciendo\u201d.<\/p>\n\n\n\n<figure class=\"wp-block-image size-large is-style-default\"><img decoding=\"async\" width=\"761\" height=\"1024\" src=\"https:\/\/losperiodistas.com.mx\/portal\/wp-content\/uploads\/2024\/01\/Captura-de-Pantalla-2024-01-17-a-las-12.21.15-761x1024.jpg\" alt=\"\" class=\"wp-image-66610\" srcset=\"https:\/\/losperiodistas.com.mx\/portal\/wp-content\/uploads\/2024\/01\/Captura-de-Pantalla-2024-01-17-a-las-12.21.15-761x1024.jpg 761w, https:\/\/losperiodistas.com.mx\/portal\/wp-content\/uploads\/2024\/01\/Captura-de-Pantalla-2024-01-17-a-las-12.21.15-223x300.jpg 223w, https:\/\/losperiodistas.com.mx\/portal\/wp-content\/uploads\/2024\/01\/Captura-de-Pantalla-2024-01-17-a-las-12.21.15-768x1033.jpg 768w, https:\/\/losperiodistas.com.mx\/portal\/wp-content\/uploads\/2024\/01\/Captura-de-Pantalla-2024-01-17-a-las-12.21.15.jpg 1088w\" sizes=\"(max-width: 761px) 100vw, 761px\" \/><figcaption><a href=\"http:\/\/<blockquote class=&quot;instagram-media&quot; data-instgrm-captioned data-instgrm-permalink=&quot;https:\/\/www.instagram.com\/p\/CyDwG2ItkBF\/?utm_source=ig_embed&amp;utm_campaign=loading&quot; data-instgrm-version=&quot;14&quot; style=&quot; background:#FFF; border:0; border-radius:3px; box-shadow:0 0 1px 0 rgba(0,0,0,0.5),0 1px 10px 0 rgba(0,0,0,0.15); margin: 1px; max-width:540px; min-width:326px; padding:0; width:99.375%; width:-webkit-calc(100% - 2px); width:calc(100% - 2px);&quot;&gt;<div style=&quot;padding:16px;&quot;&gt; <a href=&quot;https:\/\/www.instagram.com\/p\/CyDwG2ItkBF\/?utm_source=ig_embed&amp;utm_campaign=loading&quot; style=&quot; background:#FFFFFF; line-height:0; padding:0 0; text-align:center; text-decoration:none; width:100%;&quot; target=&quot;_blank&quot;&gt; <div style=&quot; display: flex; flex-direction: row; align-items: center;&quot;&gt; <div style=&quot;background-color: #F4F4F4; border-radius: 50%; flex-grow: 0; height: 40px; margin-right: 14px; width: 40px;&quot;&gt;<\/div&gt; <div style=&quot;display: flex; flex-direction: column; flex-grow: 1; justify-content: center;&quot;&gt; <div style=&quot; background-color: #F4F4F4; border-radius: 4px; flex-grow: 0; height: 14px; margin-bottom: 6px; width: 100px;&quot;&gt;<\/div&gt; <div style=&quot; background-color: #F4F4F4; border-radius: 4px; flex-grow: 0; height: 14px; width: 60px;&quot;&gt;<\/div&gt;<\/div&gt;<\/div&gt;<div style=&quot;padding: 19% 0;&quot;&gt;<\/div&gt; <div style=&quot;display:block; height:50px; margin:0 auto 12px; width:50px;&quot;&gt;<svg width=&quot;50px&quot; height=&quot;50px&quot; viewBox=&quot;0 0 60 60&quot; version=&quot;1.1&quot; xmlns=&quot;https:\/\/www.w3.org\/2000\/svg&quot; xmlns:xlink=&quot;https:\/\/www.w3.org\/1999\/xlink&quot;&gt;<g stroke=&quot;none&quot; stroke-width=&quot;1&quot; fill=&quot;none&quot; fill-rule=&quot;evenodd&quot;&gt;<g transform=&quot;translate(-511.000000, -20.000000)&quot; fill=&quot;#000000&quot;&gt;<g&gt;<path d=&quot;M556.869,30.41 C554.814,30.41 553.148,32.076 553.148,34.131 C553.148,36.186 554.814,37.852 556.869,37.852 C558.924,37.852 560.59,36.186 560.59,34.131 C560.59,32.076 558.924,30.41 556.869,30.41 M541,60.657 C535.114,60.657 530.342,55.887 530.342,50 C530.342,44.114 535.114,39.342 541,39.342 C546.887,39.342 551.658,44.114 551.658,50 C551.658,55.887 546.887,60.657 541,60.657 M541,33.886 C532.1,33.886 524.886,41.1 524.886,50 C524.886,58.899 532.1,66.113 541,66.113 C549.9,66.113 557.115,58.899 557.115,50 C557.115,41.1 549.9,33.886 541,33.886 M565.378,62.101 C565.244,65.022 564.756,66.606 564.346,67.663 C563.803,69.06 563.154,70.057 562.106,71.106 C561.058,72.155 560.06,72.803 558.662,73.347 C557.607,73.757 556.021,74.244 553.102,74.378 C549.944,74.521 548.997,74.552 541,74.552 C533.003,74.552 532.056,74.521 528.898,74.378 C525.979,74.244 524.393,73.757 523.338,73.347 C521.94,72.803 520.942,72.155 519.894,71.106 C518.846,70.057 518.197,69.06 517.654,67.663 C517.244,66.606 516.755,65.022 516.623,62.101 C516.479,58.943 516.448,57.996 516.448,50 C516.448,42.003 516.479,41.056 516.623,37.899 C516.755,34.978 517.244,33.391 517.654,32.338 C518.197,30.938 518.846,29.942 519.894,28.894 C520.942,27.846 521.94,27.196 523.338,26.654 C524.393,26.244 525.979,25.756 528.898,25.623 C532.057,25.479 533.004,25.448 541,25.448 C548.997,25.448 549.943,25.479 553.102,25.623 C556.021,25.756 557.607,26.244 558.662,26.654 C560.06,27.196 561.058,27.846 562.106,28.894 C563.154,29.942 563.803,30.938 564.346,32.338 C564.756,33.391 565.244,34.978 565.378,37.899 C565.522,41.056 565.552,42.003 565.552,50 C565.552,57.996 565.522,58.943 565.378,62.101 M570.82,37.631 C570.674,34.438 570.167,32.258 569.425,30.349 C568.659,28.377 567.633,26.702 565.965,25.035 C564.297,23.368 562.623,22.342 560.652,21.575 C558.743,20.834 556.562,20.326 553.369,20.18 C550.169,20.033 549.148,20 541,20 C532.853,20 531.831,20.033 528.631,20.18 C525.438,20.326 523.257,20.834 521.349,21.575 C519.376,22.342 517.703,23.368 516.035,25.035 C514.368,26.702 513.342,28.377 512.574,30.349 C511.834,32.258 511.326,34.438 511.181,37.631 C511.035,40.831 511,41.851 511,50 C511,58.147 511.035,59.17 511.181,62.369 C511.326,65.562 511.834,67.743 512.574,69.651 C513.342,71.625 514.368,73.296 516.035,74.965 C517.703,76.634 519.376,77.658 521.349,78.425 C523.257,79.167 525.438,79.673 528.631,79.82 C531.831,79.965 532.853,80.001 541,80.001 C549.148,80.001 550.169,79.965 553.369,79.82 C556.562,79.673 558.743,79.167 560.652,78.425 C562.623,77.658 564.297,76.634 565.965,74.965 C567.633,73.296 568.659,71.625 569.425,69.651 C570.167,67.743 570.674,65.562 570.82,62.369 C570.966,59.17 571,58.147 571,50 C571,41.851 570.966,40.831 570.82,37.631&quot;&gt;<\/path&gt;<\/g&gt;<\/g&gt;<\/g&gt;<\/svg&gt;<\/div&gt;<div style=&quot;padding-top: 8px;&quot;&gt; <div style=&quot; color:#3897f0; font-family:Arial,sans-serif; font-size:14px; font-style:normal; font-weight:550; line-height:18px;&quot;&gt;Ver esta publicaci\u00f3n en Instagram<\/div&gt;<\/div&gt;<div style=&quot;padding: 12.5% 0;&quot;&gt;<\/div&gt; <div style=&quot;display: flex; flex-direction: row; margin-bottom: 14px; align-items: center;&quot;&gt;<div&gt; <div style=&quot;background-color: #F4F4F4; border-radius: 50%; height: 12.5px; width: 12.5px; transform: translateX(0px) translateY(7px);&quot;&gt;<\/div&gt; <div style=&quot;background-color: #F4F4F4; height: 12.5px; transform: rotate(-45deg) translateX(3px) translateY(1px); width: 12.5px; flex-grow: 0; margin-right: 14px; margin-left: 2px;&quot;&gt;<\/div&gt; <div style=&quot;background-color: #F4F4F4; border-radius: 50%; height: 12.5px; width: 12.5px; transform: translateX(9px) translateY(-18px);&quot;&gt;<\/div&gt;<\/div&gt;<div style=&quot;margin-left: 8px;&quot;&gt; <div style=&quot; background-color: #F4F4F4; border-radius: 50%; flex-grow: 0; height: 20px; width: 20px;&quot;&gt;<\/div&gt; <div style=&quot; width: 0; height: 0; border-top: 2px solid transparent; border-left: 6px solid #f4f4f4; border-bottom: 2px solid transparent; transform: translateX(16px) translateY(-4px) rotate(30deg)&quot;&gt;<\/div&gt;<\/div&gt;<div style=&quot;margin-left: auto;&quot;&gt; <div style=&quot; width: 0px; border-top: 8px solid #F4F4F4; border-right: 8px solid transparent; transform: translateY(16px);&quot;&gt;<\/div&gt; <div style=&quot; background-color: #F4F4F4; flex-grow: 0; height: 12px; width: 16px; transform: translateY(-4px);&quot;&gt;<\/div&gt; <div style=&quot; width: 0; height: 0; border-top: 8px solid #F4F4F4; border-left: 8px solid transparent; transform: translateY(-4px) translateX(8px);&quot;&gt;<\/div&gt;<\/div&gt;<\/div&gt; <div style=&quot;display: flex; flex-direction: column; flex-grow: 1; justify-content: center; margin-bottom: 24px;&quot;&gt; <div style=&quot; background-color: #F4F4F4; border-radius: 4px; flex-grow: 0; height: 14px; margin-bottom: 6px; width: 224px;&quot;&gt;<\/div&gt; <div style=&quot; background-color: #F4F4F4; border-radius: 4px; flex-grow: 0; height: 14px; width: 144px;&quot;&gt;<\/div&gt;<\/div&gt;<\/a&gt;<p style=&quot; color:#c9c8cd; font-family:Arial,sans-serif; font-size:14px; line-height:17px; margin-bottom:0; margin-top:8px; overflow:hidden; padding:8px 0 7px; text-align:center; text-overflow:ellipsis; white-space:nowrap;&quot;&gt;<a href=&quot;https:\/\/www.instagram.com\/p\/CyDwG2ItkBF\/?utm_source=ig_embed&amp;utm_campaign=loading&quot; style=&quot; color:#c9c8cd; font-family:Arial,sans-serif; font-size:14px; font-style:normal; font-weight:normal; line-height:17px; text-decoration:none;&quot; target=&quot;_blank&quot;&gt;Una publicaci\u00f3n compartida por Genevieve Casanova (@genoveva_casanova_official)<\/a&gt;<\/p&gt;<\/div&gt;<\/blockquote&gt; <script async src=&quot;\/\/www.instagram.com\/embed.js&quot;&gt;<\/script&gt;\">VER EN INSTAGRAM<\/a><\/figcaption><\/figure>\n\n\n\n<p><\/p>\n\n\n\n<p>Fuente: <a href=\"https:\/\/www.vozpopuli.com\/dolcevita\/rey-federico-dinamarca-enamorado-genoveva-casanova.html\">https:\/\/www.vozpopuli.com\/dolcevita\/rey-federico-dinamarca-enamorado-genoveva-casanova.html<\/a><\/p>\n","protected":false},"excerpt":{"rendered":"<p>Tras la coronaci\u00f3n del rey Federico X de Dinamarca, se han conocido m\u00e1s detalles de su relaci\u00f3n con Genoveva Casanova. [&hellip;]<\/p>\n","protected":false},"author":1,"featured_media":66609,"comment_status":"open","ping_status":"open","sticky":false,"template":"","format":"standard","meta":{"site-sidebar-layout":"default","site-content-layout":"","ast-site-content-layout":"default","site-content-style":"default","site-sidebar-style":"default","ast-global-header-display":"","ast-banner-title-visibility":"","ast-main-header-display":"","ast-hfb-above-header-display":"","ast-hfb-below-header-display":"","ast-hfb-mobile-header-display":"","site-post-title":"","ast-breadcrumbs-content":"","ast-featured-img":"","footer-sml-layout":"","theme-transparent-header-meta":"","adv-header-id-meta":"","stick-header-meta":"","header-above-stick-meta":"","header-main-stick-meta":"","header-below-stick-meta":"","astra-migrate-meta-layouts":"default","ast-page-background-enabled":"default","ast-page-background-meta":{"desktop":{"background-color":"var(--ast-global-color-4)","background-image":"","background-repeat":"repeat","background-position":"center center","background-size":"auto","background-attachment":"scroll","background-type":"","background-media":"","overlay-type":"","overlay-color":"","overlay-opacity":"","overlay-gradient":""},"tablet":{"background-color":"","background-image":"","background-repeat":"repeat","background-position":"center center","background-size":"auto","background-attachment":"scroll","background-type":"","background-media":"","overlay-type":"","overlay-color":"","overlay-opacity":"","overlay-gradient":""},"mobile":{"background-color":"","background-image":"","background-repeat":"repeat","background-position":"center center","background-size":"auto","background-attachment":"scroll","background-type":"","background-media":"","overlay-type":"","overlay-color":"","overlay-opacity":"","overlay-gradient":""}},"ast-content-background-meta":{"desktop":{"background-color":"var(--ast-global-color-5)","background-image":"","background-repeat":"repeat","background-position":"center center","background-size":"auto","background-attachment":"scroll","background-type":"","background-media":"","overlay-type":"","overlay-color":"","overlay-opacity":"","overlay-gradient":""},"tablet":{"background-color":"var(--ast-global-color-5)","background-image":"","background-repeat":"repeat","background-position":"center center","background-size":"auto","background-attachment":"scroll","background-type":"","background-media":"","overlay-type":"","overlay-color":"","overlay-opacity":"","overlay-gradient":""},"mobile":{"background-color":"var(--ast-global-color-5)","background-image":"","background-repeat":"repeat","background-position":"center center","background-size":"auto","background-attachment":"scroll","background-type":"","background-media":"","overlay-type":"","overlay-color":"","overlay-opacity":"","overlay-gradient":""}},"footnotes":""},"categories":[8],"tags":[21616,21617],"class_list":["post-66608","post","type-post","status-publish","format-standard","has-post-thumbnail","hentry","category-noticias","tag-affaire-genoveva-casanova","tag-rey-federico-de-dinamarca"],"_links":{"self":[{"href":"https:\/\/losperiodistas.com.mx\/portal\/wp-json\/wp\/v2\/posts\/66608","targetHints":{"allow":["GET"]}}],"collection":[{"href":"https:\/\/losperiodistas.com.mx\/portal\/wp-json\/wp\/v2\/posts"}],"about":[{"href":"https:\/\/losperiodistas.com.mx\/portal\/wp-json\/wp\/v2\/types\/post"}],"author":[{"embeddable":true,"href":"https:\/\/losperiodistas.com.mx\/portal\/wp-json\/wp\/v2\/users\/1"}],"replies":[{"embeddable":true,"href":"https:\/\/losperiodistas.com.mx\/portal\/wp-json\/wp\/v2\/comments?post=66608"}],"version-history":[{"count":1,"href":"https:\/\/losperiodistas.com.mx\/portal\/wp-json\/wp\/v2\/posts\/66608\/revisions"}],"predecessor-version":[{"id":66611,"href":"https:\/\/losperiodistas.com.mx\/portal\/wp-json\/wp\/v2\/posts\/66608\/revisions\/66611"}],"wp:featuredmedia":[{"embeddable":true,"href":"https:\/\/losperiodistas.com.mx\/portal\/wp-json\/wp\/v2\/media\/66609"}],"wp:attachment":[{"href":"https:\/\/losperiodistas.com.mx\/portal\/wp-json\/wp\/v2\/media?parent=66608"}],"wp:term":[{"taxonomy":"category","embeddable":true,"href":"https:\/\/losperiodistas.com.mx\/portal\/wp-json\/wp\/v2\/categories?post=66608"},{"taxonomy":"post_tag","embeddable":true,"href":"https:\/\/losperiodistas.com.mx\/portal\/wp-json\/wp\/v2\/tags?post=66608"}],"curies":[{"name":"wp","href":"https:\/\/api.w.org\/{rel}","templated":true}]}}