{"id":66595,"date":"2024-01-17T11:00:44","date_gmt":"2024-01-17T17:00:44","guid":{"rendered":"http:\/\/losperiodistas.com.mx\/portal\/?p=66595"},"modified":"2024-01-17T11:12:50","modified_gmt":"2024-01-17T17:12:50","slug":"monologos-de-menade-hay-de-guerras-a-guerras","status":"publish","type":"post","link":"https:\/\/losperiodistas.com.mx\/portal\/monologos-de-menade-hay-de-guerras-a-guerras\/","title":{"rendered":"Mon\u00f3logos de M\u00e9nade | Hay de guerras a guerras"},"content":{"rendered":"\n<figure class=\"wp-block-image size-large is-style-default\"><img fetchpriority=\"high\" decoding=\"async\" width=\"1024\" height=\"576\" src=\"https:\/\/losperiodistas.com.mx\/portal\/wp-content\/uploads\/2024\/01\/Hay-de-guerras-a-guerras-1-1024x576.jpg\" alt=\"\" class=\"wp-image-66596\" srcset=\"https:\/\/losperiodistas.com.mx\/portal\/wp-content\/uploads\/2024\/01\/Hay-de-guerras-a-guerras-1-1024x576.jpg 1024w, https:\/\/losperiodistas.com.mx\/portal\/wp-content\/uploads\/2024\/01\/Hay-de-guerras-a-guerras-1-300x169.jpg 300w, https:\/\/losperiodistas.com.mx\/portal\/wp-content\/uploads\/2024\/01\/Hay-de-guerras-a-guerras-1-768x432.jpg 768w, https:\/\/losperiodistas.com.mx\/portal\/wp-content\/uploads\/2024\/01\/Hay-de-guerras-a-guerras-1.jpg 1200w\" sizes=\"(max-width: 1024px) 100vw, 1024px\" \/><\/figure>\n\n\n\n<p class=\"has-vivid-red-color has-text-color\" style=\"font-size:26px\"><strong><em>Por Itandehui Rodr\u00edguez<\/em><\/strong><\/p>\n\n\n\n<p>@Itandehui_RoMa<\/p>\n\n\n\n<p>La guerra interna de Morena por la candidatura para la Presidencia Municipal de Puebla, comienza a tornarse no solo en desaseada, en desleal, baja y hasta vulgar. Porque hasta en las guerras\u2026 hay de guerras a guerras.<\/p>\n\n\n\n<p>Y es que, en una cuenta en Tiktok, con la valent\u00eda que confiere un avatar creado por IA, comenz\u00f3 una campa\u00f1a negra en contra de Pepe Chedraui.<\/p>\n\n\n\n<p>Es como lanzar tweets desde una cuenta alterna con foto de un pescado rebozado y llamarse \u201cTaquito sinaloense\u201d.<\/p>\n\n\n\n<p>Pero, volvamos al video. No cabe duda que la inversi\u00f3n y la creatividad en la creaci\u00f3n de estos contenidos, que no merecen la pena ser replicados, evidencian lo que para todos es muy claro.<\/p>\n\n\n\n<p>Esto es fuego \u201camigo\u201d y nada m\u00e1s.<\/p>\n\n\n\n<p>S\u00ed se\u00f1oras, se\u00f1ores, se\u00f1oritas, se\u00f1oritos, se\u00f1orites, anexos, conexos, diversos, divergentes, no vigentes y m\u00e1s.<\/p>\n\n\n\n<p>Esto es fuego \u201camigo\u201d y del m\u00e1s sucio.<\/p>\n\n\n\n<p>Y es que la verdadera aspiraci\u00f3n de varias y varios que levantaron la mano para buscar la candidatura a la gubernatura, siempre fue negociar la presidencia municipal. Y mientras andaban entretenidos recorriendo la Mixteca, les comieron el mandado en la capital.<\/p>\n\n\n\n<p>Pero volvamos al video. Esta pieza creada por una mente muy torcida, asegura que el empresario Pepe Chedraui est\u00e1 vinculado, presuntamente, al accidente de los Moreno Valle en 2018. Yo soy la que habla de presunci\u00f3n, porque en esta cuenta lo aseguraron.<\/p>\n\n\n\n<p>Pero adem\u00e1s evidencian otra cosa, esto no sali\u00f3 de una mente normal, com\u00fan y corriente.<\/p>\n\n\n\n<p>Por eso, tambi\u00e9n soy la que sospecha y casi podr\u00eda apostar qui\u00e9n lo produjo.<\/p>\n\n\n\n<p>Sin pruebas pero intentando sembrar muchas dudas, este es un nuevo modelo de propaganda negra. Recordemos que los estrategas de las campa\u00f1as antes tiraban volantes debajo de las puertas, pero eso es de viejos. Ahora se crean videos en redes sociales que se divulgan desde cuentas desechables y alcanzan un nivel de denostaci\u00f3n que me parece nauseabundo.<\/p>\n\n\n\n<p>Fue-go \u201ca-mi-go\u201d.<\/p>\n\n\n\n<p>Si los creadores de este contendio estilo \u2018Se\u00f1orita Laura\u2019 creen que es la mejor manera de generar una percepci\u00f3n negativa, deber\u00edan saber que algo as\u00ed, amerita una denuncia. Y si hay denuncia, por ende, una investigaci\u00f3n de la polic\u00eda cibern\u00e9tica. Bien valdr\u00eda la pena que Chedraui lo considere.<\/p>\n\n\n\n<p>A finales de diciembre, supimos qui\u00e9n estuvo detr\u00e1s de la p\u00e9sima publicaci\u00f3n -porque nadie puede decir que eso fue una broma- realizada en una \u201ccuenta aldeana\u201d en X. El (antes) tweet sobre el supuesto accidente de un helic\u00f3ptero en el que, en un malviaje del redactor del post, pens\u00f3 que estaba chistos\u00edsimo decir que iba Sergio Salom\u00f3n.<\/p>\n\n\n\n<p>A este personaje tambi\u00e9n deber\u00edan denunciarlo.<\/p>\n\n\n\n<p>Una cosa es la libertad de expresi\u00f3n y otra, es irse a los extremos.<\/p>\n\n\n\n<p>Hay de guerras a guerras y la de Morena, la del fuego amigo, est\u00e1 superando cualquier l\u00edmite.<\/p>\n","protected":false},"excerpt":{"rendered":"<p>Por Itandehui Rodr\u00edguez @Itandehui_RoMa La guerra interna de Morena por la candidatura para la Presidencia Municipal de Puebla, comienza a [&hellip;]<\/p>\n","protected":false},"author":1,"featured_media":66596,"comment_status":"open","ping_status":"open","sticky":false,"template":"","format":"standard","meta":{"site-sidebar-layout":"default","site-content-layout":"","ast-site-content-layout":"default","site-content-style":"default","site-sidebar-style":"default","ast-global-header-display":"","ast-banner-title-visibility":"","ast-main-header-display":"","ast-hfb-above-header-display":"","ast-hfb-below-header-display":"","ast-hfb-mobile-header-display":"","site-post-title":"","ast-breadcrumbs-content":"","ast-featured-img":"","footer-sml-layout":"","theme-transparent-header-meta":"","adv-header-id-meta":"","stick-header-meta":"","header-above-stick-meta":"","header-main-stick-meta":"","header-below-stick-meta":"","astra-migrate-meta-layouts":"default","ast-page-background-enabled":"default","ast-page-background-meta":{"desktop":{"background-color":"var(--ast-global-color-4)","background-image":"","background-repeat":"repeat","background-position":"center center","background-size":"auto","background-attachment":"scroll","background-type":"","background-media":"","overlay-type":"","overlay-color":"","overlay-opacity":"","overlay-gradient":""},"tablet":{"background-color":"","background-image":"","background-repeat":"repeat","background-position":"center center","background-size":"auto","background-attachment":"scroll","background-type":"","background-media":"","overlay-type":"","overlay-color":"","overlay-opacity":"","overlay-gradient":""},"mobile":{"background-color":"","background-image":"","background-repeat":"repeat","background-position":"center center","background-size":"auto","background-attachment":"scroll","background-type":"","background-media":"","overlay-type":"","overlay-color":"","overlay-opacity":"","overlay-gradient":""}},"ast-content-background-meta":{"desktop":{"background-color":"var(--ast-global-color-5)","background-image":"","background-repeat":"repeat","background-position":"center center","background-size":"auto","background-attachment":"scroll","background-type":"","background-media":"","overlay-type":"","overlay-color":"","overlay-opacity":"","overlay-gradient":""},"tablet":{"background-color":"var(--ast-global-color-5)","background-image":"","background-repeat":"repeat","background-position":"center center","background-size":"auto","background-attachment":"scroll","background-type":"","background-media":"","overlay-type":"","overlay-color":"","overlay-opacity":"","overlay-gradient":""},"mobile":{"background-color":"var(--ast-global-color-5)","background-image":"","background-repeat":"repeat","background-position":"center center","background-size":"auto","background-attachment":"scroll","background-type":"","background-media":"","overlay-type":"","overlay-color":"","overlay-opacity":"","overlay-gradient":""}},"footnotes":""},"categories":[8,22],"tags":[21610,14193],"class_list":["post-66595","post","type-post","status-publish","format-standard","has-post-thumbnail","hentry","category-noticias","category-opinion-invitada","tag-guerra-sucia-morena-puebla","tag-pepe-chedraui"],"_links":{"self":[{"href":"https:\/\/losperiodistas.com.mx\/portal\/wp-json\/wp\/v2\/posts\/66595","targetHints":{"allow":["GET"]}}],"collection":[{"href":"https:\/\/losperiodistas.com.mx\/portal\/wp-json\/wp\/v2\/posts"}],"about":[{"href":"https:\/\/losperiodistas.com.mx\/portal\/wp-json\/wp\/v2\/types\/post"}],"author":[{"embeddable":true,"href":"https:\/\/losperiodistas.com.mx\/portal\/wp-json\/wp\/v2\/users\/1"}],"replies":[{"embeddable":true,"href":"https:\/\/losperiodistas.com.mx\/portal\/wp-json\/wp\/v2\/comments?post=66595"}],"version-history":[{"count":2,"href":"https:\/\/losperiodistas.com.mx\/portal\/wp-json\/wp\/v2\/posts\/66595\/revisions"}],"predecessor-version":[{"id":66599,"href":"https:\/\/losperiodistas.com.mx\/portal\/wp-json\/wp\/v2\/posts\/66595\/revisions\/66599"}],"wp:featuredmedia":[{"embeddable":true,"href":"https:\/\/losperiodistas.com.mx\/portal\/wp-json\/wp\/v2\/media\/66596"}],"wp:attachment":[{"href":"https:\/\/losperiodistas.com.mx\/portal\/wp-json\/wp\/v2\/media?parent=66595"}],"wp:term":[{"taxonomy":"category","embeddable":true,"href":"https:\/\/losperiodistas.com.mx\/portal\/wp-json\/wp\/v2\/categories?post=66595"},{"taxonomy":"post_tag","embeddable":true,"href":"https:\/\/losperiodistas.com.mx\/portal\/wp-json\/wp\/v2\/tags?post=66595"}],"curies":[{"name":"wp","href":"https:\/\/api.w.org\/{rel}","templated":true}]}}