{"id":66347,"date":"2024-01-12T07:35:19","date_gmt":"2024-01-12T13:35:19","guid":{"rendered":"http:\/\/losperiodistas.com.mx\/portal\/?p=66347"},"modified":"2024-01-12T08:35:41","modified_gmt":"2024-01-12T14:35:41","slug":"detienen-a-un-sacerdote-polaco-que-organizo-una-orgia-y-drogo-a-un-prostituto-vozpopuli","status":"publish","type":"post","link":"https:\/\/losperiodistas.com.mx\/portal\/detienen-a-un-sacerdote-polaco-que-organizo-una-orgia-y-drogo-a-un-prostituto-vozpopuli\/","title":{"rendered":"Detienen a un sacerdote polaco que organiz\u00f3 una org\u00eda y drog\u00f3 a un prostituto | VozP\u00f3puli"},"content":{"rendered":"\n<h2 class=\"has-pale-pink-background-color has-background has-medium-font-size wp-block-heading\">Los hechos se remontan a finales de agosto, cuando el sacerdote organiz\u00f3 una fiesta en la residencia parroquial en la que participaron varios sacerdotes y un prostituto<\/h2>\n\n\n\n<figure class=\"wp-block-image size-large is-style-default\"><img fetchpriority=\"high\" decoding=\"async\" width=\"1024\" height=\"576\" src=\"https:\/\/losperiodistas.com.mx\/portal\/wp-content\/uploads\/2024\/01\/basilica-los-angeles-polonia-1024x576.jpeg\" alt=\"\" class=\"wp-image-66348\" srcset=\"https:\/\/losperiodistas.com.mx\/portal\/wp-content\/uploads\/2024\/01\/basilica-los-angeles-polonia-1024x576.jpeg 1024w, https:\/\/losperiodistas.com.mx\/portal\/wp-content\/uploads\/2024\/01\/basilica-los-angeles-polonia-300x169.jpeg 300w, https:\/\/losperiodistas.com.mx\/portal\/wp-content\/uploads\/2024\/01\/basilica-los-angeles-polonia-768x432.jpeg 768w, https:\/\/losperiodistas.com.mx\/portal\/wp-content\/uploads\/2024\/01\/basilica-los-angeles-polonia.jpeg 1200w\" sizes=\"(max-width: 1024px) 100vw, 1024px\" \/><figcaption>Santuario de la Virgen de los \u00c1ngeles de D\u0105browa G\u00f3rnicza\u00a0<strong>GOOGLE MAPS<\/strong><\/figcaption><\/figure>\n\n\n\n<p class=\"has-medium-font-size\"><strong>FERNANDO ASUNCI\u00d3N \/ VOZP\u00d3PULI<\/strong><\/p>\n\n\n\n<p>Un&nbsp;<strong>sacerdote cat\u00f3lico polaco&nbsp;<\/strong>que&nbsp;<strong>organiz\u00f3 una org\u00eda y neg\u00f3 el auxilio&nbsp;<\/strong>al&nbsp;<strong>prostituto que hab\u00eda contratado&nbsp;<\/strong>y que enferm\u00f3 tras haber<strong>&nbsp;ingerido drogas<\/strong>&nbsp;fue acusado este jueves por la fiscal\u00eda de delitos que suman&nbsp;<strong>ocho a\u00f1os de c\u00e1rcel<\/strong>.<\/p>\n\n\n\n<p><strong>Tomasz Z.<\/strong>, cuyo nombre se oculta por razones legales, se enfrentar\u00e1 a un juicio por \u00ab<strong>cr\u00edmenes contra la libertad sexual y la decencia<\/strong>\u00ab, \u00ab<strong>denegaci\u00f3n de auxilio<\/strong>\u00bb y por \u00ab<strong>proporcionar drogas<\/strong>\u00bb a una persona cuyos servicios sexuales fueron contratados para celebrar una&nbsp;<strong>org\u00eda en la casa parroquial de&nbsp;<\/strong><a href=\"https:\/\/maps.app.goo.gl\/mhTXMo7JpDAe7pUf8\" target=\"_blank\" rel=\"noreferrer noopener\"><strong>D\u0105browa G\u00f3rnicza<\/strong><\/a>&nbsp;(sur) en agosto del a\u00f1o pasado.<\/p>\n\n\n\n<p>El\u00a0<strong>sacerdote<\/strong>, que poco despu\u00e9s de los hechos\u00a0<strong>decidi\u00f3 instalarse unas semanas en Turqu\u00eda para eludir la atenci\u00f3n p\u00fablica<\/strong>, deber\u00e1 permanecer durante al menos los dos pr\u00f3ximos meses en arresto, a la espera de que comience el juicio.<\/p>\n\n\n\n<p>Los hechos se remontan\u00a0<strong>a finales de agosto<\/strong>, cuando el padre Tomasz, p\u00e1rroco del santuario de la Virgen de los \u00c1ngeles de D\u0105browa G\u00f3rnicza,\u00a0<strong>organiz\u00f3 una fiesta en la residencia parroquial<\/strong>\u00a0en la que participaron\u00a0<strong>varios sacerdotes y un prostituto<\/strong>.<\/p>\n\n\n\n<p>Seg\u00fan fuentes policiales,\u00a0<strong>los asistentes ingirieron drogas de varios tipos<\/strong>\u00a0y el hombre que estaba contratado para prestar servicios sexuales\u00a0<strong>perdi\u00f3 el conocimiento<\/strong>, tras lo cual una ambulancia acudi\u00f3 al domicilio, pero una vez all\u00ed,\u00a0<strong>los curas impidieron a los enfermeros entrar<\/strong>\u00a0y pidieron sacar ellos mismos al enfermo.<\/p>\n\n\n\n<p><\/p>\n\n\n\n<p>Finalmente,&nbsp;<strong>la polic\u00eda se person\u00f3 en el lugar de los hechos<\/strong>, se pudo dar asistencia m\u00e9dica al hombre que&nbsp;<strong>estaba inconsciente<\/strong>&nbsp;y el incidente recibi\u00f3 un amplio eco en los medios, lo que finalmente provoc\u00f3 el relevo del obispo de la di\u00f3cesis de Sosnowiec (sur), Grzegorz Kaszak.<\/p>\n\n\n\n<h2 class=\"wp-block-heading\">Org\u00eda de sacerdotes en Polonia<\/h2>\n\n\n\n<p>La investigaci\u00f3n llevada a cabo por la fiscal\u00eda trata a\u00fan de&nbsp;<strong>esclarecer si el hombre que perdi\u00f3 el conocimiento por la ingesti\u00f3n de drogas<\/strong>, y que en el proceso tiene la consideraci\u00f3n de v\u00edctima, era o no un trabajador sexual y cobr\u00f3 por asistir a la fiesta o lo hizo gratis.<\/p>\n\n\n\n<blockquote class=\"wp-block-quote is-layout-flow wp-block-quote-is-layout-flow\"><p>Los asistentes ingirieron varias drogas y el prostituto perdi\u00f3 el conocimiento. Una ambulancia acudi\u00f3 al domicilio, pero una vez all\u00ed, los curas impidieron a los enfermeros entrar.<\/p><\/blockquote>\n\n\n\n<p>En declaraciones posteriores a los hechos, Tomasz Z.&nbsp;<strong>remiti\u00f3 una carta a los medios de comunicaci\u00f3n<\/strong>&nbsp;en la que declar\u00f3 que \u00absi algo similar le hubiera sucedido a una persona cualquiera, que tuviera una profesi\u00f3n diferente, y no a un cl\u00e9rigo, no habr\u00eda habido ning\u00fan problema\u00bb.<\/p>\n\n\n\n<p>Fuente: <a href=\"https:\/\/www.vozpopuli.com\/internacional\/detienen-sacerdote-polonia-orgia-drogo-prostituto.html\">https:\/\/www.vozpopuli.com\/internacional\/detienen-sacerdote-polonia-orgia-drogo-prostituto.html<\/a><\/p>\n\n\n\n<p><\/p>\n","protected":false},"excerpt":{"rendered":"<p>Los hechos se remontan a finales de agosto, cuando el sacerdote organiz\u00f3 una fiesta en la residencia parroquial en la [&hellip;]<\/p>\n","protected":false},"author":1,"featured_media":66348,"comment_status":"open","ping_status":"open","sticky":false,"template":"","format":"standard","meta":{"site-sidebar-layout":"default","site-content-layout":"","ast-site-content-layout":"default","site-content-style":"default","site-sidebar-style":"default","ast-global-header-display":"","ast-banner-title-visibility":"","ast-main-header-display":"","ast-hfb-above-header-display":"","ast-hfb-below-header-display":"","ast-hfb-mobile-header-display":"","site-post-title":"","ast-breadcrumbs-content":"","ast-featured-img":"","footer-sml-layout":"","theme-transparent-header-meta":"","adv-header-id-meta":"","stick-header-meta":"","header-above-stick-meta":"","header-main-stick-meta":"","header-below-stick-meta":"","astra-migrate-meta-layouts":"default","ast-page-background-enabled":"default","ast-page-background-meta":{"desktop":{"background-color":"var(--ast-global-color-4)","background-image":"","background-repeat":"repeat","background-position":"center center","background-size":"auto","background-attachment":"scroll","background-type":"","background-media":"","overlay-type":"","overlay-color":"","overlay-opacity":"","overlay-gradient":""},"tablet":{"background-color":"","background-image":"","background-repeat":"repeat","background-position":"center center","background-size":"auto","background-attachment":"scroll","background-type":"","background-media":"","overlay-type":"","overlay-color":"","overlay-opacity":"","overlay-gradient":""},"mobile":{"background-color":"","background-image":"","background-repeat":"repeat","background-position":"center center","background-size":"auto","background-attachment":"scroll","background-type":"","background-media":"","overlay-type":"","overlay-color":"","overlay-opacity":"","overlay-gradient":""}},"ast-content-background-meta":{"desktop":{"background-color":"var(--ast-global-color-5)","background-image":"","background-repeat":"repeat","background-position":"center center","background-size":"auto","background-attachment":"scroll","background-type":"","background-media":"","overlay-type":"","overlay-color":"","overlay-opacity":"","overlay-gradient":""},"tablet":{"background-color":"var(--ast-global-color-5)","background-image":"","background-repeat":"repeat","background-position":"center center","background-size":"auto","background-attachment":"scroll","background-type":"","background-media":"","overlay-type":"","overlay-color":"","overlay-opacity":"","overlay-gradient":""},"mobile":{"background-color":"var(--ast-global-color-5)","background-image":"","background-repeat":"repeat","background-position":"center center","background-size":"auto","background-attachment":"scroll","background-type":"","background-media":"","overlay-type":"","overlay-color":"","overlay-opacity":"","overlay-gradient":""}},"footnotes":""},"categories":[8],"tags":[3472,21520,21521],"class_list":["post-66347","post","type-post","status-publish","format-standard","has-post-thumbnail","hentry","category-noticias","tag-drogas","tag-parroquia-dabrowa-gornicza","tag-saxerdote-polaco"],"_links":{"self":[{"href":"https:\/\/losperiodistas.com.mx\/portal\/wp-json\/wp\/v2\/posts\/66347","targetHints":{"allow":["GET"]}}],"collection":[{"href":"https:\/\/losperiodistas.com.mx\/portal\/wp-json\/wp\/v2\/posts"}],"about":[{"href":"https:\/\/losperiodistas.com.mx\/portal\/wp-json\/wp\/v2\/types\/post"}],"author":[{"embeddable":true,"href":"https:\/\/losperiodistas.com.mx\/portal\/wp-json\/wp\/v2\/users\/1"}],"replies":[{"embeddable":true,"href":"https:\/\/losperiodistas.com.mx\/portal\/wp-json\/wp\/v2\/comments?post=66347"}],"version-history":[{"count":1,"href":"https:\/\/losperiodistas.com.mx\/portal\/wp-json\/wp\/v2\/posts\/66347\/revisions"}],"predecessor-version":[{"id":66349,"href":"https:\/\/losperiodistas.com.mx\/portal\/wp-json\/wp\/v2\/posts\/66347\/revisions\/66349"}],"wp:featuredmedia":[{"embeddable":true,"href":"https:\/\/losperiodistas.com.mx\/portal\/wp-json\/wp\/v2\/media\/66348"}],"wp:attachment":[{"href":"https:\/\/losperiodistas.com.mx\/portal\/wp-json\/wp\/v2\/media?parent=66347"}],"wp:term":[{"taxonomy":"category","embeddable":true,"href":"https:\/\/losperiodistas.com.mx\/portal\/wp-json\/wp\/v2\/categories?post=66347"},{"taxonomy":"post_tag","embeddable":true,"href":"https:\/\/losperiodistas.com.mx\/portal\/wp-json\/wp\/v2\/tags?post=66347"}],"curies":[{"name":"wp","href":"https:\/\/api.w.org\/{rel}","templated":true}]}}