{"id":66335,"date":"2024-01-12T08:17:05","date_gmt":"2024-01-12T14:17:05","guid":{"rendered":"http:\/\/losperiodistas.com.mx\/portal\/?p=66335"},"modified":"2024-01-12T08:17:07","modified_gmt":"2024-01-12T14:17:07","slug":"cruz-celdran-gran-priora-de-los-templarios-en-espana-rompe-su-silencio-asi-sobrevive-la-orden-militar-de-caballeros-en-2024-porfolio","status":"publish","type":"post","link":"https:\/\/losperiodistas.com.mx\/portal\/cruz-celdran-gran-priora-de-los-templarios-en-espana-rompe-su-silencio-asi-sobrevive-la-orden-militar-de-caballeros-en-2024-porfolio\/","title":{"rendered":"Cruz Celdr\u00e1n, Gran Priora de los templarios en Espa\u00f1a, rompe su silencio: as\u00ed sobrevive la orden militar de caballeros en 2024 | Porfolio"},"content":{"rendered":"\n<h2 class=\"has-background has-medium-font-size wp-block-heading\" style=\"background-color:#f75df5\">La representante de la Orden Soberana y Militar del Temple de Jerusal\u00e9n desvela a EL ESPA\u00d1OL | Porfolio algunos de los secretos y pr\u00e1cticas de esta organizaci\u00f3n internacional que deriva de los templarios medievales.<\/h2>\n\n\n\n<figure class=\"wp-block-image size-large is-style-default\"><img fetchpriority=\"high\" decoding=\"async\" width=\"1024\" height=\"576\" src=\"https:\/\/losperiodistas.com.mx\/portal\/wp-content\/uploads\/2024\/01\/822177951_238855049_1706x960-1024x576.jpg\" alt=\"\" class=\"wp-image-66336\" srcset=\"https:\/\/losperiodistas.com.mx\/portal\/wp-content\/uploads\/2024\/01\/822177951_238855049_1706x960-1024x576.jpg 1024w, https:\/\/losperiodistas.com.mx\/portal\/wp-content\/uploads\/2024\/01\/822177951_238855049_1706x960-300x169.jpg 300w, https:\/\/losperiodistas.com.mx\/portal\/wp-content\/uploads\/2024\/01\/822177951_238855049_1706x960-768x432.jpg 768w, https:\/\/losperiodistas.com.mx\/portal\/wp-content\/uploads\/2024\/01\/822177951_238855049_1706x960-1536x864.jpg 1536w, https:\/\/losperiodistas.com.mx\/portal\/wp-content\/uploads\/2024\/01\/822177951_238855049_1706x960.jpg 1706w\" sizes=\"(max-width: 1024px) 100vw, 1024px\" \/><figcaption>Cruz Celdr\u00e1n, la Gran Priora de los Templarios de Espa\u00f1a: \u00ab7 enero, 2024\u00a0<\/figcaption><\/figure>\n\n\n\n<p><\/p>\n\n\n\n<p class=\"has-vivid-red-color has-text-color has-medium-font-size\"><strong>DAVID G. MACIEJEWSKI \/ PORTFOLIO<\/strong><\/p>\n\n\n\n<p id=\"paragraph_1\">Como si fuese un faro en la tiniebla de la historia, la&nbsp;<strong>Orden Soberana y Militar del Temple de Jerusal\u00e9n<\/strong>&nbsp;(<strong>OSMTJ<\/strong>) sobrevive a los azotes del tiempo. Puede que para muchos ateos o agn\u00f3sticos militantes esta orden sea un anacronismo, pero sus integrantes est\u00e1n activos, avivan la llama de la tradici\u00f3n y est\u00e1n distribuidos por todo el mundo en 50 o 60 prioratos que agrupan a&nbsp;<strong>80.000<\/strong>&nbsp;<strong>fieles<\/strong>.&nbsp;Ellos aseguran ser los aut\u00e9nticos representantes de los&nbsp;<strong>militares de fe<\/strong>&nbsp;que, anta\u00f1o, entre&nbsp;<strong>1118<\/strong>&nbsp;y&nbsp;<strong>1312<\/strong>, se convirtieron en protectores y custodios de los peregrinos cristianos que viajaban a la<strong>&nbsp;Tierra Santa<\/strong>&nbsp;de&nbsp;<strong>Jerusal\u00e9n<\/strong>. Los famosos&nbsp;<a href=\"https:\/\/www.elespanol.com\/mundo\/20231021\/templarios-rebelan-papa-piden-rehabilitar-orden-compensacion-economica\/802670018_0.html\"><strong>templarios<\/strong><\/a>. 712 a\u00f1os despu\u00e9s de su disoluci\u00f3n por decreto del papa&nbsp;<strong>Clemente V<\/strong>, est\u00e1n representados internacionalmente por el Gran Maestre de la Orden, fray&nbsp;<strong>Jacques Dubos<\/strong>, y, en Espa\u00f1a, por&nbsp;<strong>Cruz Celdr\u00e1n<\/strong>, su&nbsp;<strong>Gran Priora General<\/strong>.<\/p>\n\n\n\n<p id=\"paragraph_2\">Espa\u00f1a no es un gran m\u00fasculo de&nbsp;<a href=\"https:\/\/www.elespanol.com\/cultura\/historia\/20190202\/gran-cruzada-caballeros-templarios-crearon-banca-moderna\/372963844_0.html\">templarios<\/a>, pero algo suma. Celdr\u00e1n, concretamente, es la l\u00edder de un grupo de&nbsp;<strong>200 personas<\/strong>&nbsp;que forman las filas del escuadr\u00f3n de&nbsp;<strong>caballeros<\/strong>&nbsp;y&nbsp;<strong>damas<\/strong>&nbsp;<strong>templarias<\/strong>&nbsp;de la OSMTJ espa\u00f1ola. Se definen a s\u00ed mismos como una&nbsp;<strong>asociaci\u00f3n de tipo civil<\/strong>&nbsp;a la par que una rama de la&nbsp;<strong>OSMTH<\/strong>, la<strong>&nbsp;Ordo Supremus Militaris Templi Hierosolymitani<\/strong>, organizaci\u00f3n universal que se ha erigido en la aut\u00e9ntica&nbsp;<strong>representante de los templarios en el mundo<\/strong>. Hasta el Consejo Econ\u00f3mico y Social de la ONU los reconoce como miembro asociado de la Oficina Internacional de la Paz y forman parte, desde 2014, de la<strong>&nbsp;Conferencia de ONGs<\/strong>&nbsp;de las&nbsp;<strong>Naciones Unidas<\/strong>.<\/p>\n\n\n\n<p id=\"paragraph_3\">\u00abExisten otras organizaciones que se han inscrito como templarias, pero pertenecer a la OSMTH nos da la\u00a0<strong>legitimidad<\/strong>\u00a0frente a ellas. Adem\u00e1s, en nuestro caso, tenemos los archivos originales de la Orden del Temple. Sobran las palabras, \u00bfno? Nadie m\u00e1s podr\u00eda decir algo as\u00ed\u00bb. Quien habla es la propia Gran Priora, Cruz Celdr\u00e1n, que recibe a\u00a0<a href=\"https:\/\/www.elespanol.com\/porfolio\/\" target=\"_blank\" rel=\"noreferrer noopener\"><strong>EL ESPA\u00d1OL | Porfolio<\/strong><\/a>\u00a0en la barcelonesa<strong>\u00a0parroquia de Santa Anna<\/strong>. All\u00ed, todos los s\u00e1bados, la OSMTJ da de comer a los pobres y realiza actos ben\u00e9ficos. \u00abNo suelo hacer entrevistas con la prensa. Preferir\u00eda que hubierais hablado con otro de los hermanos, pero ya que insististeis tanto sent\u00eda curiosidad por ver qu\u00e9 cont\u00e1is. Porque ten\u00e9is que decir la verdad, \u00bfeh?\u00bb.\u00a0<\/p>\n\n\n\n<figure class=\"wp-block-image size-full is-style-default\"><img decoding=\"async\" width=\"1024\" height=\"576\" src=\"https:\/\/losperiodistas.com.mx\/portal\/wp-content\/uploads\/2024\/01\/822678159_238911780_1024x576.jpg\" alt=\"\" class=\"wp-image-66337\" srcset=\"https:\/\/losperiodistas.com.mx\/portal\/wp-content\/uploads\/2024\/01\/822678159_238911780_1024x576.jpg 1024w, https:\/\/losperiodistas.com.mx\/portal\/wp-content\/uploads\/2024\/01\/822678159_238911780_1024x576-300x169.jpg 300w, https:\/\/losperiodistas.com.mx\/portal\/wp-content\/uploads\/2024\/01\/822678159_238911780_1024x576-768x432.jpg 768w\" sizes=\"(max-width: 1024px) 100vw, 1024px\" \/><figcaption>Cruz Celdr\u00e1n, Gran Priora General de los templarios espa\u00f1oles, en la parroquia de Santa Anna, en Barcelona.\u00a0Joan G\u00e1lvez\u00a0E. E.<\/figcaption><\/figure>\n\n\n\n<p><\/p>\n\n\n\n<p id=\"paragraph_4\">La&nbsp;<strong>formalidad<\/strong>&nbsp;con la que se relaciona Celdr\u00e1n&nbsp;har\u00eda sonar la frase como una&nbsp;<strong>amenaza<\/strong>, pero tras conversar con ella m\u00e1s de una hora en la parroquia, coger algo de confianza y ver c\u00f3mo sus hermanos y hermanas templarias se involucran con los m\u00e1s desfavorecidos, cualquier prejuicio queda desarmado. Es buena persona. Caminamos alrededor del claustro del centro religioso y en el jard\u00edn un grupo de adolescentes rodeado de monjas y un cura toca&nbsp;<em>American Idiot<\/em>&nbsp;de&nbsp;<strong>Green Day<\/strong>. El choque entre la fe a\u00f1osa que desprenden los muros y el rock festivo de los j\u00f3venes supone una colisi\u00f3n temporal entre pasado y presente. En esa ecuaci\u00f3n m\u00edstica se encuentra la templaria, emperejilada en una sobria camisa marr\u00f3n y una elegante americana con un pin de la&nbsp;<em>croix de gueules<\/em>&nbsp;roja con doble travesa\u00f1o.<a href=\"https:\/\/www.outbrain.com\/what-is\/default\/es\">Recomendado por<\/a><a href=\"https:\/\/tracking.capital-genrn-online.com\/941a2b10-5345-4a81-bd1b-058838a070c7?adid=003860f51e2f0142c624e2c3a83cbbd007&amp;adtitle=%C2%A1Invierta+%24250+en+acciones+de+Pemex+y+reciba+m%C3%A1s+de+%241250+a+la+semana%21&amp;sourceid=$source_id$&amp;campaignid=003289d8b9366e5ebef268fb7b3286ad17&amp;sectionid=$section_id$&amp;sectionname=$section_name$&amp;publisherid=$publisher_id$&amp;publishername=$publisher_name$&amp;ob_click_id=$ob_click_id$&amp;obOrigUrl=true\" target=\"_blank\" rel=\"noreferrer noopener\"><strong>\u00a1Invierta $250 en acciones de Pemex y reciba m\u00e1s de $1250 a la semana!<\/strong>No te pierdas esta oportunidad<\/a><\/p>\n\n\n\n<p id=\"paragraph_5\">Los templarios suman, explica la dama, una cincuentena de prioratos como el que ella dirige en todo el mundo. La OSMTJ de Espa\u00f1a es s\u00f3lo uno m\u00e1s, y cada pa\u00eds tiene a su Gran Prior o, en este caso, Priora. Hay miembros en el&nbsp;<strong>Congo<\/strong>&nbsp;africano, en&nbsp;<strong>China<\/strong>, en&nbsp;<strong>Rusia<\/strong>, en toda&nbsp;<strong>Europa<\/strong>, en&nbsp;<strong>Am\u00e9rica<\/strong>, desde el norte hasta el sur. \u00abPero todo est\u00e1 muy vinculado a Par\u00eds\u00bb, asegura Celdr\u00e1n. Al fin y al cabo, la&nbsp;<strong>Orden de los Pobres Compa\u00f1eros de Cristo del Templo del Rey Salom\u00f3n<\/strong>, los&nbsp;<a href=\"https:\/\/www.elespanol.com\/el-cultural\/historia\/20220312\/sangre-polvo-persecucion-historia-grafica-inmersiva-templarios\/656434487_0.html\">templarios<\/a>&nbsp;militares cat\u00f3licos originarios, nacieron en 1118 por decisi\u00f3n de&nbsp;<strong>nueve caballeros franceses<\/strong>&nbsp;liderados por&nbsp;<strong>Hugo de Payns<\/strong>.<\/p>\n\n\n\n<p id=\"paragraph_6\"><a href=\"https:\/\/www.elespanol.com\/porfolio\/la-vida\/20231230\/horas-silencio-mistico-abad-octavio-ultimos-monjes-orden-cister-espana\/818168653_0.html\"><em>[Mis 48 horas de silencio m\u00edstico con el abad Octavio y los \u00faltimos 20 monjes de la Orden del C\u00edster en Espa\u00f1a]<\/em><\/a><\/p>\n\n\n\n<p id=\"paragraph_7\">\u00abNuestra orden siempre ha estado activa. Lo \u00fanico que, por motivos de seguridad, pas\u00f3 a la clandestinidad tras la muerte de&nbsp;<strong>Jacques de Molay<\/strong>\u00ab. La historia es, cuanto menos, curiosa. Tras ser una pieza esencial de las cruzadas y de la defensa de Tierra Santa y una de las \u00f3rdenes militares religiosas medievales m\u00e1s importantes y acaudaladas, los templarios fueron perdiendo poder e influencia. Su \u00faltimo Gran Maestre,&nbsp;<strong>Jacques de Molay<\/strong>, fue asesinado en la hoguera por el rey Felipe IV de Francia en 1314.<\/p>\n\n\n\n<p id=\"paragraph_8\">El monarca estaba deseando liberar a\u00a0<strong>Francia<\/strong>\u00a0de tener que pagar a la Orden del Temple todos los\u00a0<strong>adelantos<\/strong>\u00a0<strong>pecuniarios<\/strong>\u00a0que le hab\u00eda pedido. El pa\u00eds estaba pr\u00e1cticamente en\u00a0<strong>bancarrota<\/strong>\u00a0y, falto de escr\u00fapulos, a Felipe IV se le ocurri\u00f3 apropiarse de las riquezas templarias para salvarse econ\u00f3micamente. Entonces, los acus\u00f3 de\u00a0<strong>herej\u00eda<\/strong>, de\u00a0<strong>sacrilegio<\/strong>, de\u00a0<strong>sodom\u00eda<\/strong>, de\u00a0<strong>idolatrar<\/strong>\u00a0a deidades demon\u00edacas como\u00a0<strong>Baphomet<\/strong>\u00a0o\u00a0<strong>Lucifer<\/strong>. El propio papa Clemente V dio el visto bueno a tales acusaciones. De Molay y otros tantos caballeros se confesaron culpables tras ser v\u00edctima de brutales torturas \u2013muchos de ellos se retractaron despu\u00e9s\u2013 y fueron quemados vivos. En 1314, la Orden del Temple fue dada por muerta, prohibida, olvidada, mancillada.<\/p>\n\n\n\n<figure class=\"wp-block-image size-full is-style-default\"><img decoding=\"async\" width=\"1024\" height=\"576\" src=\"https:\/\/losperiodistas.com.mx\/portal\/wp-content\/uploads\/2024\/01\/822678164_238911929_1024x576.jpg\" alt=\"\" class=\"wp-image-66338\" srcset=\"https:\/\/losperiodistas.com.mx\/portal\/wp-content\/uploads\/2024\/01\/822678164_238911929_1024x576.jpg 1024w, https:\/\/losperiodistas.com.mx\/portal\/wp-content\/uploads\/2024\/01\/822678164_238911929_1024x576-300x169.jpg 300w, https:\/\/losperiodistas.com.mx\/portal\/wp-content\/uploads\/2024\/01\/822678164_238911929_1024x576-768x432.jpg 768w\" sizes=\"(max-width: 1024px) 100vw, 1024px\" \/><figcaption>Cruz Celdr\u00e1n, Gran Priora General de los templarios espa\u00f1oles, en el jard\u00edn del claustro de la parroquia de Santa Anna, en Barcelona.\u00a0Joan G\u00e1lvez\u00a0E. E.<\/figcaption><\/figure>\n\n\n\n<p id=\"paragraph_9\">\u00abDios sabe qui\u00e9n se equivoca y ha pecado y la desgracia se abatir\u00e1 pronto sobre aquellos que nos han condenado sin raz\u00f3n\u00bb, se dice que dijo Molay antes de arder vivo en la&nbsp;<strong>Catedral de Notre Dame<\/strong>. \u00abDios vengar\u00e1 nuestra muerte. Se\u00f1or, sabed que, en verdad, todos aquellos que nos son contrarios, por nosotros van a sufrir. Clemente, y t\u00fa tambi\u00e9n, Felipe, traidores a la palabra dada, \u00a1os emplazo a los dos ante el Tribunal de Dios! A ti, Clemente, antes de cuarenta d\u00edas, y a ti, Felipe, dentro de este a\u00f1o\u00bb. Su maldici\u00f3n se cumpli\u00f3:&nbsp;<strong>Clemente V<\/strong>&nbsp;muri\u00f3 el 20 de abril de aquel a\u00f1o y&nbsp;<strong>Felipe IV<\/strong>&nbsp;en noviembre.&nbsp;<\/p>\n\n\n\n<p id=\"paragraph_10\">Tras esta breve lecci\u00f3n de historia, Celdr\u00e1n se introduce en una capilla oscura en la que hay un bel\u00e9n iluminado con velitas sobre las cuales preside la estancia, solemne, una enorme cruz de madera con un Jes\u00fas crucificado. \u00abEn 1705, con la firma del&nbsp;<strong>Tratado de Versalles<\/strong>, la orden vuelve a salir a la luz\u00bb, explica Celdr\u00e1n. \u00abDesde entonces, hemos continuado. La documentaci\u00f3n que tenemos en nuestras manos viene a partir de esa &#8216;reinstauraci\u00f3n&#8217;.&nbsp;Los archivos pasaron a Portugal durante la Segunda Guerra Mundial y fueron custodiados por Don Fernando Pinto Pereira de Sousa Fontes. Desde entonces, los custodia siempre el Gran Maestre de turno\u00bb.<\/p>\n\n\n\n<p id=\"paragraph_11\"><a href=\"https:\/\/www.elespanol.com\/porfolio\/20230917\/horas-retiro-espiritual-silencio-fray-mauro-ultimos-monjes-san-jeronimo-mundo\/794170628_0.html\"><em>[Mis 48 horas de retiro espiritual y silencio con fray Mauro y los cinco \u00faltimos monjes de San Jer\u00f3nimo en el mundo]<\/em><\/a><\/p>\n\n\n\n<p id=\"paragraph_12\"><strong>PREGUNTA.\u2013 Gran Priora, \u00bfa qu\u00e9 se dedica la Orden templaria en su d\u00eda a d\u00eda?<\/strong><\/p>\n\n\n\n<p id=\"paragraph_13\"><strong>RESPUESTA.\u2013<\/strong>&nbsp;Nos dedicamos a dar a conocer qu\u00e9 es la caballer\u00eda. Continuamos con la Orden del Temple, porque no se puede extinguir. Es muy importante para los cristianos de toda Europa. A lo largo del a\u00f1o, los templarios celebramos dos actos importantes y que son obligatorios para los miembros: la investidura de nuevos caballeros que han pasado el periodo de postulaci\u00f3n y la reuni\u00f3n de la Asamblea General, que siempre siempre hacemos en Madrid, y donde rendimos cuentas de todo lo que se ha hecho a lo largo del a\u00f1o y programamos el siguiente. El resto del tiempo hacemos obra social, tenemos este comedor, ofrecemos donaciones econ\u00f3micas, buscamos comida para los pobres. Es la parte rom\u00e1ntica.<\/p>\n\n\n\n<p id=\"paragraph_14\"><strong>P.\u2013 \u00bfQu\u00e9 implica ser un caballero templario?<\/strong><\/p>\n\n\n\n<p id=\"paragraph_15\"><strong>R.\u2013\u00a0<\/strong>Tener unos valores cristianos y aplicarlos en el d\u00eda a d\u00eda tanto en el entorno familiar como en el social o el trabajo. Debes, adem\u00e1s, ser una persona recta. \u00bfQu\u00e9 nos diferencia? Bueno, yo creo que somos personas normales y comunes. Lo que nos distingue son los hechos. Nuestro comportamiento. Pero no necesitas ser templario para ser buena persona. Hay personas muy buenas que no pertenecen a la orden. En nuestro caso, nos basamos much\u00edsimo en las 7 virtudes del caballero. La fe. La esperanza. La caridad. La prudencia. La justicia. La fortaleza. La templanza.<\/p>\n\n\n\n<figure class=\"wp-block-image size-full is-style-default\"><img loading=\"lazy\" decoding=\"async\" width=\"1024\" height=\"576\" src=\"https:\/\/losperiodistas.com.mx\/portal\/wp-content\/uploads\/2024\/01\/822678412_238919867_1024x576.jpg\" alt=\"\" class=\"wp-image-66339\" srcset=\"https:\/\/losperiodistas.com.mx\/portal\/wp-content\/uploads\/2024\/01\/822678412_238919867_1024x576.jpg 1024w, https:\/\/losperiodistas.com.mx\/portal\/wp-content\/uploads\/2024\/01\/822678412_238919867_1024x576-300x169.jpg 300w, https:\/\/losperiodistas.com.mx\/portal\/wp-content\/uploads\/2024\/01\/822678412_238919867_1024x576-768x432.jpg 768w\" sizes=\"(max-width: 1024px) 100vw, 1024px\" \/><figcaption>Elecci\u00f3n del 52 Gran Maestre de la Orden del Temple.\u00a0OSMTJ<\/figcaption><\/figure>\n\n\n\n<p id=\"paragraph_15\"><\/p>\n\n\n\n<p><\/p>\n\n\n\n<p id=\"paragraph_16\"><strong>P.\u2013 \u00bfCu\u00e1l es su posici\u00f3n ideol\u00f3gica? Entiendo que son bastante conservadores&#8230;<\/strong><\/p>\n\n\n\n<p id=\"paragraph_17\"><strong>R.\u2013<\/strong>&nbsp;Nosotros somos apol\u00edticos. Sabemos que, como persona cada uno tiene sus ideales, pero no nos pronunciamos. No somos una orden enfocada a eso. No tenemos nada que ver con la pol\u00edtica.<\/p>\n\n\n\n<p id=\"paragraph_18\"><strong>P.\u2013 Entonces, \u00bfen qu\u00e9 creen ustedes?<\/strong><\/p>\n\n\n\n<p id=\"paragraph_19\"><strong>R.\u2013<\/strong>&nbsp;Creemos en pacticar obras de beneficencia y de car\u00e1cter social y humano. En propagar las nobles tradiciones de la antigua caballer\u00eda. En participar en la investigaci\u00f3n y realizar estudios hist\u00f3ricos, her\u00e1ldicos y geneal\u00f3gicos, particularmente en relaci\u00f3n a la antigua tradici\u00f3n templaria. Tambi\u00e9n cooperamos&nbsp;en la restauraci\u00f3n de monumentos y obras de arte relacionadas con la tradici\u00f3n templaria, con las \u00d3rdenes de Caballer\u00eda o con la Edad Media en general. Fomentamos todos esos valores de cara al futuro, a trav\u00e9s de la cultura y educaci\u00f3n, y mantenemos estrecho y cordial contacto con instituciones similares.<\/p>\n\n\n\n<p id=\"paragraph_20\"><a href=\"https:\/\/www.elespanol.com\/porfolio\/entrevistas\/20230204\/maestra-logia-femenina-lorca-azana-campoamor-franco\/738426524_0.html\"><em>[Mar, la Gran Maestra de la Logia Femenina: \u00abLorca, Aza\u00f1a y Campoamor eran masones, y se dice que Franco lo intent\u00f3 dos veces\u00bb]<\/em><\/a><\/p>\n\n\n\n<p id=\"paragraph_21\"><strong>P.\u2013 El otro d\u00eda el papa Francisco asegur\u00f3 que la Iglesia bendecir\u00eda a las parejas homosexuales. \u00bfQu\u00e9 opina?<\/strong><\/p>\n\n\n\n<p id=\"paragraph_22\"><strong>R.\u2013<\/strong>&nbsp;Nosotros no estamos en contra del colectivo gay. No nos molestan. Ni fu, ni fa. No puedo decir que no tengamos alg\u00fan gay entre nosotros, pero nosotros tampoco lo sabemos. La parte sexual de cada persona es muy personal. No entramos en ello. Sabemos que est\u00e1n. Que existen. Y no nos molestan para nada. Hacemos nuestro d\u00eda a d\u00eda tanto si hay gays como si no los hay.<\/p>\n\n\n\n<p id=\"paragraph_23\"><strong>P.\u2013 Hablando de la Iglesia. Hace unos d\u00edas conoc\u00edamos que un grupo de templarios pidi\u00f3 al papa que se reinstaurase de forma oficial la Orden. Pero no fueron ustedes.&nbsp;<\/strong><\/p>\n\n\n\n<p id=\"paragraph_24\"><strong>R.\u2013\u00a0<\/strong>S\u00ed, fue la\u00a0Asociaci\u00f3n del Temple de Cristo. Es la segunda demanda que ponen. Nosotros no tenemos nada que ver con esas personas. Lo que nos diferencia de ellos y de otros &#8216;templarios&#8217; es que nosotros pertenecemos a una organizaci\u00f3n internacional, tenemos la documentaci\u00f3n del Temple, y ellos son s\u00f3lo meras asociaciones civiles. La OSMTH-OSMTJ no ha hecho ning\u00fan reclamo al Papa ni a la iglesia en general. Al contrario: trabajamos estrechamente con ellos, tenemos nuestro capell\u00e1n, que a su vez est\u00e1 investido caballero templario, y el capell\u00e1n internacional es monse\u00f1or Gino Ciocco, protonotario apost\u00f3lico del papa Francisco en el Vaticano.<\/p>\n\n\n\n<div class=\"wp-block-image is-style-default\"><figure class=\"alignleft size-large is-resized\"><img decoding=\"async\" src=\"https:\/\/losperiodistas.com.mx\/portal\/wp-content\/uploads\/2024\/01\/822678411_238919864_1706x3129-558x1024.jpg\" alt=\"\" class=\"wp-image-66340\" width=\"-120\" height=\"-220\" srcset=\"https:\/\/losperiodistas.com.mx\/portal\/wp-content\/uploads\/2024\/01\/822678411_238919864_1706x3129-558x1024.jpg 558w, https:\/\/losperiodistas.com.mx\/portal\/wp-content\/uploads\/2024\/01\/822678411_238919864_1706x3129-164x300.jpg 164w, https:\/\/losperiodistas.com.mx\/portal\/wp-content\/uploads\/2024\/01\/822678411_238919864_1706x3129-768x1409.jpg 768w, https:\/\/losperiodistas.com.mx\/portal\/wp-content\/uploads\/2024\/01\/822678411_238919864_1706x3129-837x1536.jpg 837w, https:\/\/losperiodistas.com.mx\/portal\/wp-content\/uploads\/2024\/01\/822678411_238919864_1706x3129-1117x2048.jpg 1117w, https:\/\/losperiodistas.com.mx\/portal\/wp-content\/uploads\/2024\/01\/822678411_238919864_1706x3129-scaled.jpg 1396w\" sizes=\"(max-width: 558px) 100vw, 558px\" \/><figcaption>Jerarqu\u00eda de la OSMTH-OSMTJ.\u00a0OSMTJ<\/figcaption><\/figure><\/div>\n\n\n\n<p><\/p>\n\n\n\n<p id=\"paragraph_25\"><strong>P.\u2013 \u00bfC\u00f3mo acaba usted en la Orden?<\/strong><\/p>\n\n\n\n<p id=\"paragraph_26\"><strong>R.\u2013<\/strong>&nbsp;Entr\u00e9 en el a\u00f1o 2003 porque mi primo \u00c1ngel ya era caballero templario. Aaparte de esto, nuestra familia tuvo tradici\u00f3n. Tuve un antepasado, Ram\u00f3n, que lleg\u00f3 a Espa\u00f1a y visti\u00f3 el h\u00e1bito de Santiago. Sus hijos y nietos siguieron la tradici\u00f3n templaria [los templarios se mantuvieron activos en la clandestinidad tras la disoluci\u00f3n de la orden, y fue sustituida por la de Santiago]. Hay parte de mi familia que tiene este sentimiento y otro que no. No pasada nada.&nbsp;&nbsp;<\/p>\n\n\n\n<p id=\"paragraph_27\"><strong>P.\u2013 Expl\u00edqueme qu\u00e9 pasos necesita seguir cualquier persona para hacerse caballero templario. Y qu\u00e9 cambia en su vida.<\/strong><\/p>\n\n\n\n<p id=\"paragraph_28\"><strong>R.\u2013&nbsp;<\/strong>En nuestro d\u00eda a d\u00eda, nada. En mi caso no soy caballero, sino dama templaria. Lo primero que haces es pasar la postulaci\u00f3n y ser investido. Ello requiere de dos a\u00f1os de postulaci\u00f3n. Durante esa postulaci\u00f3n, se hace un curso de formaci\u00f3n templaria y uno curso de espiritualidad tradicional. Que no se malinterprete: nosotros no somos nada esot\u00e9ricos. Somos cat\u00f3licos. Tenemos nuestro capell\u00e1n, tambi\u00e9n caballero templario. Las misas son las mismas de siempre. No hay diferencia. Lo \u00fanico es que la casulla del capell\u00e1n lleva el escudo del Gran Priorato de Espa\u00f1a.&nbsp;<\/p>\n\n\n\n<p id=\"paragraph_29\"><a href=\"https:\/\/www.elespanol.com\/porfolio\/entrevistas\/20230319\/jacobo-siruela-casa-alba-ia-desordenes-psicologicos\/742925991_0.html\"><em>[Jacobo Siruela, el editor de sangre azul y m\u00edstico de la Casa de Alba: \u00abLa IA nos conduce a des\u00f3rdenes sociales y psicol\u00f3gicos, al caos\u00bb]<\/em><\/a><\/p>\n\n\n\n<p id=\"paragraph_30\"><strong>P.\u2013&nbsp;\u00bfCualquiera puede formar parte de la Orden?<\/strong><\/p>\n\n\n\n<p id=\"paragraph_31\"><strong>R.\u2013<\/strong>&nbsp;Quien quiera. Que alguien tenga antepasados templarios es de lo menos importante. Los hay, pero no es habitual. S\u00ed se le pide que sea cristiano, cat\u00f3lico, que tenga el certificado de penales limpio y no pertenezca a ning\u00fan tipo de masoner\u00eda. Con ellos no nos llevamos. No tenemos trato. Son filosof\u00edas distintas.<\/p>\n\n\n\n<p id=\"paragraph_32\"><strong>P.\u2013 \u00bfA qu\u00e9 se dedica en su d\u00eda a d\u00eda fuera de la Orden?<\/strong><\/p>\n\n\n\n<p id=\"paragraph_33\"><strong>R.\u2013<\/strong>&nbsp;Trabajo en un despacho.<\/p>\n\n\n\n<p id=\"paragraph_34\"><strong>P.\u2013 \u00bfDe abogados?<\/strong><\/p>\n\n\n\n<p id=\"paragraph_35\"><strong>R.\u2013<\/strong>&nbsp;No. En un despacho. Prefiero no especificar m\u00e1s. Es un trabajo muy normal. El resto del tiempo se lo dedico a la Orden.<\/p>\n\n\n\n<p id=\"paragraph_36\"><strong>P.\u2013 \u00bfC\u00f3mo se financian?<\/strong><\/p>\n\n\n\n<p id=\"paragraph_37\"><strong>R.\u2013<\/strong>\u00a0La Orden se financia con donaciones y con las cuotas anuales que pagamos los asociados. Se puede pagar perfectamente. Nosotros, adem\u00e1s, no cobramos nada por nuestro trabajo. Ninguno de los hermanos. Lo hacemos todo por voluntad propia. <\/p>\n\n\n\n<figure class=\"wp-block-image size-full is-style-default\"><img loading=\"lazy\" decoding=\"async\" width=\"1024\" height=\"576\" src=\"https:\/\/losperiodistas.com.mx\/portal\/wp-content\/uploads\/2024\/01\/822678404_238919594_1024x576.jpeg\" alt=\"\" class=\"wp-image-66341\" srcset=\"https:\/\/losperiodistas.com.mx\/portal\/wp-content\/uploads\/2024\/01\/822678404_238919594_1024x576.jpeg 1024w, https:\/\/losperiodistas.com.mx\/portal\/wp-content\/uploads\/2024\/01\/822678404_238919594_1024x576-300x169.jpeg 300w, https:\/\/losperiodistas.com.mx\/portal\/wp-content\/uploads\/2024\/01\/822678404_238919594_1024x576-768x432.jpeg 768w\" sizes=\"(max-width: 1024px) 100vw, 1024px\" \/><figcaption>Cruz Celdr\u00e1n posa en un banco frente a la parroquia de Santa Anna, en Barcelona.\u00a0Joan G\u00e1lvez\u00a0E. E.<\/figcaption><\/figure>\n\n\n\n<h3 class=\"wp-block-heading\">El Consejo Mundial de Granada<\/h3>\n\n\n\n<p id=\"paragraph_38\">La trayectoria de Cruz Celdr\u00e1n para convertirse en Gran Priora es bastante dilatada. Desde 2003 hasta 2014 fue dama templaria. Entonces, la OSMTJ tuvo elecciones democr\u00e1ticas y los miembros del Gran Priorato de Espa\u00f1a la votaron a ella como jefa de operaciones de su asociaci\u00f3n civil. De momento,&nbsp;<strong>no le han salido rivales<\/strong>. \u00abSupongo que todos piensan que es mucho trabajo\u00bb, bromea.<\/p>\n\n\n\n<p id=\"paragraph_39\">Por debajo de la Gran Priora se encuentra la figura de la Gran Cruz, que es el grado m\u00e1ximo de los oficiales de la Orden, elegido a criterio del Gran Maestro o Maestra o del Gran Prior del priorato de turno. Tambi\u00e9n est\u00e1n el&nbsp;<strong>comendador<\/strong>, el&nbsp;<strong>oficial<\/strong>&nbsp;y, por debajo, los&nbsp;<strong>caballeros y damas profesos<\/strong>, cada uno con sus respectivas responsabilidades, aunque Celdr\u00e1n prefiere no entrar a explicar cada uno de sus cargos.<\/p>\n\n\n\n<p id=\"paragraph_40\"><a href=\"https:\/\/www.elespanol.com\/porfolio\/20230909\/juancho-jorge-guardian-secretos-san-olav-unica-ermita-vikinga-espana\/792920956_0.html\"><em>[Juancho Jorge, el guardi\u00e1n de los secretos de San Olav, la \u00fanica ermita vikinga de Espa\u00f1a]<\/em><\/a><\/p>\n\n\n\n<p id=\"paragraph_41\">\u00abB\u00e1sicamente, [los l\u00edderes] tenemos un trabajo burocr\u00e1tico. Como Gran Priora, adem\u00e1s, debo&nbsp;<strong>participar en las reuniones internacionales<\/strong>. Hay dos al a\u00f1o. Normalmente, una es en marzo y se celebra en Par\u00eds. Son los<strong>&nbsp;Actos de Jacques de Molay<\/strong>. Luego, en septiembre, tenemos otra que es itinerante. Este a\u00f1o, en 2024, celebraremos la&nbsp;<strong>investidura internacional en Granada<\/strong>. Vendr\u00e1n prioratos de todo el mundo y tendremos nuestra reuni\u00f3n mundial de priores junto al Gran Maestre y el&nbsp;<strong>Consejo Mundial<\/strong>\u00ab.&nbsp;<\/p>\n\n\n\n<p id=\"paragraph_42\"><strong>P.\u2013 \u00bfC\u00f3mo se estructuran en Espa\u00f1a?<\/strong><\/p>\n\n\n\n<p id=\"paragraph_43\"><strong>R.\u2013<\/strong>\u00a0Tenemos un albergue en Pamplona, La Pata de Oca, donde nuestra funci\u00f3n es la de hospitalero: mantenemos un trato directo con el peregrino. Adem\u00e1s, estamos en la Real Colegiata de San Isidro y Nuestra Se\u00f1ora del Buen Consejo de Madrid. All\u00ed hacemos los cap\u00edtulos anuales donde se da cuenta de todo lo que se ha hecho durante el a\u00f1o y lo que se va a programar para el pr\u00f3ximo a\u00f1o. En Barcelona hemos colaborado mucho con el comedor social de Santa Mar\u00eda Reina y hay algunas encomiendas que participan en C\u00e1ritas. En el Consejo Prioral somos nueve personas, entre ellos el Canciller y el Limosnero. La organizaci\u00f3n territorial peninsular se divide en casas y encomiendas. Cada casa tiene de responsable un regidor y las encomiendas un comendador. Ellos organizan los grupos de cada zona.<\/p>\n\n\n\n<figure class=\"wp-block-image size-full is-style-default\"><img loading=\"lazy\" decoding=\"async\" width=\"1024\" height=\"576\" src=\"https:\/\/losperiodistas.com.mx\/portal\/wp-content\/uploads\/2024\/01\/822678170_238912130_1024x576.jpg\" alt=\"\" class=\"wp-image-66342\" srcset=\"https:\/\/losperiodistas.com.mx\/portal\/wp-content\/uploads\/2024\/01\/822678170_238912130_1024x576.jpg 1024w, https:\/\/losperiodistas.com.mx\/portal\/wp-content\/uploads\/2024\/01\/822678170_238912130_1024x576-300x169.jpg 300w, https:\/\/losperiodistas.com.mx\/portal\/wp-content\/uploads\/2024\/01\/822678170_238912130_1024x576-768x432.jpg 768w\" sizes=\"(max-width: 1024px) 100vw, 1024px\" \/><figcaption>Detalle de la cruz colocada en la solapa de la americana de Cruz Celdr\u00e1n.\u00a0Joan G\u00e1lvez\u00a0E. E.<\/figcaption><\/figure>\n\n\n\n<p><\/p>\n\n\n\n<p id=\"paragraph_44\"><strong>P.\u2013 \u00bfQu\u00e9 representan sus s\u00edmbolos?<\/strong><\/p>\n\n\n\n<p id=\"paragraph_45\"><strong>R.\u2013<\/strong>&nbsp;El blanco es la pureza. En su momento fue la \u00fanica orden cristiana que pod\u00eda tener un manto blanco. Si te ibas de la orden, lo primero que hac\u00edan era quit\u00e1rtelo. Otros s\u00edmbolos que utilizamos: la Cruz de la Orden es la tradicional cruz roja, la croix de gueules, a doble travesa\u00f1o, el inferior m\u00e1s corto que el superior. El Gran Estandarte de la Orden, llamado Beauc\u00e9an (Baucennus), es blanco, y lleva la Cruz de la Orden hasta los bordes. El Estandarte de Guerra es parcelado de nueve partes en blanco y negro. La divisa de la Orden es: \u00abNon Nobis, Domine! Non Nobis, Sed Nomini Tuo Da Gloriam\u00bb.<\/p>\n\n\n\n<p id=\"paragraph_46\"><strong>P.\u2013 \u00bfSe consideran una orden paritaria?<\/strong><\/p>\n\n\n\n<p id=\"paragraph_47\"><strong>R.\u2013<\/strong>&nbsp;Bueno, en Espa\u00f1a es la primera vez que hay una Gran Priora. Hay pocas a nivel internacional. Una en Macedonia. En Italia tambi\u00e9n, pero se jubil\u00f3 con ochenta y pico. Y en Inglaterra hay otra.<\/p>\n\n\n\n<p id=\"paragraph_48\"><strong>P.\u2013 \u00bfSe considera usted una feminista?<\/strong><\/p>\n\n\n\n<p id=\"paragraph_49\">R.\u2013 No. Yo no soy feminista.<\/p>\n\n\n\n<p id=\"paragraph_50\"><strong>P.\u2013&nbsp;\u00bfSon los templarios muy dogm\u00e1ticos?<\/strong><\/p>\n\n\n\n<p id=\"paragraph_51\"><strong>R.\u2013<\/strong>&nbsp;El templario nunca ha sido radical. Pero est\u00e1n el bien y est\u00e1 el mal y en eso nos basamos.<\/p>\n\n\n\n<p id=\"paragraph_52\"><a href=\"https:\/\/www.elespanol.com\/porfolio\/20230909\/juancho-jorge-guardian-secretos-san-olav-unica-ermita-vikinga-espana\/792920956_0.html\"><em>[Juancho Jorge, el guardi\u00e1n de los secretos de San Olav, la \u00fanica ermita vikinga de Espa\u00f1a]<\/em><\/a><\/p>\n\n\n\n<p id=\"paragraph_53\"><strong>P.\u2013 Me imagino que ustedes, a pesar de tener tanto arraigo en Barcelona, tampoco contar\u00e1n con templarios independentistas.<\/strong><\/p>\n\n\n\n<p id=\"paragraph_54\"><strong>R.\u2013<\/strong>&nbsp;No, porque en nuestro ritual ya hacemos un juramento a la patria, tanto si eres del pa\u00eds como si eres acogido. Le debemos un respeto a la bandera. Puede haber templarios de izquierdas, pero tampoco lo sabemos. La orden se define como apol\u00edtica y, a partir de ah\u00ed, cada uno tiene sus ideas. Evidentemente, cada uno va a votar, y yo no s\u00e9 qu\u00e9 votan, pero de cara a la orden&#8230; no hay independentistas.<\/p>\n\n\n\n<p id=\"paragraph_55\"><strong>P.\u2013 \u00bfHay alg\u00fan personaje ilustre entre sus filas?<\/strong><\/p>\n\n\n\n<p id=\"paragraph_56\"><strong>R.\u2013<\/strong>&nbsp;El escultor&nbsp;Sergio Rodella, que falleci\u00f3 hace un a\u00f1o. \u00c9l estaba en el Gran Priorato de Italia. Fue el artista que hizo la imagen en 3D de la S\u00e1bana Santa y estuvo expuesta en Madrid en la Real Colegiata.<\/p>\n\n\n\n<p id=\"paragraph_57\"><strong>P.\u2013 Cuando a la gente le dice que es templaria en 2024, \u00bfqu\u00e9 dice? \u00bfNo les resulta raro?<\/strong><\/p>\n\n\n\n<p id=\"paragraph_58\"><strong>R.\u2013<\/strong>\u00a0Yo no lo considero raro. Lo veo como algo muy normal. Hay gente que s\u00ed que se extra\u00f1a. &#8216;\u00bfPero existen todav\u00eda?&#8217;, se preguntan. Quiz\u00e1s es que la gente no se ha preocupado mucho en ahondar en la historia. Digo yo. Pero hay que mantener el Temple. No podemos dejar que la tradici\u00f3n muera.<\/p>\n\n\n\n<p>Fuente: <a href=\"https:\/\/www.elespanol.com\/porfolio\/20240107\/cruz-celdran-gran-priora-templarios-espana-rompe-silencio-sobrevive-orden-militar-caballeros\/822167894_0.html\">https:\/\/www.elespanol.com\/porfolio\/20240107\/cruz-celdran-gran-priora-templarios-espana-rompe-silencio-sobrevive-orden-militar-caballeros\/822167894_0.html<\/a><\/p>\n","protected":false},"excerpt":{"rendered":"<p>La representante de la Orden Soberana y Militar del Temple de Jerusal\u00e9n desvela a EL ESPA\u00d1OL | Porfolio algunos de [&hellip;]<\/p>\n","protected":false},"author":1,"featured_media":66336,"comment_status":"open","ping_status":"open","sticky":false,"template":"","format":"standard","meta":{"site-sidebar-layout":"default","site-content-layout":"","ast-site-content-layout":"default","site-content-style":"default","site-sidebar-style":"default","ast-global-header-display":"","ast-banner-title-visibility":"","ast-main-header-display":"","ast-hfb-above-header-display":"","ast-hfb-below-header-display":"","ast-hfb-mobile-header-display":"","site-post-title":"","ast-breadcrumbs-content":"","ast-featured-img":"","footer-sml-layout":"","theme-transparent-header-meta":"","adv-header-id-meta":"","stick-header-meta":"","header-above-stick-meta":"","header-main-stick-meta":"","header-below-stick-meta":"","astra-migrate-meta-layouts":"default","ast-page-background-enabled":"default","ast-page-background-meta":{"desktop":{"background-color":"var(--ast-global-color-4)","background-image":"","background-repeat":"repeat","background-position":"center center","background-size":"auto","background-attachment":"scroll","background-type":"","background-media":"","overlay-type":"","overlay-color":"","overlay-opacity":"","overlay-gradient":""},"tablet":{"background-color":"","background-image":"","background-repeat":"repeat","background-position":"center center","background-size":"auto","background-attachment":"scroll","background-type":"","background-media":"","overlay-type":"","overlay-color":"","overlay-opacity":"","overlay-gradient":""},"mobile":{"background-color":"","background-image":"","background-repeat":"repeat","background-position":"center center","background-size":"auto","background-attachment":"scroll","background-type":"","background-media":"","overlay-type":"","overlay-color":"","overlay-opacity":"","overlay-gradient":""}},"ast-content-background-meta":{"desktop":{"background-color":"var(--ast-global-color-5)","background-image":"","background-repeat":"repeat","background-position":"center center","background-size":"auto","background-attachment":"scroll","background-type":"","background-media":"","overlay-type":"","overlay-color":"","overlay-opacity":"","overlay-gradient":""},"tablet":{"background-color":"var(--ast-global-color-5)","background-image":"","background-repeat":"repeat","background-position":"center center","background-size":"auto","background-attachment":"scroll","background-type":"","background-media":"","overlay-type":"","overlay-color":"","overlay-opacity":"","overlay-gradient":""},"mobile":{"background-color":"var(--ast-global-color-5)","background-image":"","background-repeat":"repeat","background-position":"center center","background-size":"auto","background-attachment":"scroll","background-type":"","background-media":"","overlay-type":"","overlay-color":"","overlay-opacity":"","overlay-gradient":""}},"footnotes":""},"categories":[8],"tags":[21514,6247,21513,9840],"class_list":["post-66335","post","type-post","status-publish","format-standard","has-post-thumbnail","hentry","category-noticias","tag-80-mil-templarios-en-el-mundo","tag-iglesia-catolica","tag-orden-del-temple-esta-vigente","tag-templarios"],"_links":{"self":[{"href":"https:\/\/losperiodistas.com.mx\/portal\/wp-json\/wp\/v2\/posts\/66335","targetHints":{"allow":["GET"]}}],"collection":[{"href":"https:\/\/losperiodistas.com.mx\/portal\/wp-json\/wp\/v2\/posts"}],"about":[{"href":"https:\/\/losperiodistas.com.mx\/portal\/wp-json\/wp\/v2\/types\/post"}],"author":[{"embeddable":true,"href":"https:\/\/losperiodistas.com.mx\/portal\/wp-json\/wp\/v2\/users\/1"}],"replies":[{"embeddable":true,"href":"https:\/\/losperiodistas.com.mx\/portal\/wp-json\/wp\/v2\/comments?post=66335"}],"version-history":[{"count":1,"href":"https:\/\/losperiodistas.com.mx\/portal\/wp-json\/wp\/v2\/posts\/66335\/revisions"}],"predecessor-version":[{"id":66343,"href":"https:\/\/losperiodistas.com.mx\/portal\/wp-json\/wp\/v2\/posts\/66335\/revisions\/66343"}],"wp:featuredmedia":[{"embeddable":true,"href":"https:\/\/losperiodistas.com.mx\/portal\/wp-json\/wp\/v2\/media\/66336"}],"wp:attachment":[{"href":"https:\/\/losperiodistas.com.mx\/portal\/wp-json\/wp\/v2\/media?parent=66335"}],"wp:term":[{"taxonomy":"category","embeddable":true,"href":"https:\/\/losperiodistas.com.mx\/portal\/wp-json\/wp\/v2\/categories?post=66335"},{"taxonomy":"post_tag","embeddable":true,"href":"https:\/\/losperiodistas.com.mx\/portal\/wp-json\/wp\/v2\/tags?post=66335"}],"curies":[{"name":"wp","href":"https:\/\/api.w.org\/{rel}","templated":true}]}}