{"id":66330,"date":"2024-01-12T06:35:33","date_gmt":"2024-01-12T12:35:33","guid":{"rendered":"http:\/\/losperiodistas.com.mx\/portal\/?p=66330"},"modified":"2024-01-12T06:35:35","modified_gmt":"2024-01-12T12:35:35","slug":"la-pasion-mistica-el-jefe-de-la-doctrina-del-vaticano-criticado-por-su-libro-sobre-orgasmos-euronews","status":"publish","type":"post","link":"https:\/\/losperiodistas.com.mx\/portal\/la-pasion-mistica-el-jefe-de-la-doctrina-del-vaticano-criticado-por-su-libro-sobre-orgasmos-euronews\/","title":{"rendered":"La pasi\u00f3n m\u00edstica: El jefe de la doctrina del Vaticano criticado por su libro sobre orgasmos | Euronews"},"content":{"rendered":"\n<p class=\"has-background has-medium-font-size\" style=\"background-color:#f2cd66\"><strong>El libro del cardenal V\u00edctor Manuel Fern\u00e1ndez de 1998 sobre experiencias m\u00edstico-sensuales con Dios describe los orgasmos con detalles muy expl\u00edcitos.<\/strong><\/p>\n\n\n\n<p><\/p>\n\n\n\n<figure class=\"wp-block-image size-large is-style-default\"><img fetchpriority=\"high\" decoding=\"async\" width=\"1024\" height=\"575\" src=\"https:\/\/losperiodistas.com.mx\/portal\/wp-content\/uploads\/2024\/01\/Captura-de-Pantalla-2024-01-12-a-las-6.28.01-1024x575.jpg\" alt=\"\" class=\"wp-image-66331\" srcset=\"https:\/\/losperiodistas.com.mx\/portal\/wp-content\/uploads\/2024\/01\/Captura-de-Pantalla-2024-01-12-a-las-6.28.01-1024x575.jpg 1024w, https:\/\/losperiodistas.com.mx\/portal\/wp-content\/uploads\/2024\/01\/Captura-de-Pantalla-2024-01-12-a-las-6.28.01-300x169.jpg 300w, https:\/\/losperiodistas.com.mx\/portal\/wp-content\/uploads\/2024\/01\/Captura-de-Pantalla-2024-01-12-a-las-6.28.01-768x431.jpg 768w, https:\/\/losperiodistas.com.mx\/portal\/wp-content\/uploads\/2024\/01\/Captura-de-Pantalla-2024-01-12-a-las-6.28.01-1536x863.jpg 1536w, https:\/\/losperiodistas.com.mx\/portal\/wp-content\/uploads\/2024\/01\/Captura-de-Pantalla-2024-01-12-a-las-6.28.01.jpg 1702w\" sizes=\"(max-width: 1024px) 100vw, 1024px\" \/><figcaption>V\u00edctor Manuel Fern\u00e1ndez, entonces arzobispo de La Plata, sonr\u00ede tras una misa en la Catedral de La Plata, Argentina, el domingo 9 de julio de 2023,\u00a0&#8211;\u00a0Derechos de autor\u00a0Natacha Pisarenko\/The AP<\/figcaption><\/figure>\n\n\n\n<p class=\"has-vivid-red-color has-text-color has-medium-font-size\"><strong>ANCA ULEA \/ AP \/ EURONEWS<\/strong><\/p>\n\n\n\n<p>El reci\u00e9n nombrado jefe de doctrina del Vaticano se ha encontrado en la encrucijada de&nbsp;<strong>una guerra cultural en el seno de la Iglesia cat\u00f3lica<\/strong>. La disputa se libra entre aquellos que ven con buenos ojos la modernizaci\u00f3n de la Iglesia y los que la rechazan.<\/p>\n\n\n\n<p>El cardenal V\u00edctor Manuel Fern\u00e1ndez, que ya hab\u00eda sido criticado por su aprobaci\u00f3n de la bendici\u00f3n de parejas del mismo sexo,&nbsp;<strong>vuelve a estar en el punto de mira<\/strong>&nbsp;por un libro que escribi\u00f3 cuando era un joven sacerdote en el que describe los orgasmos en t\u00e9rminos gr\u00e1ficos.<\/p>\n\n\n\n<p>El libro en espa\u00f1ol de Fern\u00e1ndez, titulado\u00a0<strong>\u00abLa pasi\u00f3n m\u00edstica: espiritualidad y sensualidad\u00bb<\/strong>, es una breve exposici\u00f3n sobre experiencias m\u00edstico-sensuales con Dios. Publicado en M\u00e9xico en 1998, el libro est\u00e1 agotado.<\/p>\n\n\n\n<p>Sin embargo, blogs cat\u00f3licos tradicionalistas de Italia y Argentina desenterraron el texto recientemente,&nbsp;<strong>causando el enfado de los cat\u00f3licos conservadores<\/strong>, que ya estaban&nbsp; descontentos con el cardenal por su papel en hacer que la Iglesia sea m\u00e1s favorable hacia el colectivo LGTBI.<\/p>\n\n\n\n<h2 class=\"wp-block-heading\">Un \u00aborgasmo m\u00edstico\u00bb<\/h2>\n\n\n\n<p>Seg\u00fan la web cat\u00f3lica Crux, el libro de Fern\u00e1ndez asegura que el placer sexual tiene&nbsp;<strong>\u00abuna nobleza particular\u00bb<\/strong>&nbsp;por encima de otros placeres corporales, porque implica a dos personas y, por tanto, es compartido.<\/p>\n\n\n\n<p>\u00abCuando el placer sexual se alcanza en un acto de amor&#8230; entonces el placer sexual es tambi\u00e9n un acto de adoraci\u00f3n a Dios, que ama la felicidad de los que se aman\u00bb, escribi\u00f3.<\/p>\n\n\n\n<p>El lenguaje m\u00e1s expl\u00edcito de Fern\u00e1ndez aparece en cap\u00edtulos posteriores, donde describe&nbsp;<strong>el amor compartido con Dios como un \u00aborgasmo m\u00edstico\u00bb<\/strong>.<\/p>\n\n\n\n<p>En un momento dado, al describir el&nbsp;<strong>orgasmo femenino,<\/strong>&nbsp;escribe que las mujeres son \u00aba menudo insaciables\u00bb y \u00abpueden desear m\u00e1s\u00bb, supuestamente debido a la gran cantidad de sangre que fluye durante el cl\u00edmax.<\/p>\n\n\n\n<p>Tambi\u00e9n concluye que las mujeres obtienen menos placer viendo pornograf\u00eda y que necesitan que los hombres \u00abjueguen un poco\u00bb antes del coito. Tambi\u00e9n se\u00f1ala que los hombres y las mujeres hacen ruidos diferentes durante el sexo.<\/p>\n\n\n\n<p>En los \u00faltimos cap\u00edtulos del libro, Fern\u00e1ndez profundiza en sus comentarios sobre&nbsp;<strong>el deseo sexual<\/strong>, la pornograf\u00eda, la satisfacci\u00f3n sexual y la dominaci\u00f3n, junto con el papel del placer en el plan m\u00edstico de Dios.<\/p>\n\n\n\n<p>\u00abSi Dios puede estar presente en ese nivel de nuestra existencia, tambi\u00e9n puede estarlo cuando dos seres humanos se aman y llegan al orgasmo; y ese orgasmo, experimentado en presencia de Dios, puede ser tambi\u00e9n&nbsp;<strong>un acto sublime de adoraci\u00f3n a Dios<\/strong>\u00ab, escribe.<\/p>\n\n\n\n<figure class=\"wp-block-image is-style-default\"><img decoding=\"async\" src=\"https:\/\/static.euronews.com\/articles\/stories\/08\/16\/28\/50\/808x539_cmsv2_58014b9f-5021-5d59-9583-4f45b0efcdd1-8162850.jpg\" alt=\"El reci\u00e9n elegido cardenal V\u00edctor Manuel Fern\u00e1ndez, Prefecto del Dicasterio para la Doctrina de la Fe, recibe su birrete de manos del Papa Francisco en septiembre de 2023.\"\/><figcaption><em>El reci\u00e9n elegido cardenal V\u00edctor Manuel Fern\u00e1ndez, Prefecto del Dicasterio para la Doctrina de la Fe, recibe su birrete de manos del Papa Francisco en septiembre de 2023.<\/em>Riccardo De Luca\/The AP<\/figcaption><\/figure>\n\n\n\n<h2 class=\"wp-block-heading\">Reflexiones de un joven sacerdote sobre el placer sexual<\/h2>\n\n\n\n<p>Aunque las Escrituras est\u00e1n llenas de historias de \u00e9xtasis m\u00edstico, y el Papa Benedicto XVI incluso escribi\u00f3 sobre&nbsp;<strong>el amor apasionado experimentado por las parejas casadas<\/strong>, lo expl\u00edcito que ha sido Fern\u00e1ndez al hablar del orgasmo -rozando a veces la caricatura- sugiere una familiaridad con el sexo que parece poco com\u00fan para un sacerdote c\u00e9libe.<\/p>\n\n\n\n<p>Fern\u00e1ndez dijo a Crux que hab\u00eda escrito \u00abLa pasi\u00f3n m\u00edstica\u00bb tras mantener conversaciones con parejas j\u00f3venes que quer\u00edan entender mejor sus relaciones.<\/p>\n\n\n\n<p>Dijo que escribi\u00f3 el libro cuando era un joven sacerdote, y que&nbsp;<strong>nunca escribir\u00eda algo as\u00ed ahora.<\/strong><\/p>\n\n\n\n<p>Fern\u00e1ndez tambi\u00e9n a\u00f1adi\u00f3 que hab\u00eda ordenado detener la publicaci\u00f3n del libro poco despu\u00e9s de su aparici\u00f3n, cuando&nbsp;<strong>se dio cuenta de que pod\u00eda malinterpretarse<\/strong>. El debate en torno al libro se est\u00e1 produciendo ahora sin su consentimiento, asegur\u00f3.<\/p>\n\n\n\n<p>\u00abLa pasi\u00f3n m\u00edstica\u00bb tiene un tono similar a otro libro de Fern\u00e1ndez que desat\u00f3 un esc\u00e1ndalo poco despu\u00e9s de ser nombrado, titulado&nbsp;<strong>\u00abC\u00farame con la boca. El arte de besar\u00bb<\/strong>.<\/p>\n\n\n\n<p>Ninguno de los dos t\u00edtulos estaba incluido en la lista de publicaciones que el Vaticano proporcion\u00f3 cuando el Papa Francisco nombr\u00f3 a Fern\u00e1ndez prefecto del Dicasterio Vaticano para la Doctrina de la Fe.<\/p>\n\n\n\n<figure class=\"wp-block-image is-style-default\"><img decoding=\"async\" src=\"https:\/\/static.euronews.com\/articles\/stories\/08\/16\/28\/50\/808x539_cmsv2_28064adc-a285-5206-b124-97994d887b80-8162850.jpg\" alt=\"Married and same-sex couples take part in a public blessing ceremony in front of the Cologne Cathedral in Cologne, Germany, Wednesday, Sept. 20, 2023.\"\/><figcaption><em>Married and same-sex couples take part in a public blessing ceremony in front of the Cologne Cathedral in Cologne, Germany, Wednesday, Sept. 20, 2023.<\/em>Martin Meissner\/The AP<\/figcaption><\/figure>\n\n\n\n<h2 class=\"wp-block-heading\">Un agente de cambio en la Iglesia cat\u00f3lica<\/h2>\n\n\n\n<p>Fern\u00e1ndez se dio a conocer como el escritor teol\u00f3gico del Papa Francisco, el hombre detr\u00e1s de muchos de los principales textos de Francisco.<\/p>\n\n\n\n<p>En el \u00faltimo a\u00f1o, el te\u00f3logo argentino ha sacudido a la Iglesia cat\u00f3lica con una r\u00e1faga de decretos oficiales sobre temas candentes, como&nbsp;<strong>permitir que las personas transg\u00e9nero puedan ser padrinos<\/strong>.<\/p>\n\n\n\n<p>\u00abLa Pasi\u00f3n M\u00edstica\u00bb es otra de las cosas utilizadas en su contra, a medida que crece la indignaci\u00f3n de los cat\u00f3licos conservadores tras la publicaci\u00f3n de una declaraci\u00f3n de su oficina aprobando bendiciones para parejas del mismo sexo.<\/p>\n\n\n\n<p>La declaraci\u00f3n, aprobada por Francisco el 18 de diciembre y publicada un d\u00eda despu\u00e9s,&nbsp;<strong>provoc\u00f3 una notable reacci\u00f3n entre los obispos<\/strong>&nbsp;de todo el mundo.<\/p>\n\n\n\n<p>Algunas conferencias episcopales nacionales de \u00c1frica y Europa del Este, as\u00ed como obispos a t\u00edtulo individual, llegaron a afirmar rotundamente que no la aplicar\u00edan.<\/p>\n\n\n\n<p>El rechazo llev\u00f3 a Fern\u00e1ndez a publicar una nota explicativa la semana pasada, insistiendo en que la&nbsp;<strong>declaraci\u00f3n no era her\u00e9tica<\/strong>, pero reconociendo que sus disposiciones podr\u00edan no ser aplicables -al menos no inmediatamente- en algunas partes del mundo.<\/p>\n\n\n\n<p>Admiti\u00f3 que podr\u00eda ser necesaria una mayor \u00abreflexi\u00f3n pastoral\u00bb.<\/p>\n\n\n\n<figure class=\"wp-block-image is-style-default\"><img decoding=\"async\" src=\"https:\/\/static.euronews.com\/articles\/stories\/08\/16\/28\/50\/808x679_cmsv2_c5b73ed5-b020-5947-8420-3f024f66e2a2-8162850.jpg\" alt=\"El cardenal Robert Sarah, jefe jubilado de la oficina de liturgia del Vaticano, denunci\u00f3 la declaraci\u00f3n conocida como Fiducia Supplicans, calific\u00e1ndola de obra del diablo\"\/><figcaption><em>El cardenal Robert Sarah, jefe jubilado de la oficina de liturgia del Vaticano, denunci\u00f3 la declaraci\u00f3n conocida como Fiducia Supplicans, calific\u00e1ndola de obra del diablo<\/em>Andrew Medichini\/The AP<\/figcaption><\/figure>\n\n\n\n<h2 class=\"wp-block-heading\">Exponer las divisiones en la Iglesia<\/h2>\n\n\n\n<p>Mientras que los cat\u00f3licos miembros del colectivo LGTBI han aplaudido la apertura de Fern\u00e1ndez para hacer de la Iglesia cat\u00f3lica un lugar m\u00e1s acogedor, los conservadores han expresado su indignaci\u00f3n.<\/p>\n\n\n\n<p>El cardenal guineano Robert Sarah, jefe jubilado de la oficina de liturgia del Vaticano, ha sido el \u00faltimo en denunciar la declaraci\u00f3n conocida como Fiducia Supplicans, afirmando que es&nbsp;<strong>obra del diablo<\/strong>&nbsp;e insistiendo en la doctrina anterior de la Iglesia, que declaraba que los actos homosexuales son \u00abintr\u00ednsecamente desordenados\u00bb.<\/p>\n\n\n\n<p>Sarah elogi\u00f3 a las conferencias episcopales de Camer\u00fan, Chad y Nigeria, por ejemplo, que han rechazado la declaraci\u00f3n.<\/p>\n\n\n\n<p>\u00abAl hacerlo, no nos oponemos al Papa Francisco, sino que\u00a0<strong>nos oponemos firme y radicalmente a una herej\u00eda que socava gravemente la iglesia<\/strong>, el cuerpo de Cristo, porque es contraria a la fe y la tradici\u00f3n cat\u00f3lica\u00bb, escribi\u00f3 en un ensayo publicado por el columnista del Vaticano Sandro Magister.<\/p>\n\n\n\n<p>Fuente: <a href=\"https:\/\/es.euronews.com\/cultura\/2024\/01\/11\/la-pasion-mistica-el-jefe-de-la-doctrina-del-vaticano-criticado-por-su-libro-sobre-orgasmo\">https:\/\/es.euronews.com\/cultura\/2024\/01\/11\/la-pasion-mistica-el-jefe-de-la-doctrina-del-vaticano-criticado-por-su-libro-sobre-orgasmo<\/a><\/p>\n","protected":false},"excerpt":{"rendered":"<p>El libro del cardenal V\u00edctor Manuel Fern\u00e1ndez de 1998 sobre experiencias m\u00edstico-sensuales con Dios describe los orgasmos con detalles muy [&hellip;]<\/p>\n","protected":false},"author":1,"featured_media":66331,"comment_status":"open","ping_status":"open","sticky":false,"template":"","format":"standard","meta":{"site-sidebar-layout":"default","site-content-layout":"","ast-site-content-layout":"default","site-content-style":"default","site-sidebar-style":"default","ast-global-header-display":"","ast-banner-title-visibility":"","ast-main-header-display":"","ast-hfb-above-header-display":"","ast-hfb-below-header-display":"","ast-hfb-mobile-header-display":"","site-post-title":"","ast-breadcrumbs-content":"","ast-featured-img":"","footer-sml-layout":"","theme-transparent-header-meta":"","adv-header-id-meta":"","stick-header-meta":"","header-above-stick-meta":"","header-main-stick-meta":"","header-below-stick-meta":"","astra-migrate-meta-layouts":"default","ast-page-background-enabled":"default","ast-page-background-meta":{"desktop":{"background-color":"var(--ast-global-color-4)","background-image":"","background-repeat":"repeat","background-position":"center center","background-size":"auto","background-attachment":"scroll","background-type":"","background-media":"","overlay-type":"","overlay-color":"","overlay-opacity":"","overlay-gradient":""},"tablet":{"background-color":"","background-image":"","background-repeat":"repeat","background-position":"center center","background-size":"auto","background-attachment":"scroll","background-type":"","background-media":"","overlay-type":"","overlay-color":"","overlay-opacity":"","overlay-gradient":""},"mobile":{"background-color":"","background-image":"","background-repeat":"repeat","background-position":"center center","background-size":"auto","background-attachment":"scroll","background-type":"","background-media":"","overlay-type":"","overlay-color":"","overlay-opacity":"","overlay-gradient":""}},"ast-content-background-meta":{"desktop":{"background-color":"var(--ast-global-color-5)","background-image":"","background-repeat":"repeat","background-position":"center center","background-size":"auto","background-attachment":"scroll","background-type":"","background-media":"","overlay-type":"","overlay-color":"","overlay-opacity":"","overlay-gradient":""},"tablet":{"background-color":"var(--ast-global-color-5)","background-image":"","background-repeat":"repeat","background-position":"center center","background-size":"auto","background-attachment":"scroll","background-type":"","background-media":"","overlay-type":"","overlay-color":"","overlay-opacity":"","overlay-gradient":""},"mobile":{"background-color":"var(--ast-global-color-5)","background-image":"","background-repeat":"repeat","background-position":"center center","background-size":"auto","background-attachment":"scroll","background-type":"","background-media":"","overlay-type":"","overlay-color":"","overlay-opacity":"","overlay-gradient":""}},"footnotes":""},"categories":[8],"tags":[21512,21511,21052],"class_list":["post-66330","post","type-post","status-publish","format-standard","has-post-thumbnail","hentry","category-noticias","tag-curame-con-la-boca-el-arte-de-besar","tag-la-pasion-mistica-espiritualidad-y-sensualidad","tag-cardenal-victor-manuel-fernandez"],"_links":{"self":[{"href":"https:\/\/losperiodistas.com.mx\/portal\/wp-json\/wp\/v2\/posts\/66330","targetHints":{"allow":["GET"]}}],"collection":[{"href":"https:\/\/losperiodistas.com.mx\/portal\/wp-json\/wp\/v2\/posts"}],"about":[{"href":"https:\/\/losperiodistas.com.mx\/portal\/wp-json\/wp\/v2\/types\/post"}],"author":[{"embeddable":true,"href":"https:\/\/losperiodistas.com.mx\/portal\/wp-json\/wp\/v2\/users\/1"}],"replies":[{"embeddable":true,"href":"https:\/\/losperiodistas.com.mx\/portal\/wp-json\/wp\/v2\/comments?post=66330"}],"version-history":[{"count":1,"href":"https:\/\/losperiodistas.com.mx\/portal\/wp-json\/wp\/v2\/posts\/66330\/revisions"}],"predecessor-version":[{"id":66332,"href":"https:\/\/losperiodistas.com.mx\/portal\/wp-json\/wp\/v2\/posts\/66330\/revisions\/66332"}],"wp:featuredmedia":[{"embeddable":true,"href":"https:\/\/losperiodistas.com.mx\/portal\/wp-json\/wp\/v2\/media\/66331"}],"wp:attachment":[{"href":"https:\/\/losperiodistas.com.mx\/portal\/wp-json\/wp\/v2\/media?parent=66330"}],"wp:term":[{"taxonomy":"category","embeddable":true,"href":"https:\/\/losperiodistas.com.mx\/portal\/wp-json\/wp\/v2\/categories?post=66330"},{"taxonomy":"post_tag","embeddable":true,"href":"https:\/\/losperiodistas.com.mx\/portal\/wp-json\/wp\/v2\/tags?post=66330"}],"curies":[{"name":"wp","href":"https:\/\/api.w.org\/{rel}","templated":true}]}}