{"id":66325,"date":"2024-01-12T06:15:24","date_gmt":"2024-01-12T12:15:24","guid":{"rendered":"http:\/\/losperiodistas.com.mx\/portal\/?p=66325"},"modified":"2024-01-12T06:15:26","modified_gmt":"2024-01-12T12:15:26","slug":"sera-la-encuesta-y-no-una-cupula-politica-la-que-defina-al-candidato-a-alcalde-de-puebla-sostiene-delgado-ljo","status":"publish","type":"post","link":"https:\/\/losperiodistas.com.mx\/portal\/sera-la-encuesta-y-no-una-cupula-politica-la-que-defina-al-candidato-a-alcalde-de-puebla-sostiene-delgado-ljo\/","title":{"rendered":"Ser\u00e1 la encuesta y no una c\u00fapula pol\u00edtica la que defina al candidato a alcalde de Puebla, sostiene Delgado | LJO"},"content":{"rendered":"\n<p class=\"has-medium-font-size\">La candidatura no est\u00e1 comprometida, aclara.<\/p>\n\n\n\n<figure class=\"wp-block-embed is-type-video is-provider-youtube wp-block-embed-youtube wp-embed-aspect-16-9 wp-has-aspect-ratio\"><div class=\"wp-block-embed__wrapper\">\n<iframe title=\"Una c\u00fapula no definir\u00e1 al candidato a la alcald\u00eda de Puebla: Mario Delgado\" width=\"500\" height=\"281\" src=\"https:\/\/www.youtube.com\/embed\/Solej9Lm474?feature=oembed\" frameborder=\"0\" allow=\"accelerometer; autoplay; clipboard-write; encrypted-media; gyroscope; picture-in-picture; web-share\" referrerpolicy=\"strict-origin-when-cross-origin\" allowfullscreen><\/iframe>\n<\/div><\/figure>\n\n\n\n<p><\/p>\n\n\n\n<p class=\"has-vivid-red-color has-text-color has-medium-font-size\"><strong>M\u00d3NICA CAMACHO \/ LA JORNADA DE ORIENTE<\/strong><\/p>\n\n\n\n<p>El presidente nacional de\u00a0<strong>Morena, Mario Delgado Carrillo<\/strong>, advirti\u00f3 que la candidatura a la alcald\u00eda de Puebla no la definir\u00e1 una \u201cc\u00fapula\u201d\u00a0pol\u00edtica,\u00a0sino la encuesta que aplicar\u00e1 el partido, al tiempo de tachar de\u00a0\u201cnoticias falsas\u201d\u00a0las versiones de que la postulaci\u00f3n ya est\u00e1 comprometida.\u00a0<\/p>\n\n\n\n<p>\u201cCasi no hemos resuelto candidaturas (con excepci\u00f3n de algunas alcald\u00edas de la Ciudad de M\u00e9xico)\u201d, aclar\u00f3 el dirigente, luego de que el fin de semana pasado se difundieron versiones extraoficiales de que el empresario y exdirigente del&nbsp;<a href=\"https:\/\/www.lajornadadeoriente.com.mx\/puebla\/candidatea-fuerza-por-mexico-jose-chedraui-alcaldia-de-puebla\/\" target=\"_blank\" rel=\"noreferrer noopener\"><strong>PRI<\/strong>&nbsp;<strong>Jos\u00e9 Chedraui Budib<\/strong><\/a>, abanderar\u00eda a Regeneraci\u00f3n Nacional en la capital.<\/p>\n\n\n\n<p><strong>Te puede interesar:&nbsp;<a href=\"https:\/\/www.lajornadadeoriente.com.mx\/puebla\/los-priistas-mutantes-por-los-principales-cargos-de-eleccion-en-morena\/\" target=\"_blank\" rel=\"noreferrer noopener\">Los priistas mutantes, por los principales cargos de elecci\u00f3n en Morena<\/a>.<\/strong><\/p>\n\n\n\n<p>Mario Delgado abord\u00f3 el tema en conferencia de medios en la capital del pa\u00eds, al ser cuestionado por un reportero sobre la movilizaci\u00f3n que encabezaron fundadores, militantes y simpatizantes de\u00a0<a href=\"https:\/\/twitter.com\/PartidoMorenaMx\" target=\"_blank\" rel=\"noreferrer noopener\">Morena\u00a0<\/a>en Puebla el domingo pasado, en la que demandaron no ser excluidos de las candidaturas por pol\u00edticos que provienen del tricolor y el PAN.<\/p>\n\n\n\n<h2 class=\"wp-block-heading\">La marcha obradorista del domingo, muy respetable: Delgado<\/h2>\n\n\n\n<p>El l\u00edder partidista reconoci\u00f3 que en la marcha particip\u00f3 \u201cmucha gente que ha ayudado a construir el movimiento\u201d, por lo que consider\u00f3 que se trat\u00f3 de una protesta \u201cmuy respetable\u201d que exhibe la presencia de una militancia cr\u00edtica y participativa.<\/p>\n\n\n\n<blockquote class=\"wp-block-quote is-layout-flow wp-block-quote-is-layout-flow\"><p>Yo les he mandado un mensaje de que tengan confianza de que se van a respetar las encuestas, no es de que una c\u00fapula se junte y palom\u00ede y decida. Eso es insostenible en Morena\u201d, enfatiz\u00f3.<\/p><\/blockquote>\n\n\n\n<h2 class=\"wp-block-heading\">En Morena no hay imposiciones<\/h2>\n\n\n\n<p>Insisti\u00f3 en que Morena no tiene la intenci\u00f3n de imponer abanderados, porque el objetivo es ganar las elecciones de 2024, motivo por el cual el partido ha apostado a hacer uso de los estudios de opini\u00f3n como m\u00e9todo de selecci\u00f3n, para impulsar a los aspirantes m\u00e1s competitivos.<\/p>\n\n\n\n<p>Alert\u00f3 que en los pr\u00f3ximos meses se incrementar\u00e1 la \u201catenci\u00f3n\u201d en Regeneraci\u00f3n Nacional por la definici\u00f3n de candidaturas, as\u00ed como \u201cmuchas noticias falsas\u201d sobre la decisi\u00f3n que tomar\u00e1 el instituto pol\u00edtico, con miras en la elecci\u00f3n del 2 de junio pr\u00f3ximo.<\/p>\n\n\n\n<blockquote class=\"wp-block-quote is-layout-flow wp-block-quote-is-layout-flow\"><p>\u201cHabr\u00e1 (\u2026) muchos rumores, muchas mentiras respecto que si ya sali\u00f3 fulanito, que si ya tiene amarrado, que esta fue una imposici\u00f3n\u201d, Destac\u00f3.<\/p><\/blockquote>\n\n\n\n<p>Para dejar el escenario claro, precis\u00f3 que la Comisi\u00f3n Nacional de Elecciones (CNE) ha resuelto \u00fanicamente las postulaciones a la presidencia del pa\u00eds, a las gubernaturas de las nueve entidades federativas que tendr\u00e1n elecciones este 2024, al Senado de 11 estados y de \u201calgunas\u201d alcald\u00edas de la Ciudad de M\u00e9xico.<\/p>\n\n\n\n<h2 class=\"wp-block-heading\">La cargada a favor de Jos\u00e9 Chedraui<\/h2>\n\n\n\n<p><strong>Jos\u00e9 Chedraui fue objeto de una cargada que alcanz\u00f3 su climax el viernes 5 de enero pasado<\/strong>, cuando los dirigentes estatales de tres partidos aliados a Morena en la pugna por la gubernatura se pronunciaron a favor de su postulaci\u00f3n, mientras seis aspirantes a la alcald\u00eda de la capital declinaron a su favor.<\/p>\n\n\n\n<p>El PVEM y Nueva Alianza incluso han condicionado su adhesi\u00f3n al frente obradorista en el municipio de Puebla a que la candidatura a edil se entregue a ese empresario, quien coordin\u00f3 en Puebla el comit\u00e9 de financiamiento de la campa\u00f1a presidencial de Enrique Pe\u00f1a Nieto en la elecci\u00f3n de 2012.<\/p>\n\n\n\n<p><strong>La resistencia a la postulaci\u00f3n<\/strong>\u00a0de ese perfil\u00a0<strong>la encabezan<\/strong>\u00a0los aspirantes a alcaldes de Puebla\u00a0<strong>Claudia Rivera Vivanco<\/strong>,\u00a0<strong>Alejandro Carvajal Hidalgo<\/strong>,\u00a0<strong>Rafael Ram\u00edrez Hern\u00e1ndez<\/strong>\u00a0y\u00a0<strong>Elisa Molina Rivera<\/strong>, quienes abrieron paso a la marcha obradorista del domingo pasado que inici\u00f3 en el Paseo Bravo y concluy\u00f3 en el z\u00f3calo de la capital.<\/p>\n\n\n\n<p>Fuente: <a href=\"https:\/\/www.lajornadadeoriente.com.mx\/puebla\/mario-delgado-encuesta-candidato-alcaldia-de-puebla\/\">https:\/\/www.lajornadadeoriente.com.mx\/puebla\/mario-delgado-encuesta-candidato-alcaldia-de-puebla\/<\/a><\/p>\n","protected":false},"excerpt":{"rendered":"<p>La candidatura no est\u00e1 comprometida, aclara. M\u00d3NICA CAMACHO \/ LA JORNADA DE ORIENTE El presidente nacional de\u00a0Morena, Mario Delgado Carrillo, [&hellip;]<\/p>\n","protected":false},"author":1,"featured_media":66328,"comment_status":"open","ping_status":"open","sticky":false,"template":"","format":"standard","meta":{"site-sidebar-layout":"default","site-content-layout":"","ast-site-content-layout":"default","site-content-style":"default","site-sidebar-style":"default","ast-global-header-display":"","ast-banner-title-visibility":"","ast-main-header-display":"","ast-hfb-above-header-display":"","ast-hfb-below-header-display":"","ast-hfb-mobile-header-display":"","site-post-title":"","ast-breadcrumbs-content":"","ast-featured-img":"","footer-sml-layout":"","theme-transparent-header-meta":"","adv-header-id-meta":"","stick-header-meta":"","header-above-stick-meta":"","header-main-stick-meta":"","header-below-stick-meta":"","astra-migrate-meta-layouts":"default","ast-page-background-enabled":"default","ast-page-background-meta":{"desktop":{"background-color":"var(--ast-global-color-4)","background-image":"","background-repeat":"repeat","background-position":"center center","background-size":"auto","background-attachment":"scroll","background-type":"","background-media":"","overlay-type":"","overlay-color":"","overlay-opacity":"","overlay-gradient":""},"tablet":{"background-color":"","background-image":"","background-repeat":"repeat","background-position":"center center","background-size":"auto","background-attachment":"scroll","background-type":"","background-media":"","overlay-type":"","overlay-color":"","overlay-opacity":"","overlay-gradient":""},"mobile":{"background-color":"","background-image":"","background-repeat":"repeat","background-position":"center center","background-size":"auto","background-attachment":"scroll","background-type":"","background-media":"","overlay-type":"","overlay-color":"","overlay-opacity":"","overlay-gradient":""}},"ast-content-background-meta":{"desktop":{"background-color":"var(--ast-global-color-5)","background-image":"","background-repeat":"repeat","background-position":"center center","background-size":"auto","background-attachment":"scroll","background-type":"","background-media":"","overlay-type":"","overlay-color":"","overlay-opacity":"","overlay-gradient":""},"tablet":{"background-color":"var(--ast-global-color-5)","background-image":"","background-repeat":"repeat","background-position":"center center","background-size":"auto","background-attachment":"scroll","background-type":"","background-media":"","overlay-type":"","overlay-color":"","overlay-opacity":"","overlay-gradient":""},"mobile":{"background-color":"var(--ast-global-color-5)","background-image":"","background-repeat":"repeat","background-position":"center center","background-size":"auto","background-attachment":"scroll","background-type":"","background-media":"","overlay-type":"","overlay-color":"","overlay-opacity":"","overlay-gradient":""}},"footnotes":""},"categories":[8],"tags":[7927,21510,2324,725],"class_list":["post-66325","post","type-post","status-publish","format-standard","has-post-thumbnail","hentry","category-noticias","tag-encuestas","tag-jose-chedraui","tag-mario-delgado","tag-morena-puebla"],"_links":{"self":[{"href":"https:\/\/losperiodistas.com.mx\/portal\/wp-json\/wp\/v2\/posts\/66325","targetHints":{"allow":["GET"]}}],"collection":[{"href":"https:\/\/losperiodistas.com.mx\/portal\/wp-json\/wp\/v2\/posts"}],"about":[{"href":"https:\/\/losperiodistas.com.mx\/portal\/wp-json\/wp\/v2\/types\/post"}],"author":[{"embeddable":true,"href":"https:\/\/losperiodistas.com.mx\/portal\/wp-json\/wp\/v2\/users\/1"}],"replies":[{"embeddable":true,"href":"https:\/\/losperiodistas.com.mx\/portal\/wp-json\/wp\/v2\/comments?post=66325"}],"version-history":[{"count":1,"href":"https:\/\/losperiodistas.com.mx\/portal\/wp-json\/wp\/v2\/posts\/66325\/revisions"}],"predecessor-version":[{"id":66329,"href":"https:\/\/losperiodistas.com.mx\/portal\/wp-json\/wp\/v2\/posts\/66325\/revisions\/66329"}],"wp:featuredmedia":[{"embeddable":true,"href":"https:\/\/losperiodistas.com.mx\/portal\/wp-json\/wp\/v2\/media\/66328"}],"wp:attachment":[{"href":"https:\/\/losperiodistas.com.mx\/portal\/wp-json\/wp\/v2\/media?parent=66325"}],"wp:term":[{"taxonomy":"category","embeddable":true,"href":"https:\/\/losperiodistas.com.mx\/portal\/wp-json\/wp\/v2\/categories?post=66325"},{"taxonomy":"post_tag","embeddable":true,"href":"https:\/\/losperiodistas.com.mx\/portal\/wp-json\/wp\/v2\/tags?post=66325"}],"curies":[{"name":"wp","href":"https:\/\/api.w.org\/{rel}","templated":true}]}}