{"id":66322,"date":"2024-01-12T06:05:42","date_gmt":"2024-01-12T12:05:42","guid":{"rendered":"http:\/\/losperiodistas.com.mx\/portal\/?p=66322"},"modified":"2024-01-12T06:05:44","modified_gmt":"2024-01-12T12:05:44","slug":"el-gigante-del-alquiler-hertz-abandona-los-vehiculos-electricos-incluido-tesla-por-coches-de-gasolina-reuters","status":"publish","type":"post","link":"https:\/\/losperiodistas.com.mx\/portal\/el-gigante-del-alquiler-hertz-abandona-los-vehiculos-electricos-incluido-tesla-por-coches-de-gasolina-reuters\/","title":{"rendered":"El gigante del alquiler Hertz abandona los veh\u00edculos el\u00e9ctricos, incluido Tesla, por coches de gasolina\u00a0| Reuters"},"content":{"rendered":"\n<figure class=\"wp-block-image size-large is-style-default\"><img fetchpriority=\"high\" decoding=\"async\" width=\"1024\" height=\"667\" src=\"https:\/\/losperiodistas.com.mx\/portal\/wp-content\/uploads\/2024\/01\/Captura-de-Pantalla-2024-01-12-a-las-6.00.18-1024x667.jpg\" alt=\"\" class=\"wp-image-66323\" srcset=\"https:\/\/losperiodistas.com.mx\/portal\/wp-content\/uploads\/2024\/01\/Captura-de-Pantalla-2024-01-12-a-las-6.00.18-1024x667.jpg 1024w, https:\/\/losperiodistas.com.mx\/portal\/wp-content\/uploads\/2024\/01\/Captura-de-Pantalla-2024-01-12-a-las-6.00.18-300x195.jpg 300w, https:\/\/losperiodistas.com.mx\/portal\/wp-content\/uploads\/2024\/01\/Captura-de-Pantalla-2024-01-12-a-las-6.00.18-768x500.jpg 768w, https:\/\/losperiodistas.com.mx\/portal\/wp-content\/uploads\/2024\/01\/Captura-de-Pantalla-2024-01-12-a-las-6.00.18-1536x1000.jpg 1536w, https:\/\/losperiodistas.com.mx\/portal\/wp-content\/uploads\/2024\/01\/Captura-de-Pantalla-2024-01-12-a-las-6.00.18.jpg 1994w\" sizes=\"(max-width: 1024px) 100vw, 1024px\" \/><figcaption>El logotipo de alquiler de autos de Hertz se ve en esta ilustraci\u00f3n tomada el 27 de junio de 2022. REUTERS\/Dado Ruvic\/Ilustraci\u00f3n\/Foto de archivo<\/figcaption><\/figure>\n\n\n\n<p><strong><a href=\"https:\/\/www.reuters.com\/authors\/nathan-gomes\/\">Nathan Gomes\u00a0<\/a>y\u00a0<a href=\"https:\/\/www.reuters.com\/authors\/joseph-white\/\">Joseph White<\/a> \/ REUTERS<\/strong><\/p>\n\n\n\n<p>11 ene (Reuters) &#8211; La empresa de alquiler Hertz Global Holdings\u00a0<a href=\"https:\/\/www.reuters.com\/markets\/companies\/HTZ.O\" target=\"_blank\" rel=\"noreferrer noopener\">(HTZ.O)<\/a>\u00a0est\u00e1 vendiendo alrededor de 20.000 veh\u00edculos el\u00e9ctricos, incluidos Teslas, de su flota estadounidense unos dos a\u00f1os despu\u00e9s de un acuerdo con el fabricante de autom\u00f3viles para ofrecer sus veh\u00edculos en alquiler, en otra se\u00f1al de que la demanda de veh\u00edculos el\u00e9ctricos se ha enfriado.<\/p>\n\n\n\n<p>En cambio, Hertz optar\u00e1 por veh\u00edculos propulsados \u200b\u200bpor gasolina, dijo el jueves, citando mayores gastos relacionados con colisiones y da\u00f1os de los veh\u00edculos el\u00e9ctricos, a pesar de que ten\u00eda como objetivo convertir el 25% de su flota a el\u00e9ctrica para finales de 2024.<\/p>\n\n\n\n<p>El a\u00f1o pasado, el director ejecutivo Stephen Scherr, en la JPMorgan Auto Conference, se\u00f1al\u00f3 los obst\u00e1culos derivados del aumento de los gastos de sus veh\u00edculos el\u00e9ctricos, en particular los Tesla.<\/p>\n\n\n\n<p>Hertz incluso limit\u00f3 el par y la velocidad de los veh\u00edculos el\u00e9ctricos y los ofreci\u00f3 a usuarios experimentados en la plataforma para facilitar su adaptaci\u00f3n despu\u00e9s de que ciertos usuarios sufrieran colisiones frontales, dijo.<\/p>\n\n\n\n<p>Las acciones de la compa\u00f1\u00eda, que tambi\u00e9n opera veh\u00edculos del fabricante sueco de veh\u00edculos el\u00e9ctricos Polestar, entre otros, cayeron alrededor de un 4%.\u00a0Las acciones de Tesla\u00a0<a href=\"https:\/\/www.reuters.com\/markets\/companies\/TSLA.O\" target=\"_blank\" rel=\"noreferrer noopener\">(TSLA.O)<\/a>\u00a0cayeron alrededor de un 3%.<\/p>\n\n\n\n<p>Hertz tambi\u00e9n espera alrededor de 245 millones de d\u00f3lares en cargos relacionados con gastos de depreciaci\u00f3n de la venta de veh\u00edculos el\u00e9ctricos en el cuarto trimestre de 2023.<\/p>\n\n\n\n<h2 class=\"wp-block-heading\">EL CAMINO CON baches para el crecimiento de los veh\u00edculos el\u00e9ctricos<\/h2>\n\n\n\n<p>Su decisi\u00f3n subraya el camino lleno de baches que han atravesado los veh\u00edculos el\u00e9ctricos a medida que se desacelera el crecimiento de sus ventas, lo que ha provocado que fabricantes de autom\u00f3viles como General Motors&nbsp;<a target=\"_blank\" href=\"https:\/\/www.reuters.com\/markets\/companies\/GM.N\" rel=\"noreferrer noopener\">(GM.N)<\/a>&nbsp;y Ford&nbsp;<a target=\"_blank\" href=\"https:\/\/www.reuters.com\/markets\/companies\/F.N\" rel=\"noreferrer noopener\">(FN)<\/a>&nbsp;reduzcan sus planes de producci\u00f3n.<\/p>\n\n\n\n<p>El analista de Morgan Stanley, Adam Jonas, dijo en una nota que la medida de Hertz era otra se\u00f1al de que las expectativas sobre los veh\u00edculos el\u00e9ctricos deben \u00abreiniciarse a la baja\u00bb.<\/p>\n\n\n\n<p>Si bien los consumidores disfrutan de la experiencia de conducci\u00f3n y del ahorro de combustible (por milla) de un veh\u00edculo el\u00e9ctrico, Jonas dijo que existen otros \u00abcostos ocultos en la propiedad de un veh\u00edculo el\u00e9ctrico\u00bb.<\/p>\n\n\n\n<p>\u00abLos gastos relacionados con colisiones y da\u00f1os, principalmente asociados con los veh\u00edculos el\u00e9ctricos, se mantuvieron altos en el trimestre\u00bb, dijo Hertz en un documento regulatorio el jueves.<\/p>\n\n\n\n<p>La compa\u00f1\u00eda, que anteriormente hab\u00eda planeado pedir 100.000&nbsp;veh\u00edculos&nbsp;<a href=\"https:\/\/www.reuters.com\/business\/autos-transportation\/hertz-orders-100000-tesla-cars-bloomberg-news-2021-10-25\/\">Tesla para finales de 2022 y&nbsp;<\/a><a href=\"https:\/\/www.reuters.com\/business\/autos-transportation\/hertz-add-up-65000-polestar-electric-vehicles-its-catalog-2022-04-04\/\">65.000 unidades<\/a>&nbsp;a Polestar durante cinco a\u00f1os, dijo que se centrar\u00eda en mejorar la rentabilidad del resto de su flota de veh\u00edculos el\u00e9ctricos.<\/p>\n\n\n\n<p>La empresa alemana de alquiler de coches Sixt dijo en diciembre que no hab\u00eda comprado veh\u00edculos Tesla desde 2022 y que estaba vendiendo su flota de Teslas \u00abcomo parte de nuestro proceso habitual de eliminaci\u00f3n de flotas\u00bb.<\/p>\n\n\n\n<p>Todav\u00eda planea ofrecer una gama de veh\u00edculos electrificados y \u00abcumplir con nuestro objetivo de electrificar entre el 70 y el 90 por ciento de nuestra flota de alquiler en Europa para 2030\u00bb, dijo el jueves.<\/p>\n\n\n\n<h2 class=\"wp-block-heading\">BAJAN LOS PRECIOS DE VEH\u00cdCULOS USADOS<\/h2>\n\n\n\n<p>Mientras tanto, los precios mayoristas de los veh\u00edculos el\u00e9ctricos usados \u200b\u200bcayeron durante la mayor parte de 2023, ya que los precios de los veh\u00edculos el\u00e9ctricos nuevos cayeron y los inventarios de veh\u00edculos el\u00e9ctricos no vendidos aumentaron, seg\u00fan datos de Cox Automotive.<\/p>\n\n\n\n<p>Cox pronostic\u00f3 antes de la decisi\u00f3n de Hertz que los precios de los veh\u00edculos el\u00e9ctricos usados \u200b\u200bdisminuir\u00edan m\u00e1s que los precios generales de los veh\u00edculos usados \u200b\u200ben 2024.<\/p>\n\n\n\n<p>\u00abAunque 20.000 coches no es una cifra grande en el mercado total de veh\u00edculos usados, s\u00ed significa que Hertz sufrir\u00e1 una p\u00e9rdida importante en cada una de estas ventas y contribuir\u00e1 a\u00fan m\u00e1s a la tendencia de ca\u00edda del valor de los veh\u00edculos el\u00e9ctricos usados\u00bb, Karl, analista de iSeeCars.com. dijo Brauer.<\/p>\n\n\n\n<p>Hertz est\u00e1 vendiendo algunos Tesla Model 3 por tan solo unos 20.000 d\u00f3lares, casi la mitad del precio de compra de la variante m\u00e1s barata del sed\u00e1n compacto, seg\u00fan mostr\u00f3 su&nbsp;<a target=\"_blank\" href=\"https:\/\/www.hertzcarsales.com\/used-cars-for-sale.htm?geoZip=&amp;geoRadius=0&amp;normalFuelType=Electric\" rel=\"noreferrer noopener\">sitio web de autos usados<\/a>&nbsp;.<\/p>\n\n\n\n<p>Enumera m\u00e1s de 700 veh\u00edculos el\u00e9ctricos a la venta, incluidos el i3 de BMW, el Bolt de Chevrolet y los SUV Model 3 y Model Y de Tesla.<\/p>\n\n\n\n<p>Informaci\u00f3n de Nathan Gomes y Akash Sriram en Bengaluru, Joe White en Detroit;\u00a0Edici\u00f3n de Shilpi Majumdar, Sriraj Kalluvila y Arun Koyyur<\/p>\n\n\n\n<p>Fuente: <a href=\"https:\/\/www.reuters.com\/business\/autos-transportation\/hertz-sell-about-20000-evs-us-fleet-2024-01-11\/\">https:\/\/www.reuters.com\/business\/autos-transportation\/hertz-sell-about-20000-evs-us-fleet-2024-01-11\/<\/a><\/p>\n","protected":false},"excerpt":{"rendered":"<p>Nathan Gomes\u00a0y\u00a0Joseph White \/ REUTERS 11 ene (Reuters) &#8211; La empresa de alquiler Hertz Global Holdings\u00a0(HTZ.O)\u00a0est\u00e1 vendiendo alrededor de 20.000 [&hellip;]<\/p>\n","protected":false},"author":1,"featured_media":66323,"comment_status":"open","ping_status":"open","sticky":false,"template":"","format":"standard","meta":{"site-sidebar-layout":"default","site-content-layout":"","ast-site-content-layout":"default","site-content-style":"default","site-sidebar-style":"default","ast-global-header-display":"","ast-banner-title-visibility":"","ast-main-header-display":"","ast-hfb-above-header-display":"","ast-hfb-below-header-display":"","ast-hfb-mobile-header-display":"","site-post-title":"","ast-breadcrumbs-content":"","ast-featured-img":"","footer-sml-layout":"","theme-transparent-header-meta":"","adv-header-id-meta":"","stick-header-meta":"","header-above-stick-meta":"","header-main-stick-meta":"","header-below-stick-meta":"","astra-migrate-meta-layouts":"default","ast-page-background-enabled":"default","ast-page-background-meta":{"desktop":{"background-color":"var(--ast-global-color-4)","background-image":"","background-repeat":"repeat","background-position":"center center","background-size":"auto","background-attachment":"scroll","background-type":"","background-media":"","overlay-type":"","overlay-color":"","overlay-opacity":"","overlay-gradient":""},"tablet":{"background-color":"","background-image":"","background-repeat":"repeat","background-position":"center center","background-size":"auto","background-attachment":"scroll","background-type":"","background-media":"","overlay-type":"","overlay-color":"","overlay-opacity":"","overlay-gradient":""},"mobile":{"background-color":"","background-image":"","background-repeat":"repeat","background-position":"center center","background-size":"auto","background-attachment":"scroll","background-type":"","background-media":"","overlay-type":"","overlay-color":"","overlay-opacity":"","overlay-gradient":""}},"ast-content-background-meta":{"desktop":{"background-color":"var(--ast-global-color-5)","background-image":"","background-repeat":"repeat","background-position":"center center","background-size":"auto","background-attachment":"scroll","background-type":"","background-media":"","overlay-type":"","overlay-color":"","overlay-opacity":"","overlay-gradient":""},"tablet":{"background-color":"var(--ast-global-color-5)","background-image":"","background-repeat":"repeat","background-position":"center center","background-size":"auto","background-attachment":"scroll","background-type":"","background-media":"","overlay-type":"","overlay-color":"","overlay-opacity":"","overlay-gradient":""},"mobile":{"background-color":"var(--ast-global-color-5)","background-image":"","background-repeat":"repeat","background-position":"center center","background-size":"auto","background-attachment":"scroll","background-type":"","background-media":"","overlay-type":"","overlay-color":"","overlay-opacity":"","overlay-gradient":""}},"footnotes":""},"categories":[8],"tags":[21508,4441,21507,21509],"class_list":["post-66322","post","type-post","status-publish","format-standard","has-post-thumbnail","hentry","category-noticias","tag-autos-a-gasolina","tag-autos-electricos","tag-hertz","tag-rechazo-autos-electricos"],"_links":{"self":[{"href":"https:\/\/losperiodistas.com.mx\/portal\/wp-json\/wp\/v2\/posts\/66322","targetHints":{"allow":["GET"]}}],"collection":[{"href":"https:\/\/losperiodistas.com.mx\/portal\/wp-json\/wp\/v2\/posts"}],"about":[{"href":"https:\/\/losperiodistas.com.mx\/portal\/wp-json\/wp\/v2\/types\/post"}],"author":[{"embeddable":true,"href":"https:\/\/losperiodistas.com.mx\/portal\/wp-json\/wp\/v2\/users\/1"}],"replies":[{"embeddable":true,"href":"https:\/\/losperiodistas.com.mx\/portal\/wp-json\/wp\/v2\/comments?post=66322"}],"version-history":[{"count":1,"href":"https:\/\/losperiodistas.com.mx\/portal\/wp-json\/wp\/v2\/posts\/66322\/revisions"}],"predecessor-version":[{"id":66324,"href":"https:\/\/losperiodistas.com.mx\/portal\/wp-json\/wp\/v2\/posts\/66322\/revisions\/66324"}],"wp:featuredmedia":[{"embeddable":true,"href":"https:\/\/losperiodistas.com.mx\/portal\/wp-json\/wp\/v2\/media\/66323"}],"wp:attachment":[{"href":"https:\/\/losperiodistas.com.mx\/portal\/wp-json\/wp\/v2\/media?parent=66322"}],"wp:term":[{"taxonomy":"category","embeddable":true,"href":"https:\/\/losperiodistas.com.mx\/portal\/wp-json\/wp\/v2\/categories?post=66322"},{"taxonomy":"post_tag","embeddable":true,"href":"https:\/\/losperiodistas.com.mx\/portal\/wp-json\/wp\/v2\/tags?post=66322"}],"curies":[{"name":"wp","href":"https:\/\/api.w.org\/{rel}","templated":true}]}}