{"id":66319,"date":"2024-01-12T05:57:58","date_gmt":"2024-01-12T11:57:58","guid":{"rendered":"http:\/\/losperiodistas.com.mx\/portal\/?p=66319"},"modified":"2024-01-12T05:58:00","modified_gmt":"2024-01-12T11:58:00","slug":"ayuntamiento-de-puebla-trae-de-vuelta-jovenes-con-talento-con-4-nuevas-ediciones","status":"publish","type":"post","link":"https:\/\/losperiodistas.com.mx\/portal\/ayuntamiento-de-puebla-trae-de-vuelta-jovenes-con-talento-con-4-nuevas-ediciones\/","title":{"rendered":"Ayuntamiento de Puebla trae de vuelta &#8216;J\u00f3venes con Talento&#8217; con 4 nuevas ediciones"},"content":{"rendered":"\n<ul class=\"wp-block-list\"><li><em>Se abrieron cuatro convocatorias de este programa: tres para beneficiar a juntas auxiliares y una nivel municipal; el registro cierra el 6 de febrero.<\/em><\/li><\/ul>\n\n\n\n<ul class=\"has-medium-font-size wp-block-list\"><li><em>Tambi\u00e9n, se reconoci\u00f3 a Diana Aylin P\u00e9rez Garc\u00eda, jugadora de hockey sobre hielo que participar\u00e1 en los Juegos Ol\u00edmpicos de Invierno a realizarse en Gangwon Corea del Sur.<\/em><\/li><\/ul>\n\n\n\n<figure class=\"wp-block-image size-full is-style-default\"><img fetchpriority=\"high\" decoding=\"async\" width=\"600\" height=\"400\" src=\"https:\/\/losperiodistas.com.mx\/portal\/wp-content\/uploads\/2024\/01\/da280d53ae3cf47e34a198105abc4870_XL.jpeg\" alt=\"\" class=\"wp-image-66320\" srcset=\"https:\/\/losperiodistas.com.mx\/portal\/wp-content\/uploads\/2024\/01\/da280d53ae3cf47e34a198105abc4870_XL.jpeg 600w, https:\/\/losperiodistas.com.mx\/portal\/wp-content\/uploads\/2024\/01\/da280d53ae3cf47e34a198105abc4870_XL-300x200.jpeg 300w\" sizes=\"(max-width: 600px) 100vw, 600px\" \/><figcaption>Ayuntamiento Puebla<\/figcaption><\/figure>\n\n\n\n<p class=\"has-vivid-red-color has-text-color has-medium-font-size\"><strong>COMUNICADO<\/strong><\/p>\n\n\n\n<p>El 2024 ser\u00e1 un a\u00f1o de oportunidades para las nuevas promesas del emprendimiento poblano, ya que Ad\u00e1n Dom\u00ednguez S\u00e1nchez, Presidente Municipal, anunci\u00f3 la realizaci\u00f3n de cuatro ediciones de \u2018J\u00f3venes Talento\u2019 para continuar incubando los sue\u00f1os y proyectos de las promesas locales.\u00a0\u00a0<\/p>\n\n\n\n<p>\u2018J\u00f3venes Talento\u2019 es un programa insignia de esta esta administraci\u00f3n y, por ello, el Alcalde design\u00f3 una bolsa de 522 mil pesos para el impulso de m\u00e1s empresas en desarrollo. Adem\u00e1s, tres de estas cuatro ediciones est\u00e1n dirigidas a juntas auxiliares.\u00a0\u00a0<\/p>\n\n\n\n<p>Fue as\u00ed que, Dom\u00ednguez S\u00e1nchez, junto a Karla Mart\u00ednez, Directora del Instituto de la Juventud Municipal, abri\u00f3 los registros para las convocatorias de San Miguel Canoa, Ignacio Zaragoza, San Andr\u00e9s Azumiatla y una a nivel Municipal; asesor\u00edas con especialistas de la BUAP, seguimiento de sus proyectos y la oportunidad de ganar hasta los 30 mil pesos en capital semilla, son algunos de los incentivos de este programa.\u00a0\u00a0<\/p>\n\n\n\n<p>Las y los j\u00f3venes tienen hasta el 6 de febrero para ser parte de esta iniciativa, la cual, a lo largo de poco m\u00e1s de dos a\u00f1os, ha acompa\u00f1ado el desarrollo profesional 214 j\u00f3venes, con una inversi\u00f3n 585 mil pesos. Por ello, durante este evento se reconoci\u00f3 a Diana Aylin P\u00e9rez Garc\u00eda, joven deportista de 15 a\u00f1os que representar\u00e1 a Puebla y M\u00e9xico en los Juegos Ol\u00edmpicos de Invierno a realizarse en Gangwon Corea del Sur, en la disciplina de hockey sobre hielo.\u00a0\u00a0<\/p>\n\n\n\n<p>A la presentaci\u00f3n de las convocatorias de \u2018J\u00f3venes Talento\u2019 tambi\u00e9n asisti\u00f3 Carolina Beauregard, Diputada Federal; Ricardo Grau, Regidor Presidente de la Comisi\u00f3n de Juventud y Deporte; Rub\u00e9n Ayala, Encargado de Incubaci\u00f3n y Desarrollo de Competencias Profesionales de la BUAP; Antonio Iriarte, Director del Instituto Municipal del Deporte; y Briseida Jochebed B\u00e1ez, Ganadora de \u2018J\u00f3venes Talento\u2019, en una de sus ediciones 2023.<\/p>\n","protected":false},"excerpt":{"rendered":"<p>Se abrieron cuatro convocatorias de este programa: tres para beneficiar a juntas auxiliares y una nivel municipal; el registro cierra [&hellip;]<\/p>\n","protected":false},"author":1,"featured_media":66320,"comment_status":"open","ping_status":"open","sticky":false,"template":"","format":"standard","meta":{"site-sidebar-layout":"default","site-content-layout":"","ast-site-content-layout":"default","site-content-style":"default","site-sidebar-style":"default","ast-global-header-display":"","ast-banner-title-visibility":"","ast-main-header-display":"","ast-hfb-above-header-display":"","ast-hfb-below-header-display":"","ast-hfb-mobile-header-display":"","site-post-title":"","ast-breadcrumbs-content":"","ast-featured-img":"","footer-sml-layout":"","theme-transparent-header-meta":"","adv-header-id-meta":"","stick-header-meta":"","header-above-stick-meta":"","header-main-stick-meta":"","header-below-stick-meta":"","astra-migrate-meta-layouts":"default","ast-page-background-enabled":"default","ast-page-background-meta":{"desktop":{"background-color":"var(--ast-global-color-4)","background-image":"","background-repeat":"repeat","background-position":"center center","background-size":"auto","background-attachment":"scroll","background-type":"","background-media":"","overlay-type":"","overlay-color":"","overlay-opacity":"","overlay-gradient":""},"tablet":{"background-color":"","background-image":"","background-repeat":"repeat","background-position":"center center","background-size":"auto","background-attachment":"scroll","background-type":"","background-media":"","overlay-type":"","overlay-color":"","overlay-opacity":"","overlay-gradient":""},"mobile":{"background-color":"","background-image":"","background-repeat":"repeat","background-position":"center center","background-size":"auto","background-attachment":"scroll","background-type":"","background-media":"","overlay-type":"","overlay-color":"","overlay-opacity":"","overlay-gradient":""}},"ast-content-background-meta":{"desktop":{"background-color":"var(--ast-global-color-5)","background-image":"","background-repeat":"repeat","background-position":"center center","background-size":"auto","background-attachment":"scroll","background-type":"","background-media":"","overlay-type":"","overlay-color":"","overlay-opacity":"","overlay-gradient":""},"tablet":{"background-color":"var(--ast-global-color-5)","background-image":"","background-repeat":"repeat","background-position":"center center","background-size":"auto","background-attachment":"scroll","background-type":"","background-media":"","overlay-type":"","overlay-color":"","overlay-opacity":"","overlay-gradient":""},"mobile":{"background-color":"var(--ast-global-color-5)","background-image":"","background-repeat":"repeat","background-position":"center center","background-size":"auto","background-attachment":"scroll","background-type":"","background-media":"","overlay-type":"","overlay-color":"","overlay-opacity":"","overlay-gradient":""}},"footnotes":""},"categories":[8],"tags":[7279,21506],"class_list":["post-66319","post","type-post","status-publish","format-standard","has-post-thumbnail","hentry","category-noticias","tag-contigoyconrumbo","tag-jovenes-con-talento"],"_links":{"self":[{"href":"https:\/\/losperiodistas.com.mx\/portal\/wp-json\/wp\/v2\/posts\/66319","targetHints":{"allow":["GET"]}}],"collection":[{"href":"https:\/\/losperiodistas.com.mx\/portal\/wp-json\/wp\/v2\/posts"}],"about":[{"href":"https:\/\/losperiodistas.com.mx\/portal\/wp-json\/wp\/v2\/types\/post"}],"author":[{"embeddable":true,"href":"https:\/\/losperiodistas.com.mx\/portal\/wp-json\/wp\/v2\/users\/1"}],"replies":[{"embeddable":true,"href":"https:\/\/losperiodistas.com.mx\/portal\/wp-json\/wp\/v2\/comments?post=66319"}],"version-history":[{"count":1,"href":"https:\/\/losperiodistas.com.mx\/portal\/wp-json\/wp\/v2\/posts\/66319\/revisions"}],"predecessor-version":[{"id":66321,"href":"https:\/\/losperiodistas.com.mx\/portal\/wp-json\/wp\/v2\/posts\/66319\/revisions\/66321"}],"wp:featuredmedia":[{"embeddable":true,"href":"https:\/\/losperiodistas.com.mx\/portal\/wp-json\/wp\/v2\/media\/66320"}],"wp:attachment":[{"href":"https:\/\/losperiodistas.com.mx\/portal\/wp-json\/wp\/v2\/media?parent=66319"}],"wp:term":[{"taxonomy":"category","embeddable":true,"href":"https:\/\/losperiodistas.com.mx\/portal\/wp-json\/wp\/v2\/categories?post=66319"},{"taxonomy":"post_tag","embeddable":true,"href":"https:\/\/losperiodistas.com.mx\/portal\/wp-json\/wp\/v2\/tags?post=66319"}],"curies":[{"name":"wp","href":"https:\/\/api.w.org\/{rel}","templated":true}]}}