{"id":66316,"date":"2024-01-12T05:50:52","date_gmt":"2024-01-12T11:50:52","guid":{"rendered":"http:\/\/losperiodistas.com.mx\/portal\/?p=66316"},"modified":"2024-01-12T05:50:54","modified_gmt":"2024-01-12T11:50:54","slug":"rescatan-a-61-migrantes-en-reynosa-tamaulipas-la-jornada","status":"publish","type":"post","link":"https:\/\/losperiodistas.com.mx\/portal\/rescatan-a-61-migrantes-en-reynosa-tamaulipas-la-jornada\/","title":{"rendered":"Rescatan a 61 migrantes en Reynosa, Tamaulipas | La Jornada"},"content":{"rendered":"\n<figure class=\"wp-block-image size-full is-style-default\"><img fetchpriority=\"high\" decoding=\"async\" width=\"1024\" height=\"575\" src=\"https:\/\/losperiodistas.com.mx\/portal\/wp-content\/uploads\/2024\/01\/rescatan-a-61-migrantes-en-reynosa-tamaulipas-7681html-migrantes-5623html-ff2fc4e6-6771-4bd6-8363-d7cb86f819c6ljnimgndimagefullsize.jpg\" alt=\"\" class=\"wp-image-66317\" srcset=\"https:\/\/losperiodistas.com.mx\/portal\/wp-content\/uploads\/2024\/01\/rescatan-a-61-migrantes-en-reynosa-tamaulipas-7681html-migrantes-5623html-ff2fc4e6-6771-4bd6-8363-d7cb86f819c6ljnimgndimagefullsize.jpg 1024w, https:\/\/losperiodistas.com.mx\/portal\/wp-content\/uploads\/2024\/01\/rescatan-a-61-migrantes-en-reynosa-tamaulipas-7681html-migrantes-5623html-ff2fc4e6-6771-4bd6-8363-d7cb86f819c6ljnimgndimagefullsize-300x168.jpg 300w, https:\/\/losperiodistas.com.mx\/portal\/wp-content\/uploads\/2024\/01\/rescatan-a-61-migrantes-en-reynosa-tamaulipas-7681html-migrantes-5623html-ff2fc4e6-6771-4bd6-8363-d7cb86f819c6ljnimgndimagefullsize-768x431.jpg 768w\" sizes=\"(max-width: 1024px) 100vw, 1024px\" \/><figcaption>Aspectos de los migrantes rescatados por el INM.<\/figcaption><\/figure>\n\n\n\n<p class=\"has-vivid-red-color has-text-color has-medium-font-size\"><strong>MART\u00cdN S\u00c1NCHEZ TREVI\u00d1O \/ LA JORNADA<\/strong><\/p>\n\n\n\n<p><em>Ciudad Victoria, Tamps.&nbsp;<\/em>Elementos de la Secretar\u00eda de la Defensa Nacional y Polic\u00edas de Investigaci\u00f3n de la Fiscal\u00eda General de Justicia del Estado de Tamaulipas rescataron a 61 migrantes centroamericanos y sudamericanos en la colonia Balcones de Alcal\u00e1 del municipio fronterizo de Reynosa.<\/p>\n\n\n\n<p>La administraci\u00f3n estatal inform\u00f3 que los extranjeros fueron localizados la noche del mi\u00e9rcoles a partir de pesquisas y operaciones de campo de elementos de la Octava Zona Militar; report\u00f3 que se encuentran en buen estado de salud pero no dio pormenores sobre la privaci\u00f3n ilegal de la libertad de la que fueron objeto ni detalles del rescate.<\/p>\n\n\n\n<p>Se\u00f1al\u00f3 que los 61 guatemaltecos, salvadore\u00f1os y ecuatorianos, recibieron atenci\u00f3n medica, as\u00ed como asesor\u00eda jur\u00eddica, y fueron puestos a disposici\u00f3n de autoridades que determinar\u00e1n su situaci\u00f3n migratoria. Indic\u00f3 que en el caso de los menores de edad se pidi\u00f3 la intervenci\u00f3n del Sistema Estatal para el Desarrollo Integral de la Familia.<\/p>\n\n\n\n<p>Agreg\u00f3 que por estos hechos se inici\u00f3 una carpeta de investigaci\u00f3n dentro de la que se est\u00e1n llevando a cabo diversos actos para la acreditaci\u00f3n de los delitos que pudieran actualizarse, as\u00ed como la responsabilidad de los sujetos que intervienen.<\/p>\n\n\n\n<p>El gobierno del estado, encabezado por el morenista Am\u00e9rico Villarreal, apunt\u00f3 que el rescate de los extranjeros fue resultado del seguimiento a tareas de protecci\u00f3n y investigaci\u00f3n a ra\u00edz de la<\/p>\n\n\n\n<p>localizaci\u00f3n el pasado 3 de enero de 32 venezolanos y hondure\u00f1os privados de su libertad el 30 de diciembre, plagiados cuando viajaban en un autob\u00fas propiedad de la empresa Grupo Senda, de Monterrey Nuevo Le\u00f3n, a Matamoros Tamaulipas.<\/p>\n\n\n\n<p>Destac\u00f3 que autoridades federales y estatales mantienen vigilancia permanente en los diez municipios de la franja fronteriza tamaulipeca, debido a que recurrentemente se ha detectado la participaci\u00f3n de bandas delictivas en agresiones a unidades de las l\u00edneas de transporte de pasajeros Senda y \u00d3mnibus de M\u00e9xico.<\/p>\n\n\n\n<p>Fuente: <a href=\"https:\/\/www.jornada.com.mx\/noticia\/2024\/01\/11\/estados\/rescatan-a-61-migrantes-en-reynosa-tamaulipas-7681\">https:\/\/www.jornada.com.mx\/noticia\/2024\/01\/11\/estados\/rescatan-a-61-migrantes-en-reynosa-tamaulipas-7681<\/a><\/p>\n","protected":false},"excerpt":{"rendered":"<p>MART\u00cdN S\u00c1NCHEZ TREVI\u00d1O \/ LA JORNADA Ciudad Victoria, Tamps.&nbsp;Elementos de la Secretar\u00eda de la Defensa Nacional y Polic\u00edas de Investigaci\u00f3n [&hellip;]<\/p>\n","protected":false},"author":1,"featured_media":66317,"comment_status":"open","ping_status":"open","sticky":false,"template":"","format":"standard","meta":{"site-sidebar-layout":"default","site-content-layout":"","ast-site-content-layout":"default","site-content-style":"default","site-sidebar-style":"default","ast-global-header-display":"","ast-banner-title-visibility":"","ast-main-header-display":"","ast-hfb-above-header-display":"","ast-hfb-below-header-display":"","ast-hfb-mobile-header-display":"","site-post-title":"","ast-breadcrumbs-content":"","ast-featured-img":"","footer-sml-layout":"","theme-transparent-header-meta":"","adv-header-id-meta":"","stick-header-meta":"","header-above-stick-meta":"","header-main-stick-meta":"","header-below-stick-meta":"","astra-migrate-meta-layouts":"default","ast-page-background-enabled":"default","ast-page-background-meta":{"desktop":{"background-color":"var(--ast-global-color-4)","background-image":"","background-repeat":"repeat","background-position":"center center","background-size":"auto","background-attachment":"scroll","background-type":"","background-media":"","overlay-type":"","overlay-color":"","overlay-opacity":"","overlay-gradient":""},"tablet":{"background-color":"","background-image":"","background-repeat":"repeat","background-position":"center center","background-size":"auto","background-attachment":"scroll","background-type":"","background-media":"","overlay-type":"","overlay-color":"","overlay-opacity":"","overlay-gradient":""},"mobile":{"background-color":"","background-image":"","background-repeat":"repeat","background-position":"center center","background-size":"auto","background-attachment":"scroll","background-type":"","background-media":"","overlay-type":"","overlay-color":"","overlay-opacity":"","overlay-gradient":""}},"ast-content-background-meta":{"desktop":{"background-color":"var(--ast-global-color-5)","background-image":"","background-repeat":"repeat","background-position":"center center","background-size":"auto","background-attachment":"scroll","background-type":"","background-media":"","overlay-type":"","overlay-color":"","overlay-opacity":"","overlay-gradient":""},"tablet":{"background-color":"var(--ast-global-color-5)","background-image":"","background-repeat":"repeat","background-position":"center center","background-size":"auto","background-attachment":"scroll","background-type":"","background-media":"","overlay-type":"","overlay-color":"","overlay-opacity":"","overlay-gradient":""},"mobile":{"background-color":"var(--ast-global-color-5)","background-image":"","background-repeat":"repeat","background-position":"center center","background-size":"auto","background-attachment":"scroll","background-type":"","background-media":"","overlay-type":"","overlay-color":"","overlay-opacity":"","overlay-gradient":""}},"footnotes":""},"categories":[8],"tags":[11420,19251,4372],"class_list":["post-66316","post","type-post","status-publish","format-standard","has-post-thumbnail","hentry","category-noticias","tag-migrantes-rescatados","tag-reynosa","tag-tamaulipas"],"_links":{"self":[{"href":"https:\/\/losperiodistas.com.mx\/portal\/wp-json\/wp\/v2\/posts\/66316","targetHints":{"allow":["GET"]}}],"collection":[{"href":"https:\/\/losperiodistas.com.mx\/portal\/wp-json\/wp\/v2\/posts"}],"about":[{"href":"https:\/\/losperiodistas.com.mx\/portal\/wp-json\/wp\/v2\/types\/post"}],"author":[{"embeddable":true,"href":"https:\/\/losperiodistas.com.mx\/portal\/wp-json\/wp\/v2\/users\/1"}],"replies":[{"embeddable":true,"href":"https:\/\/losperiodistas.com.mx\/portal\/wp-json\/wp\/v2\/comments?post=66316"}],"version-history":[{"count":1,"href":"https:\/\/losperiodistas.com.mx\/portal\/wp-json\/wp\/v2\/posts\/66316\/revisions"}],"predecessor-version":[{"id":66318,"href":"https:\/\/losperiodistas.com.mx\/portal\/wp-json\/wp\/v2\/posts\/66316\/revisions\/66318"}],"wp:featuredmedia":[{"embeddable":true,"href":"https:\/\/losperiodistas.com.mx\/portal\/wp-json\/wp\/v2\/media\/66317"}],"wp:attachment":[{"href":"https:\/\/losperiodistas.com.mx\/portal\/wp-json\/wp\/v2\/media?parent=66316"}],"wp:term":[{"taxonomy":"category","embeddable":true,"href":"https:\/\/losperiodistas.com.mx\/portal\/wp-json\/wp\/v2\/categories?post=66316"},{"taxonomy":"post_tag","embeddable":true,"href":"https:\/\/losperiodistas.com.mx\/portal\/wp-json\/wp\/v2\/tags?post=66316"}],"curies":[{"name":"wp","href":"https:\/\/api.w.org\/{rel}","templated":true}]}}