{"id":66313,"date":"2024-01-12T05:40:26","date_gmt":"2024-01-12T11:40:26","guid":{"rendered":"http:\/\/losperiodistas.com.mx\/portal\/?p=66313"},"modified":"2024-01-12T05:40:29","modified_gmt":"2024-01-12T11:40:29","slug":"si-me-encabrne-xochitl-galvez-tacha-de-inaceptables-los-acuerdos-de-marko-cortes-el-financiero","status":"publish","type":"post","link":"https:\/\/losperiodistas.com.mx\/portal\/si-me-encabrne-xochitl-galvez-tacha-de-inaceptables-los-acuerdos-de-marko-cortes-el-financiero\/","title":{"rendered":"\u2018S\u00ed me encabr*n\u00e9\u2019: X\u00f3chitl G\u00e1lvez tacha de \u2018inaceptables\u2019 los acuerdos de Marko Cort\u00e9s | El Financiero"},"content":{"rendered":"\n<h2 class=\"has-background has-medium-font-size wp-block-heading\" style=\"background-color:#73f69d\">X\u00f3chitl G\u00e1lvez asegur\u00f3 que jamas aceptar\u00eda un reparto de puestos como el que acordaron el PRI y el PAN en Coahuila.<\/h2>\n\n\n\n<figure class=\"wp-block-image size-large is-style-default\"><img fetchpriority=\"high\" decoding=\"async\" width=\"1024\" height=\"578\" src=\"https:\/\/losperiodistas.com.mx\/portal\/wp-content\/uploads\/2024\/01\/Captura-de-Pantalla-2024-01-12-a-las-5.33.43-1024x578.jpg\" alt=\"\" class=\"wp-image-66314\" srcset=\"https:\/\/losperiodistas.com.mx\/portal\/wp-content\/uploads\/2024\/01\/Captura-de-Pantalla-2024-01-12-a-las-5.33.43-1024x578.jpg 1024w, https:\/\/losperiodistas.com.mx\/portal\/wp-content\/uploads\/2024\/01\/Captura-de-Pantalla-2024-01-12-a-las-5.33.43-300x169.jpg 300w, https:\/\/losperiodistas.com.mx\/portal\/wp-content\/uploads\/2024\/01\/Captura-de-Pantalla-2024-01-12-a-las-5.33.43-768x434.jpg 768w, https:\/\/losperiodistas.com.mx\/portal\/wp-content\/uploads\/2024\/01\/Captura-de-Pantalla-2024-01-12-a-las-5.33.43-1536x867.jpg 1536w, https:\/\/losperiodistas.com.mx\/portal\/wp-content\/uploads\/2024\/01\/Captura-de-Pantalla-2024-01-12-a-las-5.33.43.jpg 1828w\" sizes=\"(max-width: 1024px) 100vw, 1024px\" \/><figcaption>X\u00f3chitl G\u00e1lvez asegur\u00f3 que jamas aceptar\u00eda un reparto de puestos como el que acordaron el PRI y el PAN en Coahuila. (Cuartoscuro)<\/figcaption><\/figure>\n\n\n\n<p class=\"has-vivid-red-color has-text-color has-medium-font-size\"><strong>REDACCI\u00d3N EL FINANCIERO<\/strong><\/p>\n\n\n\n<p>La precandidata \u00fanica a la presidencia por el Frente Amplio por M\u00e9xico,<a href=\"https:\/\/www.elfinanciero.com.mx\/nacional\/2024\/01\/11\/mexico-necesita-seguridad-no-continuidad-xochitl-galvez\/\" target=\"_blank\" rel=\"noreferrer noopener\">&nbsp;X\u00f3chitl G\u00e1lvez,&nbsp;<\/a>calific\u00f3 como \u201c<strong>inaceptable<\/strong>\u201d el&nbsp;<strong>pacto electoral<\/strong>&nbsp;que realiz\u00f3 el Partido Acci\u00f3n Nacional (PAN) con el Revolucionario Institucional (PRI) en Coahuila.<\/p>\n\n\n\n<p>\u201cPara m\u00ed es inaceptable el contenido de ese convenio, es inaceptable. Desde el punto de vista \u00e9tico, para m\u00ed, jam\u00e1s aceptar\u00eda una cosa que contenga lo que ah\u00ed dice\u201d, expres\u00f3 la precandidata, durante una entrevista con el periodista Joaqu\u00edn L\u00f3pez Doriga.<\/p>\n\n\n\n<p><a href=\"https:\/\/www.elfinanciero.com.mx\/nacional\/2024\/01\/10\/jorge-alvarez-maynez-critica-claudia-sheinbaum-xochitl-galvez-representadas-impresentables-movimiento-ciudadano\/\" target=\"_blank\" rel=\"noreferrer noopener\">X\u00f3chitl G\u00e1lvez&nbsp;<\/a>remarc\u00f3 que, cuando fue senadora, ella luch\u00f3 porque<strong>&nbsp;la persona m\u00e1s preparada&nbsp;<\/strong>presidiera dependencias como el Instituto Nacional de Transparencia (INAI) y se\u00f1al\u00f3 que las notar\u00edas tambi\u00e9n deben asignarse por examen de oposici\u00f3n.<\/p>\n\n\n\n<p>\u201c<strong>No llegamos a la pol\u00edtica para buscar un beneficio personal<\/strong>\u00a0<strong>para nadie<\/strong>. Por lo \u00fanico que t\u00fa puedes llegar a un cargo p\u00fablico es<strong>\u00a0para cambiar las cosas<\/strong>, es para que el pa\u00eds camine distinto&#8230; Y yo s\u00ed quiero decir que yo estoy aqu\u00ed como precandidata a la presidencia de la Rep\u00fablica, primero, porque un mill\u00f3n de personas firmaron por m\u00ed\u201d, expres\u00f3.<\/p>\n\n\n\n<p>Adem\u00e1s, inform\u00f3 que ya platic\u00f3 con Marko Cort\u00e9s sobre el acuerdo que realiz\u00f3 el PAN en Coahuila, donde le expres\u00f3 su postura. \u201cS\u00ed me encabron\u00e9 con lo que pas\u00f3\u201d, asegur\u00f3 G\u00e1lvez Ru\u00edz.<\/p>\n\n\n\n<h2 class=\"wp-block-heading\">\u00bfCu\u00e1l fue el acuerdo que hizo el PAN con el PRI en Coahuila?<\/h2>\n\n\n\n<p>El pasado 9 de enero,\u00a0<a href=\"https:\/\/www.elfinanciero.com.mx\/nacional\/2024\/01\/11\/marko-cortes-defiende-acuerdo-transparente-con-el-pri-y-critica-a-amlo-el-unico-mafioso-es-usted\/\" target=\"_blank\" rel=\"noreferrer noopener\">Marko Cort\u00e9s, l\u00edder nacional del PAN<\/a>, reclam\u00f3 al gobernador de Coahuila,<strong>Manolo Jim\u00e9nez<\/strong>,por no respetar los<strong>\u00a0\u201cacuerdo pol\u00edticos\u201d\u00a0<\/strong>para que fuera su partido el que designara al candidato que liderar\u00eda la coalici\u00f3n en las elecciones del 2024.<\/p>\n\n\n\n<p><a href=\"https:\/\/www.elfinanciero.com.mx\/nacional\/2024\/01\/11\/xochitl-galvez-pide-al-ine-investigar-a-morena-por-presunto-desvio-de-recursos-de-notimex\/\"><\/a><a href=\"https:\/\/www.elfinanciero.com.mx\/nacional\/2024\/01\/11\/xochitl-galvez-pide-al-ine-investigar-a-morena-por-presunto-desvio-de-recursos-de-notimex\/\">X\u00f3chitl G\u00e1lvez pide al INE investigar a Morena por presunto desv\u00edo de recursos de Notimex<\/a><\/p>\n\n\n\n<hr class=\"wp-block-separator\"\/>\n\n\n\n<p>Marko Cort\u00e9s comparti\u00f3 un documento a trav\u00e9s de X, en el que comprobaba el pacto entre el PRI y el PAN, donde<strong>\u00a0negociaron el reparto de puestos, Secretar\u00edas\u00a0<\/strong>y de seis notar\u00edas de Coahuila desde 202<\/p>\n\n\n\n<p>\u201cEl acuerdo pol\u00edtico firmado por el hoy gobernador no est\u00e1 vinculado al porcentaje obtenido en el resultado electoral. Es muy sabido que\u00a0<a href=\"https:\/\/twitter.com\/AccionNacional\">@AccionNacional<\/a>\u00a0sacrific\u00f3 una parte de su votaci\u00f3n por no postular a un candidato a la gubernatura\u201d, escribi\u00f3 el l\u00edder blanquiazul.<\/p>\n\n\n\n<figure class=\"wp-block-embed is-type-rich is-provider-twitter wp-block-embed-twitter\"><div class=\"wp-block-embed__wrapper\">\n<blockquote class=\"twitter-tweet\" data-width=\"500\" data-dnt=\"true\"><p lang=\"es\" dir=\"ltr\">Es una verdadera pena que el reci\u00e9n entrado gobernador <a href=\"https:\/\/twitter.com\/manolojim?ref_src=twsrc%5Etfw\">@manolojim<\/a> mienta con tal facilidad; quien miente e incumple en lo poco, miente e incumple en lo mucho.\u00a0<br><br>El acuerdo pol\u00edtico firmado por el hoy gobernador no est\u00e1 vinculado al porcentaje obtenido en el resultado electoral.\u2026 <a href=\"https:\/\/t.co\/RQT42THc3u\">pic.twitter.com\/RQT42THc3u<\/a><\/p>&mdash; Marko Cort\u00e9s (@MarkoCortes) <a href=\"https:\/\/twitter.com\/MarkoCortes\/status\/1744797764582621680?ref_src=twsrc%5Etfw\">January 9, 2024<\/a><\/blockquote><script async src=\"https:\/\/platform.twitter.com\/widgets.js\" charset=\"utf-8\"><\/script>\n<\/div><\/figure>\n\n\n\n<p>Fuente: <a href=\"https:\/\/www.elfinanciero.com.mx\/nacional\/2024\/01\/11\/si-me-encabrne-xochitl-galvez-tacha-de-inaceptables-los-acuerdos-de-marko-cortes\/\">https:\/\/www.elfinanciero.com.mx\/nacional\/2024\/01\/11\/si-me-encabrne-xochitl-galvez-tacha-de-inaceptables-los-acuerdos-de-marko-cortes\/<\/a><\/p>\n","protected":false},"excerpt":{"rendered":"<p>X\u00f3chitl G\u00e1lvez asegur\u00f3 que jamas aceptar\u00eda un reparto de puestos como el que acordaron el PRI y el PAN en [&hellip;]<\/p>\n","protected":false},"author":1,"featured_media":66314,"comment_status":"open","ping_status":"open","sticky":false,"template":"","format":"standard","meta":{"site-sidebar-layout":"default","site-content-layout":"","ast-site-content-layout":"default","site-content-style":"default","site-sidebar-style":"default","ast-global-header-display":"","ast-banner-title-visibility":"","ast-main-header-display":"","ast-hfb-above-header-display":"","ast-hfb-below-header-display":"","ast-hfb-mobile-header-display":"","site-post-title":"","ast-breadcrumbs-content":"","ast-featured-img":"","footer-sml-layout":"","theme-transparent-header-meta":"","adv-header-id-meta":"","stick-header-meta":"","header-above-stick-meta":"","header-main-stick-meta":"","header-below-stick-meta":"","astra-migrate-meta-layouts":"default","ast-page-background-enabled":"default","ast-page-background-meta":{"desktop":{"background-color":"var(--ast-global-color-4)","background-image":"","background-repeat":"repeat","background-position":"center center","background-size":"auto","background-attachment":"scroll","background-type":"","background-media":"","overlay-type":"","overlay-color":"","overlay-opacity":"","overlay-gradient":""},"tablet":{"background-color":"","background-image":"","background-repeat":"repeat","background-position":"center center","background-size":"auto","background-attachment":"scroll","background-type":"","background-media":"","overlay-type":"","overlay-color":"","overlay-opacity":"","overlay-gradient":""},"mobile":{"background-color":"","background-image":"","background-repeat":"repeat","background-position":"center center","background-size":"auto","background-attachment":"scroll","background-type":"","background-media":"","overlay-type":"","overlay-color":"","overlay-opacity":"","overlay-gradient":""}},"ast-content-background-meta":{"desktop":{"background-color":"var(--ast-global-color-5)","background-image":"","background-repeat":"repeat","background-position":"center center","background-size":"auto","background-attachment":"scroll","background-type":"","background-media":"","overlay-type":"","overlay-color":"","overlay-opacity":"","overlay-gradient":""},"tablet":{"background-color":"var(--ast-global-color-5)","background-image":"","background-repeat":"repeat","background-position":"center center","background-size":"auto","background-attachment":"scroll","background-type":"","background-media":"","overlay-type":"","overlay-color":"","overlay-opacity":"","overlay-gradient":""},"mobile":{"background-color":"var(--ast-global-color-5)","background-image":"","background-repeat":"repeat","background-position":"center center","background-size":"auto","background-attachment":"scroll","background-type":"","background-media":"","overlay-type":"","overlay-color":"","overlay-opacity":"","overlay-gradient":""}},"footnotes":""},"categories":[8],"tags":[2089,21504,14772],"class_list":["post-66313","post","type-post","status-publish","format-standard","has-post-thumbnail","hentry","category-noticias","tag-marko-cortes","tag-pacto-electoral-coahuila","tag-xochitl-galvez"],"_links":{"self":[{"href":"https:\/\/losperiodistas.com.mx\/portal\/wp-json\/wp\/v2\/posts\/66313","targetHints":{"allow":["GET"]}}],"collection":[{"href":"https:\/\/losperiodistas.com.mx\/portal\/wp-json\/wp\/v2\/posts"}],"about":[{"href":"https:\/\/losperiodistas.com.mx\/portal\/wp-json\/wp\/v2\/types\/post"}],"author":[{"embeddable":true,"href":"https:\/\/losperiodistas.com.mx\/portal\/wp-json\/wp\/v2\/users\/1"}],"replies":[{"embeddable":true,"href":"https:\/\/losperiodistas.com.mx\/portal\/wp-json\/wp\/v2\/comments?post=66313"}],"version-history":[{"count":1,"href":"https:\/\/losperiodistas.com.mx\/portal\/wp-json\/wp\/v2\/posts\/66313\/revisions"}],"predecessor-version":[{"id":66315,"href":"https:\/\/losperiodistas.com.mx\/portal\/wp-json\/wp\/v2\/posts\/66313\/revisions\/66315"}],"wp:featuredmedia":[{"embeddable":true,"href":"https:\/\/losperiodistas.com.mx\/portal\/wp-json\/wp\/v2\/media\/66314"}],"wp:attachment":[{"href":"https:\/\/losperiodistas.com.mx\/portal\/wp-json\/wp\/v2\/media?parent=66313"}],"wp:term":[{"taxonomy":"category","embeddable":true,"href":"https:\/\/losperiodistas.com.mx\/portal\/wp-json\/wp\/v2\/categories?post=66313"},{"taxonomy":"post_tag","embeddable":true,"href":"https:\/\/losperiodistas.com.mx\/portal\/wp-json\/wp\/v2\/tags?post=66313"}],"curies":[{"name":"wp","href":"https:\/\/api.w.org\/{rel}","templated":true}]}}