{"id":66307,"date":"2024-01-12T05:18:34","date_gmt":"2024-01-12T11:18:34","guid":{"rendered":"http:\/\/losperiodistas.com.mx\/portal\/?p=66307"},"modified":"2024-01-12T05:18:36","modified_gmt":"2024-01-12T11:18:36","slug":"25-prelados-asistieron-a-la-ceremonia-del-nuevo-obispo","status":"publish","type":"post","link":"https:\/\/losperiodistas.com.mx\/portal\/25-prelados-asistieron-a-la-ceremonia-del-nuevo-obispo\/","title":{"rendered":"25 prelados asistieron a la ceremonia del nuevo Obispo"},"content":{"rendered":"\n<p class=\"has-medium-font-size\">*Se colocaron 7 mil sillas en el Centro Expositor para la consagraci\u00f3n episcopal<\/p>\n\n\n\n<figure class=\"wp-block-image size-large is-style-default\"><img fetchpriority=\"high\" decoding=\"async\" width=\"1024\" height=\"723\" src=\"https:\/\/losperiodistas.com.mx\/portal\/wp-content\/uploads\/2024\/01\/CHARLA-CON-EL-ARZOBISPO-1024x723.jpeg\" alt=\"\" class=\"wp-image-66308\" srcset=\"https:\/\/losperiodistas.com.mx\/portal\/wp-content\/uploads\/2024\/01\/CHARLA-CON-EL-ARZOBISPO-1024x723.jpeg 1024w, https:\/\/losperiodistas.com.mx\/portal\/wp-content\/uploads\/2024\/01\/CHARLA-CON-EL-ARZOBISPO-300x212.jpeg 300w, https:\/\/losperiodistas.com.mx\/portal\/wp-content\/uploads\/2024\/01\/CHARLA-CON-EL-ARZOBISPO-768x542.jpeg 768w, https:\/\/losperiodistas.com.mx\/portal\/wp-content\/uploads\/2024\/01\/CHARLA-CON-EL-ARZOBISPO.jpeg 1121w\" sizes=\"(max-width: 1024px) 100vw, 1024px\" \/><\/figure>\n\n\n\n<p class=\"has-vivid-red-color has-text-color\" style=\"font-size:26px\"><strong><em>Por Ra\u00fal Torres Salmer\u00f3n<\/em><\/strong><\/p>\n\n\n\n<p>En una amena charla del Arzobispo de Puebla, don V\u00edctor S\u00e1nchez Espinosa y un grupo de periodistas, despu\u00e9s de la comida en el Seminario Palafoxiano de Puebla Capital, ofrecida por la consagraci\u00f3n episcopal del Obispo Auxiliar Francisco Javier Mart\u00ednez Castillo, habl\u00f3 de diversos temas, incluida la intervenci\u00f3n quir\u00fargica a la que ser\u00e1 sometido la pr\u00f3xima semana.<\/p>\n\n\n\n<p>Entre otros temas expres\u00f3 lo siguiente:<\/p>\n\n\n\n<p>-La Iglesia Cat\u00f3lica poblana est\u00e1 fuerte y viva. El nuevo Obispo Auxiliar reforzar\u00e1 las tareas de la Arquidi\u00f3cesis.<\/p>\n\n\n\n<p>-Su colocaron 7 mil sillas en el Centro Expositor de Los Fuertes, que se ocuparon en su totalidad con invitados de todos los sectores de Puebla.<\/p>\n\n\n\n<p>-Llegaron adem\u00e1s, fieles de todo el Estado. Participaron en la movilizaci\u00f3n la Curia y los organismos de la Iglesia.<\/p>\n\n\n\n<p>-A trav\u00e9s de C\u00e1ritas de Puebla se han enviado 400 toneladas de ayuda al Puerto de Acapulco, Guerrero y seguir\u00e1n con la ayuda.<\/p>\n\n\n\n<p>-La Parroquia de la Sagrada Familia de Acapulco se le encarg\u00f3 a la Arquidi\u00f3cesis de Puebla para su reconstrucci\u00f3n, que est\u00e1 a cargo de cat\u00f3licos de las poblaciones de Pilcaya en Chiautla de Tapia y Axochiapan en Morelos, que en los temblores pasados resultaron afectadas y por eso ayudan.<\/p>\n\n\n\n<p>-Una vez pasadas las celebraciones de Navidad y de A\u00f1o Nuevo, as\u00ed como la ceremonia de consagraci\u00f3n del Obispo Auxiliar, tomar\u00e9 unos d\u00edas para una intervenci\u00f3n quir\u00fargica por un problema de cadera que tengo desde hace alg\u00fan tiempo.<\/p>\n\n\n\n<p>-En total estuvimos en la ceremonia 25 prelados, entre arzobispos y obispos, que fueron invitados a la ceremonia religiosa. &nbsp;<\/p>\n\n\n\n<p>En la pl\u00e1tica con el Arzobispo estuvieron adem\u00e1s el Obispo de Matamoros, Tamaulipas, Eugenio Lira Rugarc\u00eda y los periodistas Leticia Montagner, Javier Rodr\u00edguez, Josefina Z\u00e1rate L\u00f3pez y Jorge Marcelino Alejo y quien esto escribe.<\/p>\n\n\n\n<p>En la comida estuvieron el Gobernador Sergio Salom\u00f3n C\u00e9spedes y los obispos y arzobispos invitados, adem\u00e1s del ex Gobernador Jos\u00e9 Antonio Gali y su esposa Dinorah L\u00f3pez, Antonio Gali L\u00f3pez, Jos\u00e9 Chedraui, Mely Macoto, Rosario Orozco viuda de Barbosa, Genoveva Huerta y Pablo Fern\u00e1ndez del Campo entre otros.<\/p>\n\n\n\n<p>Ese d\u00eda, jueves 4 de enero, estaba en su apogeo la noticia del secuestro por parte del crimen organizado, de 31 indocumentados sudamericanos en Reynosa, Tamaulipas. Sobre el tema, el Obispo de Matamoros Eugenio Lira coment\u00f3 que ese tipo de sucesos se registran casi a diario en esa zona. Hay levantones todos los d\u00edas, expres\u00f3.<\/p>\n\n\n\n<p>Las casas de migrantes de la Iglesia en esas zonas ayudan m\u00e1s a los refugiados que el Gobierno, y hay decenas de haitianos, venezolanos, nicarag\u00fcenses, cubanos y hasta rusos y ucranianos.<\/p>\n\n\n\n<p>LISTA DE PRELADOS<\/p>\n\n\n\n<p>En la ceremonia religiosa estuvieron los siguientes prelados de la Iglesia Cat\u00f3lica:<\/p>\n\n\n\n<p>V\u00edctor S\u00e1nchez Espinosa, Arzobispo de Puebla de los \u00c1ngeles.<\/p>\n\n\n\n<p>Norberto Rivera Carrera, Cardenal, Arzobispo Em\u00e9rito de M\u00e9xico.<\/p>\n\n\n\n<p>Joseph Spiteri, Arzobispo y Nuncio Apost\u00f3lico en M\u00e9xico.<\/p>\n\n\n\n<p>Leopoldo Gonz\u00e1lez Gonz\u00e1lez, Arzobispo de Acapulco, Guerrero.<\/p>\n\n\n\n<p>H\u00e9ctor L\u00f3pez Alvarado Arzobispo de Tulancingo, Hidalgo.<\/p>\n\n\n\n<p>Domingo D\u00edaz Mart\u00ednez y Manuel Gonz\u00e1lez Villase\u00f1or, Obispos Auxiliares de Guadalajara.<\/p>\n\n\n\n<p>Miguel \u00c1ngel Castro Mu\u00f1oz, Obispo de Huajuapan de Le\u00f3n, Oaxaca.<\/p>\n\n\n\n<p>Guadalupe Antonio Ruiz Urqu\u00edn, Obispo de la Prelatura de Huautla, Oaxaca<\/p>\n\n\n\n<p>Eugenio Lira Rugarc\u00eda, Obispo de Matamoros, Tamaulipas.<\/p>\n\n\n\n<p>Jes\u00fas Omar Alem\u00e1n Ch\u00e1vez, Obispo de Cuauht\u00e9moc-Madera, Chihuahua.<\/p>\n\n\n\n<p>Juan Manuel Gonz\u00e1lez Sandoval, Obispo de Tarahumara, Chihuahua.<\/p>\n\n\n\n<p>Gonzalo Alonso Calzada Guerrero, Obispo de Tehuac\u00e1n, Puebla.<\/p>\n\n\n\n<p>Julio C\u00e9sar Salcedo Aquino, Obispo de Tlaxcala, Tlaxcala.<\/p>\n\n\n\n<p>Eduardo Cervantes Merino, Obispo de Orizaba, Veracruz.<\/p>\n\n\n\n<p>Jos\u00e9 Trinidad Zapata Ortiz, Obispo de Papantla, Veracruz.<\/p>\n\n\n\n<p>Jos\u00e9 Francisco Gonz\u00e1lez Gonz\u00e1lez, Obispo de Campeche.<\/p>\n\n\n\n<p>Jorge Cuapio Bautista, Obispo de Iztapalapa, Ciudad de M\u00e9xico.<\/p>\n\n\n\n<p>Salvador Gonz\u00e1lez Morales, Luis Manuel P\u00e9rez Raygosa y Andr\u00e9s Luis Garc\u00eda Jasso, Obispos Auxiliares de M\u00e9xico.<\/p>\n\n\n\n<p>Tom\u00e1s L\u00f3pez Dur\u00e1n, Obispo Auxiliar de Puebla.<\/p>\n\n\n\n<p>Felipe Pozos Lorenzini, Obispo de Ciudad Obreg\u00f3n, Sonora.<\/p>\n\n\n\n<p>Dagoberto Sosa Arriaga, Obispo de Tlapa, Guerrero.<\/p>\n\n\n\n<p>Oscar Roberto Dom\u00ednguez Couttolenc, Obispo de Ecatepec, Estado de M\u00e9xico.<\/p>\n\n\n\n<p>En fin, como escribi\u00f3 Ram\u00f3n L\u00f3pez Velarde (Zacatecas, 1888-1921), en su poema Del Seminario:<\/p>\n\n\n\n<p>Hoy que la indiferencia del siglo me desola<\/p>\n\n\n\n<p>s\u00e9 que ayer tuve dones celestes de continuo,<\/p>\n\n\n\n<p>y con los ejercicios de Ignacio de Loyola<\/p>\n\n\n\n<p>el coraz\u00f3n sangraba como al dardo divino.<\/p>\n\n\n\n<p>Feliz era mi alma sin que estuviese sola:<\/p>\n\n\n\n<p>hab\u00eda en torno de ella pan de hostias, el vino<\/p>\n\n\n\n<p>de consagrar, los actos con que Jes\u00fas se inmola<\/p>\n\n\n\n<p>y tesis de Boecio y de Tom\u00e1s de Aquino.<\/p>\n\n\n\n<p>raultorress@hotmail.com<\/p>\n","protected":false},"excerpt":{"rendered":"<p>*Se colocaron 7 mil sillas en el Centro Expositor para la consagraci\u00f3n episcopal Por Ra\u00fal Torres Salmer\u00f3n En una amena [&hellip;]<\/p>\n","protected":false},"author":1,"featured_media":66308,"comment_status":"open","ping_status":"open","sticky":false,"template":"","format":"standard","meta":{"site-sidebar-layout":"default","site-content-layout":"","ast-site-content-layout":"default","site-content-style":"default","site-sidebar-style":"default","ast-global-header-display":"","ast-banner-title-visibility":"","ast-main-header-display":"","ast-hfb-above-header-display":"","ast-hfb-below-header-display":"","ast-hfb-mobile-header-display":"","site-post-title":"","ast-breadcrumbs-content":"","ast-featured-img":"","footer-sml-layout":"","theme-transparent-header-meta":"","adv-header-id-meta":"","stick-header-meta":"","header-above-stick-meta":"","header-main-stick-meta":"","header-below-stick-meta":"","astra-migrate-meta-layouts":"default","ast-page-background-enabled":"default","ast-page-background-meta":{"desktop":{"background-color":"var(--ast-global-color-4)","background-image":"","background-repeat":"repeat","background-position":"center center","background-size":"auto","background-attachment":"scroll","background-type":"","background-media":"","overlay-type":"","overlay-color":"","overlay-opacity":"","overlay-gradient":""},"tablet":{"background-color":"","background-image":"","background-repeat":"repeat","background-position":"center center","background-size":"auto","background-attachment":"scroll","background-type":"","background-media":"","overlay-type":"","overlay-color":"","overlay-opacity":"","overlay-gradient":""},"mobile":{"background-color":"","background-image":"","background-repeat":"repeat","background-position":"center center","background-size":"auto","background-attachment":"scroll","background-type":"","background-media":"","overlay-type":"","overlay-color":"","overlay-opacity":"","overlay-gradient":""}},"ast-content-background-meta":{"desktop":{"background-color":"var(--ast-global-color-5)","background-image":"","background-repeat":"repeat","background-position":"center center","background-size":"auto","background-attachment":"scroll","background-type":"","background-media":"","overlay-type":"","overlay-color":"","overlay-opacity":"","overlay-gradient":""},"tablet":{"background-color":"var(--ast-global-color-5)","background-image":"","background-repeat":"repeat","background-position":"center center","background-size":"auto","background-attachment":"scroll","background-type":"","background-media":"","overlay-type":"","overlay-color":"","overlay-opacity":"","overlay-gradient":""},"mobile":{"background-color":"var(--ast-global-color-5)","background-image":"","background-repeat":"repeat","background-position":"center center","background-size":"auto","background-attachment":"scroll","background-type":"","background-media":"","overlay-type":"","overlay-color":"","overlay-opacity":"","overlay-gradient":""}},"footnotes":""},"categories":[8,19],"tags":[21502],"class_list":["post-66307","post","type-post","status-publish","format-standard","has-post-thumbnail","hentry","category-noticias","category-sin-limites-2","tag-obispo-francisco-martinez-castillo"],"_links":{"self":[{"href":"https:\/\/losperiodistas.com.mx\/portal\/wp-json\/wp\/v2\/posts\/66307","targetHints":{"allow":["GET"]}}],"collection":[{"href":"https:\/\/losperiodistas.com.mx\/portal\/wp-json\/wp\/v2\/posts"}],"about":[{"href":"https:\/\/losperiodistas.com.mx\/portal\/wp-json\/wp\/v2\/types\/post"}],"author":[{"embeddable":true,"href":"https:\/\/losperiodistas.com.mx\/portal\/wp-json\/wp\/v2\/users\/1"}],"replies":[{"embeddable":true,"href":"https:\/\/losperiodistas.com.mx\/portal\/wp-json\/wp\/v2\/comments?post=66307"}],"version-history":[{"count":1,"href":"https:\/\/losperiodistas.com.mx\/portal\/wp-json\/wp\/v2\/posts\/66307\/revisions"}],"predecessor-version":[{"id":66309,"href":"https:\/\/losperiodistas.com.mx\/portal\/wp-json\/wp\/v2\/posts\/66307\/revisions\/66309"}],"wp:featuredmedia":[{"embeddable":true,"href":"https:\/\/losperiodistas.com.mx\/portal\/wp-json\/wp\/v2\/media\/66308"}],"wp:attachment":[{"href":"https:\/\/losperiodistas.com.mx\/portal\/wp-json\/wp\/v2\/media?parent=66307"}],"wp:term":[{"taxonomy":"category","embeddable":true,"href":"https:\/\/losperiodistas.com.mx\/portal\/wp-json\/wp\/v2\/categories?post=66307"},{"taxonomy":"post_tag","embeddable":true,"href":"https:\/\/losperiodistas.com.mx\/portal\/wp-json\/wp\/v2\/tags?post=66307"}],"curies":[{"name":"wp","href":"https:\/\/api.w.org\/{rel}","templated":true}]}}