{"id":6625,"date":"2021-04-06T19:53:34","date_gmt":"2021-04-07T00:53:34","guid":{"rendered":"http:\/\/losperiodistas.com.mx\/portal\/?p=6625"},"modified":"2021-04-06T19:53:36","modified_gmt":"2021-04-07T00:53:36","slug":"de-cordova-a-sanchez-cordero-ser-discreto-y-neutral-no-es-ser-omiso-ante-violaciones-a-la-ley-sinembargo","status":"publish","type":"post","link":"https:\/\/losperiodistas.com.mx\/portal\/de-cordova-a-sanchez-cordero-ser-discreto-y-neutral-no-es-ser-omiso-ante-violaciones-a-la-ley-sinembargo\/","title":{"rendered":"De C\u00f3rdova, a S\u00e1nchez Cordero: Ser discreto y neutral no es ser omiso ante violaciones a la Ley | SinEmbargo"},"content":{"rendered":"\n<p style=\"font-size:18px\"><em>Olga S\u00e1nchez Cordero, Secretaria de Gobernaci\u00f3n, le recomend\u00f3 hoy a Lorenzo C\u00f3rdova, Consejero presidente del Instituto Nacional Electoral, ser neutral y discreto, y no buscar aplausos.\u00a0<\/em><\/p>\n\n\n\n<figure class=\"wp-block-image size-large\"><img fetchpriority=\"high\" decoding=\"async\" width=\"1024\" height=\"581\" src=\"https:\/\/losperiodistas.com.mx\/portal\/wp-content\/uploads\/2021\/04\/Captura-de-Pantalla-2021-04-06-a-las-19.48.52-1024x581.jpg\" alt=\"\" class=\"wp-image-6626\" srcset=\"https:\/\/losperiodistas.com.mx\/portal\/wp-content\/uploads\/2021\/04\/Captura-de-Pantalla-2021-04-06-a-las-19.48.52-1024x581.jpg 1024w, https:\/\/losperiodistas.com.mx\/portal\/wp-content\/uploads\/2021\/04\/Captura-de-Pantalla-2021-04-06-a-las-19.48.52-300x170.jpg 300w, https:\/\/losperiodistas.com.mx\/portal\/wp-content\/uploads\/2021\/04\/Captura-de-Pantalla-2021-04-06-a-las-19.48.52-768x435.jpg 768w, https:\/\/losperiodistas.com.mx\/portal\/wp-content\/uploads\/2021\/04\/Captura-de-Pantalla-2021-04-06-a-las-19.48.52-1536x871.jpg 1536w, https:\/\/losperiodistas.com.mx\/portal\/wp-content\/uploads\/2021\/04\/Captura-de-Pantalla-2021-04-06-a-las-19.48.52-2048x1161.jpg 2048w\" sizes=\"(max-width: 1024px) 100vw, 1024px\" \/><\/figure>\n\n\n\n<p class=\"has-vivid-cyan-blue-color has-text-color has-medium-font-size\">REDACCI\u00d3N SINEMBARGO<\/p>\n\n\n\n<p>Ciudad de M\u00e9xico, 6 de abril (SinEmbargo).-&nbsp;<strong>Lorenzo C\u00f3rdova Vianello<\/strong>, Consejero presidente&nbsp;del&nbsp;<strong>Instituto Nacional Electoral<\/strong>&nbsp;(INE), dijo esta tarde que el<strong>&nbsp;\u00e1rbitro electoral<\/strong>&nbsp;s\u00ed debe ser discreto y neutral, pero&nbsp;<strong>no omiso<\/strong>&nbsp;e indiferente frente a las violaciones a la ley.<\/p>\n\n\n\n<p>Horas antes, la titular de la Secretar\u00eda de Gobernaci\u00f3n (Segob),&nbsp;Olga S\u00e1nchez Cordero,&nbsp;se\u00f1al\u00f3 que el papel del&nbsp;Consejero presidente&nbsp;del Instituto Nacional Electoral (INE) debe ser&nbsp;neutro&nbsp;y tiene el deber de concentrarse en el cumplimiento de las&nbsp;reglas dentro de las elecciones,&nbsp;pero que no es \u201cun r\u00e9feri\u201d.<\/p>\n\n\n\n<p>En la ceremonia para la producci\u00f3n e impresi\u00f3n de 101.6 millones de boletas electorales, la Secretaria asegur\u00f3 frente al presidente del INE,&nbsp;Lorenzo C\u00f3rdova, que la&nbsp;neutralidad y la discreci\u00f3n&nbsp;en las elecciones no s\u00f3lo debe estar presente entre los gobernantes, sino tambi\u00e9n en las&nbsp;autoridades electorales,&nbsp;para que as\u00ed se cumplan los&nbsp;principios democr\u00e1ticos&nbsp;que rigen al pa\u00eds.<\/p>\n\n\n\n<p>\u201cEl d\u00eda de hoy se ha dicho que el \u00e1rbitro debe ser discreto y neutral. \u00a1Coincido totalmente! Pero hay que agregar: ser discreto y neutral no significa ser omiso e indiferente frente a las violaciones a la ley, sino todo lo contrario; frente a ello debe ser estricto y puntual\u201d, respondi\u00f3 Lorenzo C\u00f3rdova en su cuenta de Twitter.<\/p>\n\n\n\n<figure class=\"wp-block-embed is-type-rich is-provider-twitter wp-block-embed-twitter\"><div class=\"wp-block-embed__wrapper\">\n<blockquote class=\"twitter-tweet\" data-width=\"500\" data-dnt=\"true\"><p lang=\"es\" dir=\"ltr\">El d\u00eda de hoy se ha dicho que el \u00e1rbitro debe ser discreto y neutral. \u00a1Coincido totalmente! Pero hay que agregar: ser discreto y neutral no significa ser omiso e indiferente frente a las violaciones a la ley, sino todo lo contrario; frente a ello debe ser estricto y puntual.<\/p>&mdash; Lorenzo C\u00f3rdova V. (@lorenzocordovav) <a href=\"https:\/\/twitter.com\/lorenzocordovav\/status\/1379551753474035715?ref_src=twsrc%5Etfw\">April 6, 2021<\/a><\/blockquote><script async src=\"https:\/\/platform.twitter.com\/widgets.js\" charset=\"utf-8\"><\/script>\n<\/div><\/figure>\n\n\n\n<blockquote class=\"wp-block-quote is-layout-flow wp-block-quote-is-layout-flow\"><p><em>\u201cMe gusta decir que as\u00ed como la neutralidad no es indiferencia, y lo dice Lorenzo, la autonom\u00eda no es autarqu\u00eda, lo comparto mi querido presidente, considero que siendo la neutralidad una obligaci\u00f3n de los gobernantes, tambi\u00e9n lo es de las autoridades electorales administrativas y judiciales\u201d, expres\u00f3 S\u00e1nchez Cordero antes, durante el evento en el que estuvo con C\u00f3rdova.<\/em><\/p><\/blockquote>\n\n\n\n<p>S\u00e1nchez Cordero cit\u00f3 en su discurso al exconsejero del Instituto, Jos\u00e9 Woldenberg, para recalcar que el presidiario electoral no debe \u201cbuscar el aplauso\u201d, sino la eficiencia en el ejercicio electoral democr\u00e1tico y justo.<\/p>\n\n\n\n<figure class=\"wp-block-embed is-type-rich is-provider-twitter wp-block-embed-twitter\"><div class=\"wp-block-embed__wrapper\">\n<blockquote class=\"twitter-tweet\" data-width=\"500\" data-dnt=\"true\"><p lang=\"es\" dir=\"ltr\">En <a href=\"https:\/\/twitter.com\/TGraficosmx?ref_src=twsrc%5Etfw\">@TGraficosmx<\/a> oprim\u00ed el bot\u00f3n de arranque para el inicio de la impresi\u00f3n de las boletas electorales para los comicios del pr\u00f3ximo 6 de junio, en compa\u00f1\u00eda de consejeras y consejeros del <a href=\"https:\/\/twitter.com\/INEMexico?ref_src=twsrc%5Etfw\">@INEMexico<\/a>. 2\/4 <a href=\"https:\/\/t.co\/IQqxrwCrzy\">pic.twitter.com\/IQqxrwCrzy<\/a><\/p>&mdash; Olga S\u00e1nchez Cordero (@M_OlgaSCordero) <a href=\"https:\/\/twitter.com\/M_OlgaSCordero\/status\/1379487047786713090?ref_src=twsrc%5Etfw\">April 6, 2021<\/a><\/blockquote><script async src=\"https:\/\/platform.twitter.com\/widgets.js\" charset=\"utf-8\"><\/script>\n<\/div><\/figure>\n\n\n\n<blockquote class=\"wp-block-quote is-layout-flow wp-block-quote-is-layout-flow\"><p><em>\u201cRecuerdo tambi\u00e9n haber escuchado hace algunos a\u00f1os al entonces Consejero del INE, Jos\u00e9 Woldenberg, afirmar que el \u00e1rbitro electoral debe ser discreto, el \u00e1rbitro no busca el aplauso p\u00fablico, sino el cumplimiento de las reglas del juego, la premisa es clara: por definici\u00f3n el \u00e1rbitro es neutral o no es \u00e1rbitro, en pocas palabras, hago m\u00edas lo que en esa ocasi\u00f3n, en 1994, dijo uno de los primeros seis consejeros ciudadanos, y era que el \u00e1rbitro electoral fuera eficiente y discreto, siempre tengo presente estas reflexiones\u201d, indic\u00f3.<\/em><\/p><\/blockquote>\n\n\n\n<figure class=\"wp-block-embed is-type-rich is-provider-twitter wp-block-embed-twitter\"><div class=\"wp-block-embed__wrapper\">\n<blockquote class=\"twitter-tweet\" data-width=\"500\" data-dnt=\"true\"><p lang=\"es\" dir=\"ltr\">Conf\u00edo en que todos cumplamos la parte que nos corresponde en este proceso electoral y, como dije en mi mensaje: la premisa es muy clara, por definici\u00f3n el \u00e1rbitro debe ser neutral, o no es \u00e1rbitro. 4\/4 <a href=\"https:\/\/t.co\/cwDfQj1d2B\">pic.twitter.com\/cwDfQj1d2B<\/a><\/p>&mdash; Olga S\u00e1nchez Cordero (@M_OlgaSCordero) <a href=\"https:\/\/twitter.com\/M_OlgaSCordero\/status\/1379487056016015363?ref_src=twsrc%5Etfw\">April 6, 2021<\/a><\/blockquote><script async src=\"https:\/\/platform.twitter.com\/widgets.js\" charset=\"utf-8\"><\/script>\n<\/div><\/figure>\n\n\n\n<p>A pesar de su clara postura, Olga S\u00e1nchez afirm\u00f3 que el Gobierno federal respaldar\u00e1 al INE, al Tribunal Electoral, a los institutos y tribunales locales, y&nbsp; que les brindar\u00e1 todo el apoyo que requieran para que cumplan con oportunidad y calidad sus tareas.<img decoding=\"async\" src=\"https:\/\/i0.wp.com\/sinembargo.mx\/wp-content\/uploads\/2021\/04\/cuartoscuro_751596_digital.jpg\" alt=\"\"><\/p>\n\n\n\n<h4 class=\"wp-block-heading\"><a href=\"https:\/\/www.sinembargo.mx\/04-04-2021\/3959736\">VER M\u00c1S<\/a><\/h4>\n\n\n\n<h5 class=\"wp-block-heading\"><a href=\"https:\/\/www.sinembargo.mx\/04-04-2021\/3959736\">Lorenzo C\u00f3rdova insiste en que el INE est\u00e1 sometido a una \u201cestrategia de amedrentamiento\u201d<\/a><\/h5>\n\n\n\n<p>\u201cLa democracia no es s\u00f3lo elecciones, pero en ellas tiene su fundamento, las elecciones en M\u00e9xico son responsables de autoridades aut\u00f3nomas, independientes, a las que el Gobierno de la Rep\u00fablica respeta irrestrictamente\u201d, insisti\u00f3 durante su participaci\u00f3n en la ceremonia inaugural.<\/p>\n\n\n\n<p>En su turno, Lorenzo C\u00f3rdova destac\u00f3 que el INE no s\u00f3lo es el organizador de los comicios, sino tambi\u00e9n el \u00e1rbitro de la contienda, por lo que aplicar\u00e1 las leyes constitucionales a quien deba ser, haciendo referencia a las confrontaciones que ha tenido con el Presidente Andr\u00e9s Manuel L\u00f3pez Obrador.<\/p>\n\n\n\n<blockquote class=\"wp-block-quote is-layout-flow wp-block-quote-is-layout-flow\"><p><em>\u201cEl INE no s\u00f3lo es el organizador de los comicios, sino el \u00e1rbitro de la contienda electoral, y aunque haya quienes confundan la aplicaci\u00f3n de la ley con sesgos y actitudes parciales, lo cierto es que el \u00e1rbitro seguir\u00e1 aplicando las leyes y garantizando la equidad y la imparcialidad en el proceso electoral\u201d, recalc\u00f3.<\/em><\/p><\/blockquote>\n\n\n\n<p>Coincidi\u00f3 con la exministra al se\u00f1alar que se trabajar\u00e1 en conjunto con las instituciones pertinentes para asegurar que todo se efect\u00fae de la manera correcta.<\/p>\n\n\n\n<p>\u201cAunque el INE es un \u00f3rgano constitucional aut\u00f3nomo, esto lo sabe muy bien la Secretaria de Gobernaci\u00f3n, muy celoso de su independencia y autonom\u00eda, pero tambi\u00e9n tenemos claro que autonom\u00eda no significa autarqu\u00eda\u201d, dijo Lorenzo C\u00f3rdova.<img decoding=\"async\" src=\"https:\/\/i0.wp.com\/sinembargo.mx\/wp-content\/uploads\/2021\/04\/ine-consejeros.jpeg\" alt=\"\"><\/p>\n\n\n\n<h4 class=\"wp-block-heading\"><a href=\"https:\/\/www.sinembargo.mx\/03-04-2021\/3959662\">VER M\u00c1S<\/a><\/h4>\n\n\n\n<h5 class=\"wp-block-heading\"><a href=\"https:\/\/www.sinembargo.mx\/03-04-2021\/3959662\">INE bajar\u00e1 aspirantes a diputados que mintieron en su declaraci\u00f3n 3 de 3 contra violencia de g\u00e9nero<\/a><\/h5>\n\n\n\n<p>El Consejero presidente del Instituto Electoral se\u00f1al\u00f3 que tiene una estrecha colaboraci\u00f3n con la Segob y con la Secretar\u00eda de Salud (SSa), a cargo de Jorge Alcocer Varela, para que la participaci\u00f3n ciudadana en las elecciones no se vuelva un factor de riesgo que pueda incrementar los casos positivos de COVID-19, por lo que ya se trabaja en definir las acciones pertinentes.<\/p>\n\n\n\n<p>Finalmente recalc\u00f3 que la impresi\u00f3n de boletas es uno de los primeros pasos para dar certeza y fidelidad a los procesos electorales.<\/p>\n\n\n\n<p>Desde este d\u00eda, Talleres Gr\u00e1ficos de M\u00e9xico se encargar\u00e1 de imprimir m\u00e1s de 100 millones de boletas electorales en 677 toneladas de papel seguridad. La producci\u00f3n estar\u00e1 a cargo de 400 trabajadores, divididos en tres turnos las 24 horas para que pueda entregarse el material electoral del pr\u00f3ximo 6 de junio.<\/p>\n\n\n\n<p>Fuente: https:\/\/www.sinembargo.mx\/06-04-2021\/3960436<\/p>\n\n\n\n<p><\/p>\n","protected":false},"excerpt":{"rendered":"<p>Olga S\u00e1nchez Cordero, Secretaria de Gobernaci\u00f3n, le recomend\u00f3 hoy a Lorenzo C\u00f3rdova, Consejero presidente del Instituto Nacional Electoral, ser neutral [&hellip;]<\/p>\n","protected":false},"author":1,"featured_media":6626,"comment_status":"open","ping_status":"open","sticky":false,"template":"","format":"standard","meta":{"site-sidebar-layout":"default","site-content-layout":"","ast-site-content-layout":"default","site-content-style":"default","site-sidebar-style":"default","ast-global-header-display":"","ast-banner-title-visibility":"","ast-main-header-display":"","ast-hfb-above-header-display":"","ast-hfb-below-header-display":"","ast-hfb-mobile-header-display":"","site-post-title":"","ast-breadcrumbs-content":"","ast-featured-img":"","footer-sml-layout":"","theme-transparent-header-meta":"","adv-header-id-meta":"","stick-header-meta":"","header-above-stick-meta":"","header-main-stick-meta":"","header-below-stick-meta":"","astra-migrate-meta-layouts":"default","ast-page-background-enabled":"default","ast-page-background-meta":{"desktop":{"background-color":"var(--ast-global-color-4)","background-image":"","background-repeat":"repeat","background-position":"center center","background-size":"auto","background-attachment":"scroll","background-type":"","background-media":"","overlay-type":"","overlay-color":"","overlay-opacity":"","overlay-gradient":""},"tablet":{"background-color":"","background-image":"","background-repeat":"repeat","background-position":"center center","background-size":"auto","background-attachment":"scroll","background-type":"","background-media":"","overlay-type":"","overlay-color":"","overlay-opacity":"","overlay-gradient":""},"mobile":{"background-color":"","background-image":"","background-repeat":"repeat","background-position":"center center","background-size":"auto","background-attachment":"scroll","background-type":"","background-media":"","overlay-type":"","overlay-color":"","overlay-opacity":"","overlay-gradient":""}},"ast-content-background-meta":{"desktop":{"background-color":"var(--ast-global-color-5)","background-image":"","background-repeat":"repeat","background-position":"center center","background-size":"auto","background-attachment":"scroll","background-type":"","background-media":"","overlay-type":"","overlay-color":"","overlay-opacity":"","overlay-gradient":""},"tablet":{"background-color":"var(--ast-global-color-5)","background-image":"","background-repeat":"repeat","background-position":"center center","background-size":"auto","background-attachment":"scroll","background-type":"","background-media":"","overlay-type":"","overlay-color":"","overlay-opacity":"","overlay-gradient":""},"mobile":{"background-color":"var(--ast-global-color-5)","background-image":"","background-repeat":"repeat","background-position":"center center","background-size":"auto","background-attachment":"scroll","background-type":"","background-media":"","overlay-type":"","overlay-color":"","overlay-opacity":"","overlay-gradient":""}},"footnotes":""},"categories":[8],"tags":[141,888,887],"class_list":["post-6625","post","type-post","status-publish","format-standard","has-post-thumbnail","hentry","category-noticias","tag-elecciones-mexico-2021","tag-lorfenzo-cordova-ine","tag-olga-sanchez-cordero-ine"],"_links":{"self":[{"href":"https:\/\/losperiodistas.com.mx\/portal\/wp-json\/wp\/v2\/posts\/6625","targetHints":{"allow":["GET"]}}],"collection":[{"href":"https:\/\/losperiodistas.com.mx\/portal\/wp-json\/wp\/v2\/posts"}],"about":[{"href":"https:\/\/losperiodistas.com.mx\/portal\/wp-json\/wp\/v2\/types\/post"}],"author":[{"embeddable":true,"href":"https:\/\/losperiodistas.com.mx\/portal\/wp-json\/wp\/v2\/users\/1"}],"replies":[{"embeddable":true,"href":"https:\/\/losperiodistas.com.mx\/portal\/wp-json\/wp\/v2\/comments?post=6625"}],"version-history":[{"count":1,"href":"https:\/\/losperiodistas.com.mx\/portal\/wp-json\/wp\/v2\/posts\/6625\/revisions"}],"predecessor-version":[{"id":6627,"href":"https:\/\/losperiodistas.com.mx\/portal\/wp-json\/wp\/v2\/posts\/6625\/revisions\/6627"}],"wp:featuredmedia":[{"embeddable":true,"href":"https:\/\/losperiodistas.com.mx\/portal\/wp-json\/wp\/v2\/media\/6626"}],"wp:attachment":[{"href":"https:\/\/losperiodistas.com.mx\/portal\/wp-json\/wp\/v2\/media?parent=6625"}],"wp:term":[{"taxonomy":"category","embeddable":true,"href":"https:\/\/losperiodistas.com.mx\/portal\/wp-json\/wp\/v2\/categories?post=6625"},{"taxonomy":"post_tag","embeddable":true,"href":"https:\/\/losperiodistas.com.mx\/portal\/wp-json\/wp\/v2\/tags?post=6625"}],"curies":[{"name":"wp","href":"https:\/\/api.w.org\/{rel}","templated":true}]}}