{"id":66215,"date":"2024-01-10T08:46:20","date_gmt":"2024-01-10T14:46:20","guid":{"rendered":"http:\/\/losperiodistas.com.mx\/portal\/?p=66215"},"modified":"2024-01-10T08:46:22","modified_gmt":"2024-01-10T14:46:22","slug":"opinion-sociedad-civil-protagonista-en-2024","status":"publish","type":"post","link":"https:\/\/losperiodistas.com.mx\/portal\/opinion-sociedad-civil-protagonista-en-2024\/","title":{"rendered":"Opini\u00f3n | Sociedad civil, protagonista en 2024"},"content":{"rendered":"\n<p class=\"has-vivid-red-color has-text-color\" style=\"font-size:26px\"><strong><em>Por Dr. Fidencio Aguilar V\u00edquez<\/em><\/strong><\/p>\n\n\n\n<p>M\u00e1s all\u00e1 del lugar com\u00fan, la&nbsp;<strong>sociedad civil mexicana<\/strong>&nbsp;es la principal protagonista de los comicios del pr\u00f3ximo 2 de junio en nuestro pa\u00eds. Por algo, aun los&nbsp;<strong>reg\u00edmenes autoritarios<\/strong>, buscan su legitimaci\u00f3n, su adhesi\u00f3n, su respaldo. La sociedad civil, de forma plural y heterog\u00e9nea, expresa al&nbsp;<strong>pueblo mexicano<\/strong>. Diversidad y, al mismo tiempo, aspiraci\u00f3n a la unidad y la concordia son los polos de su din\u00e1mica social y cultural. La&nbsp;<strong>discordia<\/strong>&nbsp;y la&nbsp;<strong>polarizaci\u00f3n&nbsp;<\/strong>son sus amenazas, as\u00ed como el crimen organizado, factor ex\u00f3geno.<\/p>\n\n\n\n<p>Aunque es as\u00ed, el&nbsp;<strong>foco de atenci\u00f3n<\/strong>&nbsp;que promueven la mayor\u00eda de los&nbsp;<strong>medios de comunicaci\u00f3n<\/strong>&nbsp;no es la sociedad civil, sino las posibilidades de los diversos&nbsp;<strong>aspirantes&nbsp;<\/strong>a los cargos de elecci\u00f3n popular. En otras palabras, el inter\u00e9s de dichos medios, m\u00e1s que la sociedad civil, o el&nbsp;<strong>ejercicio del poder<\/strong>&nbsp;en su favor, es sobre los mecanismos de acceso al poder p\u00fablico. Pocas veces aportan un juicio para transparentar el uso del poder; la mayor\u00eda de esas veces hay una suerte de&nbsp;<strong>\u201ccargada\u201d medi\u00e1tica<\/strong>&nbsp;en favor de los favoritos.<\/p>\n\n\n\n<p>En una democracia sana, la&nbsp;<strong>sociedad civil<\/strong>&nbsp;cuenta a trav\u00e9s de lo que denominamos&nbsp;<strong>ciudadan\u00eda<\/strong>, es decir, el conjunto de ciudadanos que sostienen y son sostenidos por la \u00abpolis\u00bb, la \u00abciudad\u00bb, o en t\u00e9rminos modernos, el<strong>&nbsp;Estado<\/strong>. Se trata de las instituciones jur\u00eddicamente establecidas y organizadas para el servicio, la seguridad y bienestar de esa&nbsp;<strong>sociedad civil<\/strong>&nbsp;que, reiteramos, es la manifestaci\u00f3n plural del pueblo. Si el Estado no sirve al pueblo ni se ordena a \u00e9l, pierde su sentido, direcci\u00f3n y significado.&nbsp;<strong>Emerge la tiran\u00eda<\/strong>.<\/p>\n\n\n\n<p>La sociedad civil est\u00e1 antes que el Estado y \u00e9ste se ordena a aqu\u00e9lla. Ahora bien, hay sectores de la sociedad civil que son vulnerables: los&nbsp;<strong>pobres&nbsp;<\/strong>principalmente, los&nbsp;<strong>excluidos<\/strong>, los que no tienen&nbsp;<strong>oportunidades<\/strong>&nbsp;para vivir o, incluso, sobrevivir. Tambi\u00e9n \u00e9stos forman parte del pueblo y deber\u00edan ser beneficiados y sostenidos por la fuerza del Estado. Pero quienes&nbsp;<strong>conducen al Estado<\/strong>&nbsp;est\u00e1n engolosinados con el poder y no piensan en los pobres y excluidos m\u00e1s que como&nbsp;<strong>clientelas electorales<\/strong>. Ah\u00ed s\u00ed, afinan sus programas para seducir a la clientela.<\/p>\n\n\n\n<p>En M\u00e9xico conocemos muy bien esas maniobras, desde los tiempos del r\u00e9gimen priista hegem\u00f3nico, \u00bfpor qu\u00e9 entonces, con el r\u00e9gimen morenista hegem\u00f3nico de ahora, la\u00a0<strong>sociedad civil<\/strong>\u00a0parece no haber aprendido la lecci\u00f3n de que cuando el\u00a0<strong>Estado la somete<\/strong>, no hay desarrollo humano integral? Hay diversas aristas que deber\u00edamos analizar, una de ellas es la\u00a0<strong>conciencia de \u00abciudadan\u00eda\u00bb<\/strong>\u00a0que se construye arduamente y que se pierde f\u00e1cilmente. Nos cuesta trabajo a los mexicanos y mexicanas asumirnos como\u00a0<strong>ciudadanos plenos<\/strong>.<\/p>\n\n\n\n<p>Hay en algunos sectores de la&nbsp;<strong>sociedad civil<\/strong>&nbsp;una suerte de&nbsp;<strong>infantilismo c\u00edvico-social<\/strong>&nbsp;que mira al Estado como la&nbsp;<strong>nueva \u00abprovidencia<\/strong>\u00bb: la que tiene que dar casa, vestido y sustento. El gobierno, que conduce al Estado, es visto como \u00abpap\u00e1\u00bb. Es la cultura de&nbsp;<strong>\u00abpap\u00e1 gobierno\u00bb<\/strong>&nbsp;que debe resolver los problemas, si no los mayores, s\u00ed los indispensables. Esta perspectiva, junto con el&nbsp;<strong>clientelismo electoral<\/strong>, forman ese enanismo c\u00edvico que impide y obstaculiza el desarrollo y la madurez de una democracia saludable.&nbsp;<strong>\u00bfC\u00f3mo salir de este embrollo?<\/strong><\/p>\n\n\n\n<p>Primero, reconociendo que el Estado no es el pueblo, sino que est\u00e1 al servicio de \u00e9ste. Segundo, que los pobres y vulnerables de la sociedad civil est\u00e1n sometidos a&nbsp;<strong>la autoridad del Estado<\/strong>, pero no son reconocidos por \u00e9ste como miembros efectivos de la naci\u00f3n. Si as\u00ed fuera, no se formar\u00edan&nbsp;<strong>clientelas electorales<\/strong>&nbsp;con el aparato del Estado, cosa que en esta elecci\u00f3n 2024 est\u00e1 en su apogeo en este momento. De hecho, es el llamado&nbsp;<strong>Plan C<\/strong>&nbsp;del oficialismo impulsado por el presidente de la rep\u00fablica, al margen de toda ley, claro.<\/p>\n\n\n\n<p>Volvamos al tema de la sociedad civil y de su expresi\u00f3n como ciudadan\u00eda. No hay ciudadan\u00eda con clientelas electorales, o bien es endeble y precaria. El que la sociedad civil no sea tomada en cuenta m\u00e1s que con\u00a0<strong>fines electorales<\/strong>\u00a0parece ser la consigna de este\u00a0<strong>r\u00e9gimen actual<\/strong>\u00a0y de las secuelas de su proyecto. La\u00a0<strong>inseguridad<\/strong>\u00a0sigue campante: muertos, violencia, el crimen organizado acosa a comunidades enteras, incluso a aspirantes a cargos de elecci\u00f3n popular. El\u00a0<strong>gobierno federal<\/strong>\u00a0y\u00a0<strong>algunos locales<\/strong>\u00a0se lavan las manos:\u00a0<em>\u201cSon ajustes entre bandas\u201d.<\/em><\/p>\n\n\n\n<p>Una&nbsp;<strong>ciudadan\u00eda madura<\/strong>, no tolerar\u00eda esto \u00faltimo. Exigir\u00eda a quienes gobiernan que cumplan con lo que las leyes mandan:<strong>&nbsp;proteger<\/strong>&nbsp;a las comunidades de los delitos del crimen organizado. Y si no han cumplido con sus compromisos y su actitud es la de: \u00abH\u00e1ganle como quieran\u00bb (t\u00edpica del bravuc\u00f3n de barrio), en las pr\u00f3ximas elecciones los despedir\u00eda y los pondr\u00eda en manos de la justicia. Como el&nbsp;<strong>oficialismo conf\u00eda<\/strong>&nbsp;en que en M\u00e9xico no hay todav\u00eda esa&nbsp;<strong>madurez<\/strong>, sigue maniobrando para acotar a la sociedad civil y conservar el poder.<\/p>\n\n\n\n<p>La&nbsp;<strong>sociedad civil<\/strong>&nbsp;no tiene salida con el&nbsp;<strong>oficialismo morenista<\/strong>. \u00c9ste desde el aparato gubernamental la ha querido&nbsp;<strong>desmantelar<\/strong>, le ha dado la espalda, la sigue sin escuchar, pese al asedio del crimen organizado y de las bandas delincuenciales. Eso s\u00ed, apunta sus ca\u00f1onazos a los&nbsp;<strong>sectores vulnerables<\/strong>&nbsp;para cooptarlos: pobres, adultos mayores, j\u00f3venes sin trabajo, mujeres en situaci\u00f3n de precariedad. Todo con tal de mantenerse en el poder. Con la mira no s\u00f3lo en la presidencia de la rep\u00fablica, sino en el&nbsp;<strong>Congreso de la Uni\u00f3n<\/strong>.<\/p>\n\n\n\n<p>El oficialismo le apuesta a la captura del\u00a0<strong>Poder Legislativo<\/strong>. No sabemos si lo logre. Desde 1997, la mayor\u00eda de los electores hab\u00eda encontrado un punto de equilibrio: le dio a una opci\u00f3n pol\u00edtica la presidencia y a otra la mayor\u00eda en el Congreso de la Uni\u00f3n.\u00a0<strong>Zedillo<\/strong>,\u00a0<strong>Fox<\/strong>,\u00a0<strong>Calder\u00f3n\u00a0<\/strong>y\u00a0<strong>Pe\u00f1a\u00a0<\/strong>vivieron esos equilibrios y fueron obligados a negociar. En 2021, el electorado volvi\u00f3 a manifestar su\u00a0<strong>car\u00e1cter pluralista<\/strong>: no le dio al oficialismo la mayor\u00eda calificada que \u00e9ste buscaba. \u00bfVolver\u00e1 a expresarse en ese sentido?<\/p>\n\n\n\n<p>Si con el oficialismo no tiene salida la sociedad civil,&nbsp;<strong>\u00bfla tendr\u00e1 con la oposici\u00f3n?&nbsp;<\/strong>(No me refiero a la que hace el juego al oficialismo, el partido de Dante). Los l\u00edderes partidistas dijeron que iban a escucharla, a hacerle eco a su voz, a abrirle cauces, pero no ha ocurrido nada de eso. Dichos l\u00edderes han ocupado los primeros lugares en las listas plurinominales para el Senado. El&nbsp;<strong>modelo<\/strong>&nbsp;parece reproducirse en al<strong>&nbsp;\u00e1mbito local<\/strong>. Puebla no es la excepci\u00f3n. Si la caballada estuviera fuerte, no habr\u00eda problema, pero van los&nbsp;<strong>mismos de siempre<\/strong>.<\/p>\n\n\n\n<p>Los&nbsp;<strong>pol\u00edticos<\/strong>&nbsp;deben entender que el<strong>&nbsp;Estado<\/strong>&nbsp;est\u00e1 para la&nbsp;<strong>sociedad civil<\/strong>, no viceversa. Que lo que \u00e9sta necesita es garantizar su seguridad ante la violencia, el crimen organizado y otras amenazas patentes y latentes. La sociedad civil, como expresi\u00f3n del pueblo, necesita tambi\u00e9n madurar su&nbsp;<strong>conciencia c\u00edvica<\/strong>, comprenderse como plural (m\u00e1s en un pa\u00eds tan grande y extenso como M\u00e9xico) y retomar la&nbsp;<strong>senda democr\u00e1tica<\/strong>&nbsp;que parece tener un impasse con el morenismo. La democracia se construye con dem\u00f3cratas.<\/p>\n","protected":false},"excerpt":{"rendered":"<p>Por Dr. Fidencio Aguilar V\u00edquez M\u00e1s all\u00e1 del lugar com\u00fan, la&nbsp;sociedad civil mexicana&nbsp;es la principal protagonista de los comicios del [&hellip;]<\/p>\n","protected":false},"author":1,"featured_media":66216,"comment_status":"open","ping_status":"open","sticky":false,"template":"","format":"standard","meta":{"site-sidebar-layout":"default","site-content-layout":"","ast-site-content-layout":"default","site-content-style":"default","site-sidebar-style":"default","ast-global-header-display":"","ast-banner-title-visibility":"","ast-main-header-display":"","ast-hfb-above-header-display":"","ast-hfb-below-header-display":"","ast-hfb-mobile-header-display":"","site-post-title":"","ast-breadcrumbs-content":"","ast-featured-img":"","footer-sml-layout":"","theme-transparent-header-meta":"","adv-header-id-meta":"","stick-header-meta":"","header-above-stick-meta":"","header-main-stick-meta":"","header-below-stick-meta":"","astra-migrate-meta-layouts":"default","ast-page-background-enabled":"default","ast-page-background-meta":{"desktop":{"background-color":"var(--ast-global-color-4)","background-image":"","background-repeat":"repeat","background-position":"center center","background-size":"auto","background-attachment":"scroll","background-type":"","background-media":"","overlay-type":"","overlay-color":"","overlay-opacity":"","overlay-gradient":""},"tablet":{"background-color":"","background-image":"","background-repeat":"repeat","background-position":"center center","background-size":"auto","background-attachment":"scroll","background-type":"","background-media":"","overlay-type":"","overlay-color":"","overlay-opacity":"","overlay-gradient":""},"mobile":{"background-color":"","background-image":"","background-repeat":"repeat","background-position":"center center","background-size":"auto","background-attachment":"scroll","background-type":"","background-media":"","overlay-type":"","overlay-color":"","overlay-opacity":"","overlay-gradient":""}},"ast-content-background-meta":{"desktop":{"background-color":"var(--ast-global-color-5)","background-image":"","background-repeat":"repeat","background-position":"center center","background-size":"auto","background-attachment":"scroll","background-type":"","background-media":"","overlay-type":"","overlay-color":"","overlay-opacity":"","overlay-gradient":""},"tablet":{"background-color":"var(--ast-global-color-5)","background-image":"","background-repeat":"repeat","background-position":"center center","background-size":"auto","background-attachment":"scroll","background-type":"","background-media":"","overlay-type":"","overlay-color":"","overlay-opacity":"","overlay-gradient":""},"mobile":{"background-color":"var(--ast-global-color-5)","background-image":"","background-repeat":"repeat","background-position":"center center","background-size":"auto","background-attachment":"scroll","background-type":"","background-media":"","overlay-type":"","overlay-color":"","overlay-opacity":"","overlay-gradient":""}},"footnotes":""},"categories":[8],"tags":[5486,13107],"class_list":["post-66215","post","type-post","status-publish","format-standard","has-post-thumbnail","hentry","category-noticias","tag-elecciones-2024","tag-sociedad-civil-mexico"],"_links":{"self":[{"href":"https:\/\/losperiodistas.com.mx\/portal\/wp-json\/wp\/v2\/posts\/66215","targetHints":{"allow":["GET"]}}],"collection":[{"href":"https:\/\/losperiodistas.com.mx\/portal\/wp-json\/wp\/v2\/posts"}],"about":[{"href":"https:\/\/losperiodistas.com.mx\/portal\/wp-json\/wp\/v2\/types\/post"}],"author":[{"embeddable":true,"href":"https:\/\/losperiodistas.com.mx\/portal\/wp-json\/wp\/v2\/users\/1"}],"replies":[{"embeddable":true,"href":"https:\/\/losperiodistas.com.mx\/portal\/wp-json\/wp\/v2\/comments?post=66215"}],"version-history":[{"count":1,"href":"https:\/\/losperiodistas.com.mx\/portal\/wp-json\/wp\/v2\/posts\/66215\/revisions"}],"predecessor-version":[{"id":66217,"href":"https:\/\/losperiodistas.com.mx\/portal\/wp-json\/wp\/v2\/posts\/66215\/revisions\/66217"}],"wp:featuredmedia":[{"embeddable":true,"href":"https:\/\/losperiodistas.com.mx\/portal\/wp-json\/wp\/v2\/media\/66216"}],"wp:attachment":[{"href":"https:\/\/losperiodistas.com.mx\/portal\/wp-json\/wp\/v2\/media?parent=66215"}],"wp:term":[{"taxonomy":"category","embeddable":true,"href":"https:\/\/losperiodistas.com.mx\/portal\/wp-json\/wp\/v2\/categories?post=66215"},{"taxonomy":"post_tag","embeddable":true,"href":"https:\/\/losperiodistas.com.mx\/portal\/wp-json\/wp\/v2\/tags?post=66215"}],"curies":[{"name":"wp","href":"https:\/\/api.w.org\/{rel}","templated":true}]}}