{"id":66212,"date":"2024-01-10T08:38:51","date_gmt":"2024-01-10T14:38:51","guid":{"rendered":"http:\/\/losperiodistas.com.mx\/portal\/?p=66212"},"modified":"2024-01-10T08:38:53","modified_gmt":"2024-01-10T14:38:53","slug":"copernicus-demuestra-que-2023-ha-sido-el-ano-mas-caluroso-de-la-historia-euronews","status":"publish","type":"post","link":"https:\/\/losperiodistas.com.mx\/portal\/copernicus-demuestra-que-2023-ha-sido-el-ano-mas-caluroso-de-la-historia-euronews\/","title":{"rendered":"Copernicus demuestra que 2023 ha sido el a\u00f1o m\u00e1s caluroso de la historia | Euronews"},"content":{"rendered":"\n<p class=\"has-pale-cyan-blue-background-color has-background has-medium-font-size\"><strong>De no invertirse la tendencia la ONU advierte que ir\u00edamos a un cambio clim\u00e1tico irreversible.<\/strong><\/p>\n\n\n\n<figure class=\"wp-block-embed is-type-video is-provider-youtube wp-block-embed-youtube wp-embed-aspect-16-9 wp-has-aspect-ratio\"><div class=\"wp-block-embed__wrapper\">\n<iframe title=\"Copernicus demuestra que 2023 ha sido el a\u00f1o m\u00e1s caluroso de la historia\" width=\"500\" height=\"281\" src=\"https:\/\/www.youtube.com\/embed\/8JmG6lHw2Xs?feature=oembed\" frameborder=\"0\" allow=\"accelerometer; autoplay; clipboard-write; encrypted-media; gyroscope; picture-in-picture; web-share\" referrerpolicy=\"strict-origin-when-cross-origin\" allowfullscreen><\/iframe>\n<\/div><\/figure>\n\n\n\n<p><\/p>\n\n\n\n<p class=\"has-vivid-red-color has-text-color has-medium-font-size\"><strong>REDACCI\u00d3N EURONEWS<\/strong><\/p>\n\n\n\n<p><strong>E<\/strong>n su informe global anual, la agencia europea de datos espaciales y clim\u00e1ticos&nbsp;<strong>Copernicus<\/strong>&nbsp;confirma que temperaturas&nbsp;<strong>sin precedentes<\/strong>&nbsp;desde el mes de junio han llevado a 2023 a superar a 2016 como el a\u00f1o m\u00e1s c\u00e1lido.<\/p>\n\n\n\n<p>Durante doce meses se registraron nuevos m\u00e1ximos diarios y mensuales.<\/p>\n\n\n\n<p>Los datos exponen el aumento de las temperaturas superficiales mundiales en relaci\u00f3n con los niveles preindustriales. Muestra que los promedios diarios superaron esos niveles en m\u00e1s de 2\u00b0C en ciertos momentos del a\u00f1o.<\/p>\n\n\n\n<figure class=\"wp-block-image is-style-default\"><img decoding=\"async\" src=\"https:\/\/static.euronews.com\/articles\/stories\/08\/15\/80\/64\/808x454_cmsv2_04104094-14b4-5136-9916-1b72b8f16023-8158064.jpg\" alt=\"Gr\u00e1fico:\"\/><figcaption><em>Gr\u00e1fico:<\/em>Euronews sobre el informe de Copernicus<\/figcaption><\/figure>\n\n\n\n<p>En todo el mundo, el impacto extremo fue evidente con extensos&nbsp;<strong>incendios forestales<\/strong>&nbsp;y amplias olas de calor, que se pueden haber intensificado por el fen\u00f3meno clim\u00e1tico de&nbsp;<em>El Ni\u00f1o<\/em>.<\/p>\n\n\n\n<p>Las temperaturas en Europa estuvieron por encima de la media durante once meses del a\u00f1o.<\/p>\n\n\n\n<p>En 2023 se document\u00f3 el&nbsp;<strong>septiembre m\u00e1s c\u00e1lido<\/strong>&nbsp;jam\u00e1s registrado.<\/p>\n\n\n\n<p>El informe tambi\u00e9n extrapola que un per\u00edodo de 12 meses que finalice en enero o febrero de 2024 exceder\u00eda el nivel de aumento de la temperatura global de grado y medio 1,5\u00b0C que, seg\u00fan la ONU,\u00a0<strong>desencadenar\u00eda un cambio clim\u00e1tico irreversible<\/strong>.<\/p>\n\n\n\n<p>Fuente: <a href=\"https:\/\/es.euronews.com\/green\/2024\/01\/09\/copernicus-demuestra-que-2023-ha-sido-el-ano-mas-caluroso-de-la-historia\">https:\/\/es.euronews.com\/green\/2024\/01\/09\/copernicus-demuestra-que-2023-ha-sido-el-ano-mas-caluroso-de-la-historia<\/a><\/p>\n","protected":false},"excerpt":{"rendered":"<p>De no invertirse la tendencia la ONU advierte que ir\u00edamos a un cambio clim\u00e1tico irreversible. REDACCI\u00d3N EURONEWS En su informe [&hellip;]<\/p>\n","protected":false},"author":1,"featured_media":66213,"comment_status":"open","ping_status":"open","sticky":false,"template":"","format":"standard","meta":{"site-sidebar-layout":"default","site-content-layout":"","ast-site-content-layout":"default","site-content-style":"default","site-sidebar-style":"default","ast-global-header-display":"","ast-banner-title-visibility":"","ast-main-header-display":"","ast-hfb-above-header-display":"","ast-hfb-below-header-display":"","ast-hfb-mobile-header-display":"","site-post-title":"","ast-breadcrumbs-content":"","ast-featured-img":"","footer-sml-layout":"","theme-transparent-header-meta":"","adv-header-id-meta":"","stick-header-meta":"","header-above-stick-meta":"","header-main-stick-meta":"","header-below-stick-meta":"","astra-migrate-meta-layouts":"default","ast-page-background-enabled":"default","ast-page-background-meta":{"desktop":{"background-color":"var(--ast-global-color-4)","background-image":"","background-repeat":"repeat","background-position":"center center","background-size":"auto","background-attachment":"scroll","background-type":"","background-media":"","overlay-type":"","overlay-color":"","overlay-opacity":"","overlay-gradient":""},"tablet":{"background-color":"","background-image":"","background-repeat":"repeat","background-position":"center center","background-size":"auto","background-attachment":"scroll","background-type":"","background-media":"","overlay-type":"","overlay-color":"","overlay-opacity":"","overlay-gradient":""},"mobile":{"background-color":"","background-image":"","background-repeat":"repeat","background-position":"center center","background-size":"auto","background-attachment":"scroll","background-type":"","background-media":"","overlay-type":"","overlay-color":"","overlay-opacity":"","overlay-gradient":""}},"ast-content-background-meta":{"desktop":{"background-color":"var(--ast-global-color-5)","background-image":"","background-repeat":"repeat","background-position":"center center","background-size":"auto","background-attachment":"scroll","background-type":"","background-media":"","overlay-type":"","overlay-color":"","overlay-opacity":"","overlay-gradient":""},"tablet":{"background-color":"var(--ast-global-color-5)","background-image":"","background-repeat":"repeat","background-position":"center center","background-size":"auto","background-attachment":"scroll","background-type":"","background-media":"","overlay-type":"","overlay-color":"","overlay-opacity":"","overlay-gradient":""},"mobile":{"background-color":"var(--ast-global-color-5)","background-image":"","background-repeat":"repeat","background-position":"center center","background-size":"auto","background-attachment":"scroll","background-type":"","background-media":"","overlay-type":"","overlay-color":"","overlay-opacity":"","overlay-gradient":""}},"footnotes":""},"categories":[8],"tags":[21478,176,21477],"class_list":["post-66212","post","type-post","status-publish","format-standard","has-post-thumbnail","hentry","category-noticias","tag-2023-el-ano-mas-caluroso-de-la-historia","tag-cambio-climatico","tag-informe-copernicus"],"_links":{"self":[{"href":"https:\/\/losperiodistas.com.mx\/portal\/wp-json\/wp\/v2\/posts\/66212","targetHints":{"allow":["GET"]}}],"collection":[{"href":"https:\/\/losperiodistas.com.mx\/portal\/wp-json\/wp\/v2\/posts"}],"about":[{"href":"https:\/\/losperiodistas.com.mx\/portal\/wp-json\/wp\/v2\/types\/post"}],"author":[{"embeddable":true,"href":"https:\/\/losperiodistas.com.mx\/portal\/wp-json\/wp\/v2\/users\/1"}],"replies":[{"embeddable":true,"href":"https:\/\/losperiodistas.com.mx\/portal\/wp-json\/wp\/v2\/comments?post=66212"}],"version-history":[{"count":1,"href":"https:\/\/losperiodistas.com.mx\/portal\/wp-json\/wp\/v2\/posts\/66212\/revisions"}],"predecessor-version":[{"id":66214,"href":"https:\/\/losperiodistas.com.mx\/portal\/wp-json\/wp\/v2\/posts\/66212\/revisions\/66214"}],"wp:featuredmedia":[{"embeddable":true,"href":"https:\/\/losperiodistas.com.mx\/portal\/wp-json\/wp\/v2\/media\/66213"}],"wp:attachment":[{"href":"https:\/\/losperiodistas.com.mx\/portal\/wp-json\/wp\/v2\/media?parent=66212"}],"wp:term":[{"taxonomy":"category","embeddable":true,"href":"https:\/\/losperiodistas.com.mx\/portal\/wp-json\/wp\/v2\/categories?post=66212"},{"taxonomy":"post_tag","embeddable":true,"href":"https:\/\/losperiodistas.com.mx\/portal\/wp-json\/wp\/v2\/tags?post=66212"}],"curies":[{"name":"wp","href":"https:\/\/api.w.org\/{rel}","templated":true}]}}