{"id":66021,"date":"2024-01-07T10:56:38","date_gmt":"2024-01-07T16:56:38","guid":{"rendered":"http:\/\/losperiodistas.com.mx\/portal\/?p=66021"},"modified":"2024-01-07T10:56:44","modified_gmt":"2024-01-07T16:56:44","slug":"morena-pospone-hasta-marzo-designacion-de-candidatos-a-alcaldias-id","status":"publish","type":"post","link":"https:\/\/losperiodistas.com.mx\/portal\/morena-pospone-hasta-marzo-designacion-de-candidatos-a-alcaldias-id\/","title":{"rendered":"Morena pospone hasta marzo designaci\u00f3n de candidatos a alcald\u00edas | ID"},"content":{"rendered":"\n<h2 class=\"has-medium-font-size wp-block-heading\">La Comisi\u00f3n Nacional de Morena aprob\u00f3 ampliar el plazo y, ahora, en Puebla, se dar\u00e1n a conocer los resultados el pr\u00f3ximo 9 de marzo.<\/h2>\n\n\n\n<figure class=\"wp-block-image size-large is-style-default\"><img fetchpriority=\"high\" decoding=\"async\" width=\"1024\" height=\"582\" src=\"https:\/\/losperiodistas.com.mx\/portal\/wp-content\/uploads\/2024\/01\/Captura-de-Pantalla-2024-01-07-a-las-10.53.11-1024x582.jpg\" alt=\"\" class=\"wp-image-66022\" srcset=\"https:\/\/losperiodistas.com.mx\/portal\/wp-content\/uploads\/2024\/01\/Captura-de-Pantalla-2024-01-07-a-las-10.53.11-1024x582.jpg 1024w, https:\/\/losperiodistas.com.mx\/portal\/wp-content\/uploads\/2024\/01\/Captura-de-Pantalla-2024-01-07-a-las-10.53.11-300x170.jpg 300w, https:\/\/losperiodistas.com.mx\/portal\/wp-content\/uploads\/2024\/01\/Captura-de-Pantalla-2024-01-07-a-las-10.53.11-768x436.jpg 768w, https:\/\/losperiodistas.com.mx\/portal\/wp-content\/uploads\/2024\/01\/Captura-de-Pantalla-2024-01-07-a-las-10.53.11.jpg 1278w\" sizes=\"(max-width: 1024px) 100vw, 1024px\" \/><figcaption>Foto: Agencia Enfoque<\/figcaption><\/figure>\n\n\n\n<p class=\"has-vivid-red-color has-text-color has-medium-font-size\"><strong>FRANCISCO S\u00c1NCHEZ \/ INTOLERANCIA DIARIO<\/strong><\/p>\n\n\n\n<p>La Comisi\u00f3n Nacional de Elecciones del Movimiento Regeneraci\u00f3n Nacional (<strong>Morena<\/strong>) aprob\u00f3&nbsp;<strong>ampliar<\/strong>&nbsp;<strong>el<\/strong>&nbsp;<strong>plazo<\/strong>&nbsp;para dar a conocer los registros aprobados de la selecci\u00f3n de&nbsp;<strong>candidatura<\/strong>&nbsp;a presidencias municipales y diputaciones locales, hasta el pr\u00f3ximo&nbsp;<strong>9<\/strong>&nbsp;<strong>de<\/strong>&nbsp;<strong>marzo<\/strong>.<\/p>\n\n\n\n<p>El acuerdo de la comisi\u00f3n que incluye a 9 estados, entre ellos&nbsp;<strong>Puebla<\/strong>, indica que ser\u00e1 hasta dentro de&nbsp;<strong>dos<\/strong>&nbsp;<strong>meses<\/strong>&nbsp;cuando se den a conocer los nombres de quienes representar\u00e1n a&nbsp;<strong>Morena<\/strong>.<\/p>\n\n\n\n<figure class=\"wp-block-image is-style-default\"><img decoding=\"async\" src=\"https:\/\/img.intoleranciadiario.com\/images\/WhatsApp%20Image%202024-01-07%20at%2010_12_29%20AM.jpeg\" alt=\"\"\/><\/figure>\n\n\n\n<p>Conforme al calendario, en Puebla ser\u00e1 el 9 de marzo cuando se dar\u00e1n a conocer los resultados.<\/p>\n\n\n\n<p>De acuerdo a los tiempos de los organismos electorales se encuentran en tiempo, una vez que los registros ser\u00e1n hasta finales de ese mes, y las&nbsp;<strong>campa\u00f1as<\/strong>&nbsp;para ellos ser\u00e1n en&nbsp;<strong>abril<\/strong>.<\/p>\n\n\n\n<p>Por otra parte, los aspirantes a las diputaciones federales se mantienen en espera de que esta semana se den a conocer los nombres de quienes ser\u00e1n los designados.<\/p>\n\n\n\n<p>En dicho bloque se conocer\u00e1n los nombres de los 16 aspirantes que encabezan las f\u00f3rmulas para igual n\u00famero de distritos.<\/p>\n\n\n\n<p>Morena encabezar\u00e1 nueve distritos, Partido del Trabajo cuatro distritos, y Partido Verde Ecologista de M\u00e9xico tres distritos sin que hasta el momento se haya definido el g\u00e9nero.<\/p>\n\n\n\n<p>Los Distritos encabezados por Morena son: 1Huauchinango, 2 Zacatl\u00e1n, 4 Libres, 6 Puebla, 7 Tepeaca. 8 Chalchicomula de Sesma (Ciudad Serd\u00e1n), 12 Puebla, 13 Atlixco, 16 Ajalpan.<\/p>\n\n\n\n<p>Partido del Trabajo postular\u00e1 en. 3 Teziutl\u00e1n, 5 San Mart\u00edn Texmelucan, 14 Iz\u00facar de Matamoros, 15 Tehuac\u00e1n.<\/p>\n\n\n\n<p>Partido Verde: 9 Puebla, 10 Cholula, 11 Puebla, siendo tres las posiciones que le corresponden.<\/p>\n\n\n\n<p>Fuente: <a href=\"https:\/\/intoleranciadiario.com\/articles\/politica\/2024\/01\/07\/1020309-morena-pospone-hasta-marzo-designacion-de-candidatos-a-alcaldias.html\">https:\/\/intoleranciadiario.com\/articles\/politica\/2024\/01\/07\/1020309-morena-pospone-hasta-marzo-designacion-de-candidatos-a-alcaldias.html<\/a><\/p>\n","protected":false},"excerpt":{"rendered":"<p>La Comisi\u00f3n Nacional de Morena aprob\u00f3 ampliar el plazo y, ahora, en Puebla, se dar\u00e1n a conocer los resultados el [&hellip;]<\/p>\n","protected":false},"author":1,"featured_media":66022,"comment_status":"open","ping_status":"open","sticky":false,"template":"","format":"standard","meta":{"site-sidebar-layout":"default","site-content-layout":"","ast-site-content-layout":"default","site-content-style":"default","site-sidebar-style":"default","ast-global-header-display":"","ast-banner-title-visibility":"","ast-main-header-display":"","ast-hfb-above-header-display":"","ast-hfb-below-header-display":"","ast-hfb-mobile-header-display":"","site-post-title":"","ast-breadcrumbs-content":"","ast-featured-img":"","footer-sml-layout":"","theme-transparent-header-meta":"","adv-header-id-meta":"","stick-header-meta":"","header-above-stick-meta":"","header-main-stick-meta":"","header-below-stick-meta":"","astra-migrate-meta-layouts":"default","ast-page-background-enabled":"default","ast-page-background-meta":{"desktop":{"background-color":"var(--ast-global-color-4)","background-image":"","background-repeat":"repeat","background-position":"center center","background-size":"auto","background-attachment":"scroll","background-type":"","background-media":"","overlay-type":"","overlay-color":"","overlay-opacity":"","overlay-gradient":""},"tablet":{"background-color":"","background-image":"","background-repeat":"repeat","background-position":"center center","background-size":"auto","background-attachment":"scroll","background-type":"","background-media":"","overlay-type":"","overlay-color":"","overlay-opacity":"","overlay-gradient":""},"mobile":{"background-color":"","background-image":"","background-repeat":"repeat","background-position":"center center","background-size":"auto","background-attachment":"scroll","background-type":"","background-media":"","overlay-type":"","overlay-color":"","overlay-opacity":"","overlay-gradient":""}},"ast-content-background-meta":{"desktop":{"background-color":"var(--ast-global-color-5)","background-image":"","background-repeat":"repeat","background-position":"center center","background-size":"auto","background-attachment":"scroll","background-type":"","background-media":"","overlay-type":"","overlay-color":"","overlay-opacity":"","overlay-gradient":""},"tablet":{"background-color":"var(--ast-global-color-5)","background-image":"","background-repeat":"repeat","background-position":"center center","background-size":"auto","background-attachment":"scroll","background-type":"","background-media":"","overlay-type":"","overlay-color":"","overlay-opacity":"","overlay-gradient":""},"mobile":{"background-color":"var(--ast-global-color-5)","background-image":"","background-repeat":"repeat","background-position":"center center","background-size":"auto","background-attachment":"scroll","background-type":"","background-media":"","overlay-type":"","overlay-color":"","overlay-opacity":"","overlay-gradient":""}},"footnotes":""},"categories":[8],"tags":[5486,725],"class_list":["post-66021","post","type-post","status-publish","format-standard","has-post-thumbnail","hentry","category-noticias","tag-elecciones-2024","tag-morena-puebla"],"_links":{"self":[{"href":"https:\/\/losperiodistas.com.mx\/portal\/wp-json\/wp\/v2\/posts\/66021","targetHints":{"allow":["GET"]}}],"collection":[{"href":"https:\/\/losperiodistas.com.mx\/portal\/wp-json\/wp\/v2\/posts"}],"about":[{"href":"https:\/\/losperiodistas.com.mx\/portal\/wp-json\/wp\/v2\/types\/post"}],"author":[{"embeddable":true,"href":"https:\/\/losperiodistas.com.mx\/portal\/wp-json\/wp\/v2\/users\/1"}],"replies":[{"embeddable":true,"href":"https:\/\/losperiodistas.com.mx\/portal\/wp-json\/wp\/v2\/comments?post=66021"}],"version-history":[{"count":1,"href":"https:\/\/losperiodistas.com.mx\/portal\/wp-json\/wp\/v2\/posts\/66021\/revisions"}],"predecessor-version":[{"id":66023,"href":"https:\/\/losperiodistas.com.mx\/portal\/wp-json\/wp\/v2\/posts\/66021\/revisions\/66023"}],"wp:featuredmedia":[{"embeddable":true,"href":"https:\/\/losperiodistas.com.mx\/portal\/wp-json\/wp\/v2\/media\/66022"}],"wp:attachment":[{"href":"https:\/\/losperiodistas.com.mx\/portal\/wp-json\/wp\/v2\/media?parent=66021"}],"wp:term":[{"taxonomy":"category","embeddable":true,"href":"https:\/\/losperiodistas.com.mx\/portal\/wp-json\/wp\/v2\/categories?post=66021"},{"taxonomy":"post_tag","embeddable":true,"href":"https:\/\/losperiodistas.com.mx\/portal\/wp-json\/wp\/v2\/tags?post=66021"}],"curies":[{"name":"wp","href":"https:\/\/api.w.org\/{rel}","templated":true}]}}