{"id":66010,"date":"2024-01-07T05:51:47","date_gmt":"2024-01-07T11:51:47","guid":{"rendered":"http:\/\/losperiodistas.com.mx\/portal\/?p=66010"},"modified":"2024-01-07T05:52:18","modified_gmt":"2024-01-07T11:52:18","slug":"los-dos-grandes-amores-de-cristobal-balenciaga-que-llevo-en-secreto-chic","status":"publish","type":"post","link":"https:\/\/losperiodistas.com.mx\/portal\/los-dos-grandes-amores-de-cristobal-balenciaga-que-llevo-en-secreto-chic\/","title":{"rendered":"Los dos grandes amores de Crist\u00f3bal Balenciaga que llev\u00f3 en secreto | Chic"},"content":{"rendered":"\n<h2 class=\"has-background has-medium-font-size wp-block-heading\" style=\"background-color:#eb6889\">Aunque se conoce poco de su vida privada, se sabe que tuvo dos grandes amores.<\/h2>\n\n\n\n<figure class=\"wp-block-image size-full\"><img fetchpriority=\"high\" decoding=\"async\" width=\"954\" height=\"660\" src=\"https:\/\/losperiodistas.com.mx\/portal\/wp-content\/uploads\/2024\/01\/cristobal-balenciaga-3.jpg\" alt=\"\" class=\"wp-image-66011\" srcset=\"https:\/\/losperiodistas.com.mx\/portal\/wp-content\/uploads\/2024\/01\/cristobal-balenciaga-3.jpg 954w, https:\/\/losperiodistas.com.mx\/portal\/wp-content\/uploads\/2024\/01\/cristobal-balenciaga-3-300x208.jpg 300w, https:\/\/losperiodistas.com.mx\/portal\/wp-content\/uploads\/2024\/01\/cristobal-balenciaga-3-768x531.jpg 768w\" sizes=\"(max-width: 954px) 100vw, 954px\" \/><figcaption>Crist\u00f3bal Balenciaga |\u00a0Cordon Press<\/figcaption><\/figure>\n\n\n\n<p class=\"has-vivid-red-color has-text-color has-medium-font-size\"><strong><a href=\"https:\/\/www.libertaddigital.com\/autores\/manuel-roman\/\">Manuel Rom\u00e1n<\/a> \/ CHIC<\/strong><a href=\"https:\/\/www.libertaddigital.com\/chic\/corazon\/2024-01-07\/los-dos-grandes-amores-de-cristobal-balenciaga-que-llevo-en-secreto-7084270\/#\"><\/a><\/p>\n\n\n\n<p><a href=\"https:\/\/www.libertaddigital.com\/chic\/corazon\/2024-01-07\/los-dos-grandes-amores-de-cristobal-balenciaga-que-llevo-en-secreto-7084270\/#\"><\/a><\/p>\n\n\n\n<p><strong>Crist\u00f3bal Balenciaga<\/strong>&nbsp;fue el m\u00e1s afamado maestro de la moda espa\u00f1ola, que triunf\u00f3 en Par\u00eds, donde mont\u00f3 su taller, mediada nuestra guerra civil. Desde 1937 hasta su retirada en 1968 ning\u00fan otro modista le hizo sombra; es m\u00e1s, tuvo importantes alumnos que siguieron sus directrices.&nbsp;<strong>S\u00f3lo concedi\u00f3 un par de entrevistas<\/strong>. Si discreto fue en su vida profesional, m\u00e1s todav\u00eda en su intimidad. Fue al morir en 1972 cuando se conocieron sus dos grandes amores: dos hombres que, cada uno en el transcurso de los a\u00f1os, compartieron trabajo y convivencia. Esa biograf\u00eda del genial modista, desconocida para millones de espa\u00f1oles y franceses, ser\u00e1 la que pueda contemplarse a trav\u00e9s de una serie de televisi\u00f3n que comenzar\u00e1 a emitirse el inmediato 19 de enero en el canal Disney +, cuyo protagonista es Alberto San Juan.<\/p>\n\n\n\n<p>Es, insistimos, un gran desconocido, aunque los cronistas de moda hayan repetido su nombre en las \u00faltimas d\u00e9cadas. Vestir \u00abun Balenciaga\u00bb significaba ser poseedora de un modelo singular, \u00fanico para las mujeres de elevada posici\u00f3n que pudieran permit\u00edrselo. Extraordinarios eran los trajes de novia, como el que luciera la nieta de Franco, Mar\u00eda del Carmen Mart\u00ednez-Bordi\u00fa cuando se cas\u00f3 con Alfonso de Borb\u00f3n el 8 de mayo de 1972, que Balenciaga realiz\u00f3 aun estando ya jubilado, porque as\u00ed se lo pidi\u00f3&nbsp;<strong>una de sus m\u00e1s asiduas clientes: do\u00f1a Carmen Polo<\/strong>, esposa del dictador, abuela de la novia.<\/p>\n\n\n\n<figure class=\"wp-block-image\"><a href=\"https:\/\/s.libertaddigital.com\/2024\/01\/03\/cristobal-balenciaga-1.jpg\"><img decoding=\"async\" src=\"https:\/\/s.libertaddigital.com\/2024\/01\/03\/cristobal-balenciaga-1.jpg\" alt=\"cristobal-balenciaga-1.jpg\"\/><\/a><\/figure>\n\n\n\n<p>Crist\u00f3bal Balenciaga Eizaguirre naci\u00f3 en el 21 de enero de 1895, en un modesto hogar cuyo padre era pescador y la madre costurera. Su progenitor, Jos\u00e9, muri\u00f3 en el mar cuando aquel contaba once a\u00f1os. Con doce dej\u00f3 la escuela y se puso a coser junto a Martina, su madre. Ya en su juventud abri\u00f3 tienda en San Sebasti\u00e1n, ayudado por la marquesa de Casa Torres, abuela de quien fue reina de los belgas, Fabiola de Mora y Arag\u00f3n. Transcurr\u00eda 1919. Le fue bien, abriendo un par de talleres m\u00e1s en Madrid y Barcelona. La guerra civil acab\u00f3 con aquellos negocios. Puesto que sus ideas eran republicanas, en 1937 prefiri\u00f3 autoexiliarse en Par\u00eds y all\u00ed,\u00a0<strong>mont\u00f3 su primera casa de modas en la mism\u00edsima avenida de George V<\/strong>, con la ayuda econ\u00f3mica de un importante socio, su paisano, el ingeniero Nicol\u00e1s Bizcarrondo, que al firmar el contrato se qued\u00f3 con el setenta y cinco por ciento de las futuras ganancias. Un tierno detalle es que se hab\u00eda llevado de Guetaria la vieja m\u00e1quina de coser de su adorada madre, que conserv\u00f3 hasta su muerte.<\/p>\n\n\n\n<p>Crist\u00f3bal fue creando sus constantes novedades,&nbsp;<strong>atrayendo una clientela entre lo mejor de la buena sociedad<\/strong>. Su fama fue tal que, am\u00e9n de influir en otros colegas, visti\u00f3 a reinas, arist\u00f3cratas, damas burguesas y estrellas del espect\u00e1culo. De las monarcas, a Fabiola, esposa de Balduino de B\u00e9lgica. O quien fuera primera dama norteamericana, Jacqueline Kennedy. Y del cine, Greta Garbo, Ava Gardner, Marlene Dietrich, Audrey Hepburn\u2026 S\u00f3lo hubo, entre algunas otras, dos espa\u00f1olas que llegaron a lucir modelos exclusivos de Balenciaga: Sonsoles D\u00edez de Rivera, marquesa de Llanzol (amante de Ram\u00f3n Serrano S\u00fa\u00f1er, ministro de los primeros gobiernos franquistas y cu\u00f1ado del Jefe del Estado) que, se cuenta, financi\u00f3 las clases que en sus principios le imparti\u00f3 a Balenciaga un sastre de Burdeos. La marquesa lleg\u00f3 a poseer nada menos que cuatrocientos modelos de la firma Balenciaga y noventa sombreros. En la Espa\u00f1a de la postguerra destacaba por su extrema elegancia. Su marido le permit\u00eda ese tren de vida. Y, adem\u00e1s, acept\u00f3 que, estando ya casada, tuviera una hija con Serrano S\u00fa\u00f1er, que fue Carmen Diez de Rivera, a la que trat\u00f3 siempre como si fuera hija propia. Acerca del trato que hubo entre la marquesa de Llanzol y el modista, se contaba una divertida escena entre ambos cuando en cierta ocasi\u00f3n ella se quej\u00f3 del elevado precio de uno de sus modelos, poco menos que exigi\u00e9ndole un descuento. Previamente, una empleada le dijo a Sonsoles que el maestro jam\u00e1s rebajaba ni una peseta ninguna de sus prendas. \u00c9l mismo as\u00ed se lo hizo saber. Estaba la marquesa por entonces embarazada de su tercer hijo, Antonio, y como quiera que ella insistiera en pagarle menos, Crist\u00f3bal le replic\u00f3.: \u00abYo no soy responsable de su estado\u00bb. Rieron y desde entonces su amistad se hizo eterna.<\/p>\n\n\n\n<p>Otra de sus clientas fue la muy graciosa actriz Isabel Garc\u00e9s, casada con un acaudalado empresario teatral, Arturo Serrano. Cuando montaban comedias costumbristas en el madrile\u00f1o teatro Infanta Isabel, \u00abla Garc\u00e9s\u00bb&nbsp;<strong>se permit\u00eda salir a escena con sus costosos vestidos, marca Balenciaga<\/strong>. Las espectadoras agradec\u00edan esos detalles.<\/p>\n\n\n\n<p>Pero, \u00bfc\u00f3mo eran esas creaciones \u00fanicas del modista vasco? Impuso los hombros ca\u00eddos, la cintura de avispa, caderas redondas. Como quiera que su inventiva nunca desfalleci\u00f3, en la d\u00e9cada de los 50 del pasado siglo dio en escandalizar un tanto a quienes le consideraron siempre un cl\u00e1sico y conservador, con la l\u00ednea barril, de abombados vestidos; o los vestidos t\u00fanica, no digamos las creaciones \u00abbaby doll\u00bb. Y un estilo semiajustado, el corte pavo real m\u00e1s corto por la delantera que por detr\u00e1s. Reminiscencias aport\u00f3 del pasado glorioso de la moda francesa del siglo XVII y del Segundo Imperio. No se olvide tampoco que, como admirador de nuestros m\u00e1s grandes pintores, se inspir\u00f3 algunas veces en sus dise\u00f1os siguiendo las obras de Vel\u00e1zquez y Goya, entre otros. En t\u00e9rminos generales, lo m\u00e1s conocido de su Alta Costura fueron aquellos modelos con falda por debajo de la rodilla, mangas tres cuartos, los vistosos trajes de chaqueta. Y hasta se anticip\u00f3 a lo que en los albores de los 60 ser\u00eda la tan popular minifalda, en una l\u00ednea m\u00e1s desenfadada.<\/p>\n\n\n\n<p>Tuvo entre j\u00f3venes modistas que&nbsp;<strong>trabajaron a su lado a futuros maestros<\/strong>, casos de Courr\u00e9ges, Ungaro, Givenchy, \u00d3scar de la Renta, su paisano Paco Rabanne (apellido que \u00abafrances\u00f3\u00bb pues el real era Rabanera) y algunos m\u00e1s que, al independizarse tuvieron siempre en su mente las creaciones de Balenciaga.<\/p>\n\n\n\n<p>Hay que recordar que nuestro compatriota hubo de imponer su maestr\u00eda en tiempos donde Par\u00eds ya se hab\u00eda rendido a la fama de Coc\u00f3 Chanel, legendaria modista, y al no menos genial Christian Dior. Noble fue la conducta de ambos reconociendo los m\u00e9ritos del espa\u00f1ol. Entre \u00e9ste y Coc\u00f3 hubo un tiempo en el que dejaron de hablarse. Crist\u00f3bal no le perdon\u00f3 que en unas declaraciones a la prensa, la Chanel dijera que era homosexual. Siempre hab\u00eda tenido cuidado Crist\u00f3bal en esconder al p\u00fablico esa condici\u00f3n. No obstante, al morir ella, acudi\u00f3 a su entierro para darle su despedida..<\/p>\n\n\n\n<h3 class=\"wp-block-heading\">Afable, generoso y con grandes amistades<\/h3>\n\n\n\n<p>\u00bfC\u00f3mo era nuestro personaje? Sin lugar a duda exquisito en el trato, afable, generoso con sus amistades. Pero en el plano laboral, muy exigente con sus empleados. Se enfadaba si no segu\u00edan sus dictados y encontraba fallos en la confecci\u00f3n de sus creaciones, al punto de destrozar en presencia de sus ayudantes cualquier traje que no se terminara tal y como hab\u00eda dise\u00f1ado. Ese temperamento s\u00f3lo lo mostraba en tales ocasiones, implacable con los errores ajenos. Era un perfeccionista. Y as\u00ed tanto en su casa de Par\u00eds o en las sucursales que dispon\u00eda en San Sebasti\u00e1n, Madrid y Barcelona.<\/p>\n\n\n\n<h2 class=\"has-cyan-bluish-gray-background-color has-background wp-block-heading\">Relacionado<\/h2>\n\n\n\n<ul class=\"wp-block-list\"><li><a href=\"https:\/\/www.libertaddigital.com\/cultura\/libros\/2023-11-07\/enigma-cristobal-balenciaga-reina-fabiola-7066470\/\">El d\u00eda que Balenciaga puso en su sitio a la reina Fabiola<\/a><\/li><li><a href=\"https:\/\/www.libertaddigital.com\/cultura\/arte\/2019-06-18\/el-thyssen-explora-las-referencias-de-la-pintura-espanola-en-los-disenos-de-balenciaga-1276640447\/\">Balenciaga, el dise\u00f1ador que subi\u00f3 a las pasarelas a Vel\u00e1zquez y Goya<\/a><\/li><\/ul>\n\n\n\n<p>Por su obsesiva idea de mantenerse siempre ajeno a su fama (no sal\u00eda jam\u00e1s a saludar tras sus desfiles ni a mantener amistades con la clientela femenina) son aceptaba entrevistas de ninguna clase y s\u00f3lo en dos ocasiones traicion\u00f3 ese pensamiento: en 1968 para \u00abPar\u00eda Match\u00bb, sin contar grandes cosas, y en 1971 por insistencia de su amiga, la periodista Prudence Glynn, del diario brit\u00e1nico \u00abThe Times\u00bb.<\/p>\n\n\n\n<figure class=\"wp-block-image\"><a href=\"https:\/\/s.libertaddigital.com\/2024\/01\/03\/cristobal-balenciaga-2.jpg\"><img decoding=\"async\" src=\"https:\/\/s.libertaddigital.com\/2024\/01\/03\/cristobal-balenciaga-2.jpg\" alt=\"cristobal-balenciaga-2.jpg\"\/><\/a><\/figure>\n\n\n\n<p>Se ignoraba todo sobre su vida \u00edntima. Dada su condici\u00f3n de lo que acab\u00f3 llam\u00e1ndose \u00abgay\u00bb y la m\u00e1s tarde expresi\u00f3n \u00absalir del armario\u00bb,&nbsp;<strong>fue muy dif\u00edcil saber qui\u00e9nes fueron sus amantes<\/strong>. Posiblemente tuvo amores desde su juventud, que se desconocen como otros que pudiera sostener siendo ya algo conocido. C\u00edtase, por ejemplo, el nombre de Jacques Doucet, que fue uno de sus primeros maestros de la Alta Costura antes de afincarse en Par\u00eds. Pero, con el tiempo, pudo saberse que dos grandes amores resultaron ser quienes de verdad llenaron su coraz\u00f3n. Ambos, por separados claro est\u00e1, formaron parte de su entorno profesional, como dos colaboradores, tambi\u00e9n siendo modistas.<\/p>\n\n\n\n<p>El primero de ellos se llamaba Wladzio d\u00b4Altainville, arist\u00f3crata polaco-franc\u00e9s, su compa\u00f1ero y socio a la vez, como apunt\u00e1bamos. Convivieron a partir de 1937 en la capital gala, en un piso alquilado en la avenida Marceau, y luego en otro en la rue de Bo\u00e9tie. Hijo de un emigrante polaco y una distinguida parisina, conoci\u00f3 a la madre de Balenciaga antes que a \u00e9ste y ella, al comprobar las habilidades como sastre se lo recomend\u00f3 en San Sebasti\u00e1n a su hijo. Y as\u00ed fue c\u00f3mo despu\u00e9s se enamoraron: era guapo, simp\u00e1tico. Hicieron pronto buenas migas. Pero&nbsp;<strong>Wladzio muri\u00f3 pronto, a los cuarenta y nueve a\u00f1os<\/strong>, en Madrid, a causa de una peritonitis. Tal dolor le produjo a Crist\u00f3bal la muerte de su amante que, adem\u00e1s del luto personal que llev\u00f3, lo impuso asimismo a sus creaciones. C\u00e9lebres fueron, durante un largo tiempo, los modelos confeccionados en telas negras.<\/p>\n\n\n\n<p>Poco despu\u00e9s de aquel \u00f3bito Crist\u00f3bal Balenciaga tuvo un segundo y \u00faltimo amante, un paisano vasco de Lesaka, Ram\u00f3n Esparza y Navarro, que alegr\u00f3 la vida, algo melanc\u00f3lica de aquel. Fue su mano derecha en el trabajo, especializado en la creaci\u00f3n de sombreros Asimismo decoraba las estancias del maestro con su buen gusto. Tambi\u00e9n muy atractivo. Durante veintiocho a\u00f1os convivieron bajo el mismo techo y al retirarse Balenciaga y cerrar sus cuatro tiendas, se fueron a vivir juntos a San Sebasti\u00e1n.<\/p>\n\n\n\n<p><strong>\u00bfPor qu\u00e9 se retir\u00f3 Balenciaga?<\/strong>&nbsp;Fue en 1968 con la llegada de la moda \u00abpr\u00eat-\u00e0-porter\u00bb. No la soportaba. Era el fin de la Alta Costura. La moda se democratiz\u00f3 entonces, por as\u00ed decirlo.<\/p>\n\n\n\n<p>Durante unas vacaciones en J\u00e1vea, Alicante, repentinamente, a causa de un ataque card\u00edaco, Crist\u00f3bal Balenciaga, que era ferviente cat\u00f3lico,&nbsp;<strong>entreg\u00f3 su alma a Dios el 23 de marzo de 1972<\/strong>. Sus restos mortales fueron enterrados en el cementerio de Guetaria, su patria chica, donde a\u00f1os m\u00e1s tarde se inaugur\u00f3 un Museo con su nombre, repleto de vestidos y objetos en su memoria. En cuanto a su legado, una empresa adquiri\u00f3 la propiedad de su nombre, comercializ\u00e1ndose en la actualidad muchos productos que siguen recordando al genio de la moda.<\/p>\n\n\n\n<p>Respecto a la serie \u00abCrist\u00f3bal Balenciaga\u00bb de muy pr\u00f3ximo estreno televisivo, consta de seis episodios de cincuenta minutos casa uno. Le da vida en la peque\u00f1a pantalla el actor Alberto San Juan, quien manifiesta haber rodado alrededor de \u00a1doce horas diarias!, con largas sesiones de maquillaje, durante los cinco meses que dur\u00f3 la filmaci\u00f3n. Extenuante, seg\u00fan propia expresi\u00f3n.<\/p>\n\n\n\n<p>Fuente: <a href=\"https:\/\/www.libertaddigital.com\/chic\/corazon\/2024-01-07\/los-dos-grandes-amores-de-cristobal-balenciaga-que-llevo-en-secreto-7084270\/\">https:\/\/www.libertaddigital.com\/chic\/corazon\/2024-01-07\/los-dos-grandes-amores-de-cristobal-balenciaga-que-llevo-en-secreto-7084270\/<\/a><\/p>\n","protected":false},"excerpt":{"rendered":"<p>Aunque se conoce poco de su vida privada, se sabe que tuvo dos grandes amores. Manuel Rom\u00e1n \/ CHIC Crist\u00f3bal [&hellip;]<\/p>\n","protected":false},"author":1,"featured_media":66011,"comment_status":"open","ping_status":"open","sticky":false,"template":"","format":"standard","meta":{"site-sidebar-layout":"default","site-content-layout":"","ast-site-content-layout":"default","site-content-style":"default","site-sidebar-style":"default","ast-global-header-display":"","ast-banner-title-visibility":"","ast-main-header-display":"","ast-hfb-above-header-display":"","ast-hfb-below-header-display":"","ast-hfb-mobile-header-display":"","site-post-title":"","ast-breadcrumbs-content":"","ast-featured-img":"","footer-sml-layout":"","theme-transparent-header-meta":"","adv-header-id-meta":"","stick-header-meta":"","header-above-stick-meta":"","header-main-stick-meta":"","header-below-stick-meta":"","astra-migrate-meta-layouts":"default","ast-page-background-enabled":"default","ast-page-background-meta":{"desktop":{"background-color":"var(--ast-global-color-4)","background-image":"","background-repeat":"repeat","background-position":"center center","background-size":"auto","background-attachment":"scroll","background-type":"","background-media":"","overlay-type":"","overlay-color":"","overlay-opacity":"","overlay-gradient":""},"tablet":{"background-color":"","background-image":"","background-repeat":"repeat","background-position":"center center","background-size":"auto","background-attachment":"scroll","background-type":"","background-media":"","overlay-type":"","overlay-color":"","overlay-opacity":"","overlay-gradient":""},"mobile":{"background-color":"","background-image":"","background-repeat":"repeat","background-position":"center center","background-size":"auto","background-attachment":"scroll","background-type":"","background-media":"","overlay-type":"","overlay-color":"","overlay-opacity":"","overlay-gradient":""}},"ast-content-background-meta":{"desktop":{"background-color":"var(--ast-global-color-5)","background-image":"","background-repeat":"repeat","background-position":"center center","background-size":"auto","background-attachment":"scroll","background-type":"","background-media":"","overlay-type":"","overlay-color":"","overlay-opacity":"","overlay-gradient":""},"tablet":{"background-color":"var(--ast-global-color-5)","background-image":"","background-repeat":"repeat","background-position":"center center","background-size":"auto","background-attachment":"scroll","background-type":"","background-media":"","overlay-type":"","overlay-color":"","overlay-opacity":"","overlay-gradient":""},"mobile":{"background-color":"var(--ast-global-color-5)","background-image":"","background-repeat":"repeat","background-position":"center center","background-size":"auto","background-attachment":"scroll","background-type":"","background-media":"","overlay-type":"","overlay-color":"","overlay-opacity":"","overlay-gradient":""}},"footnotes":""},"categories":[8],"tags":[21415],"class_list":["post-66010","post","type-post","status-publish","format-standard","has-post-thumbnail","hentry","category-noticias","tag-cristobal-balenciaga"],"_links":{"self":[{"href":"https:\/\/losperiodistas.com.mx\/portal\/wp-json\/wp\/v2\/posts\/66010","targetHints":{"allow":["GET"]}}],"collection":[{"href":"https:\/\/losperiodistas.com.mx\/portal\/wp-json\/wp\/v2\/posts"}],"about":[{"href":"https:\/\/losperiodistas.com.mx\/portal\/wp-json\/wp\/v2\/types\/post"}],"author":[{"embeddable":true,"href":"https:\/\/losperiodistas.com.mx\/portal\/wp-json\/wp\/v2\/users\/1"}],"replies":[{"embeddable":true,"href":"https:\/\/losperiodistas.com.mx\/portal\/wp-json\/wp\/v2\/comments?post=66010"}],"version-history":[{"count":2,"href":"https:\/\/losperiodistas.com.mx\/portal\/wp-json\/wp\/v2\/posts\/66010\/revisions"}],"predecessor-version":[{"id":66013,"href":"https:\/\/losperiodistas.com.mx\/portal\/wp-json\/wp\/v2\/posts\/66010\/revisions\/66013"}],"wp:featuredmedia":[{"embeddable":true,"href":"https:\/\/losperiodistas.com.mx\/portal\/wp-json\/wp\/v2\/media\/66011"}],"wp:attachment":[{"href":"https:\/\/losperiodistas.com.mx\/portal\/wp-json\/wp\/v2\/media?parent=66010"}],"wp:term":[{"taxonomy":"category","embeddable":true,"href":"https:\/\/losperiodistas.com.mx\/portal\/wp-json\/wp\/v2\/categories?post=66010"},{"taxonomy":"post_tag","embeddable":true,"href":"https:\/\/losperiodistas.com.mx\/portal\/wp-json\/wp\/v2\/tags?post=66010"}],"curies":[{"name":"wp","href":"https:\/\/api.w.org\/{rel}","templated":true}]}}