{"id":65953,"date":"2024-01-06T10:03:17","date_gmt":"2024-01-06T16:03:17","guid":{"rendered":"http:\/\/losperiodistas.com.mx\/portal\/?p=65953"},"modified":"2024-01-06T10:03:19","modified_gmt":"2024-01-06T16:03:19","slug":"2024-el-ano-en-que-la-democracia-afrontara-su-mayor-reto-en-america-el-economista","status":"publish","type":"post","link":"https:\/\/losperiodistas.com.mx\/portal\/2024-el-ano-en-que-la-democracia-afrontara-su-mayor-reto-en-america-el-economista\/","title":{"rendered":"2024: el a\u00f1o en que la democracia afrontar\u00e1 su mayor reto en\u00a0Am\u00e9rica | El Economista"},"content":{"rendered":"\n<figure class=\"wp-block-image size-large is-style-default\"><img fetchpriority=\"high\" decoding=\"async\" width=\"1024\" height=\"576\" src=\"https:\/\/losperiodistas.com.mx\/portal\/wp-content\/uploads\/2024\/01\/america_imagen_generada_con_inteligencia_artificial_image_creator.jpg_554688468-1024x576.webp\" alt=\"\" class=\"wp-image-65954\" srcset=\"https:\/\/losperiodistas.com.mx\/portal\/wp-content\/uploads\/2024\/01\/america_imagen_generada_con_inteligencia_artificial_image_creator.jpg_554688468-1024x576.webp 1024w, https:\/\/losperiodistas.com.mx\/portal\/wp-content\/uploads\/2024\/01\/america_imagen_generada_con_inteligencia_artificial_image_creator.jpg_554688468-300x169.webp 300w, https:\/\/losperiodistas.com.mx\/portal\/wp-content\/uploads\/2024\/01\/america_imagen_generada_con_inteligencia_artificial_image_creator.jpg_554688468-768x432.webp 768w, https:\/\/losperiodistas.com.mx\/portal\/wp-content\/uploads\/2024\/01\/america_imagen_generada_con_inteligencia_artificial_image_creator.jpg_554688468.webp 1200w\" sizes=\"(max-width: 1024px) 100vw, 1024px\" \/><figcaption>Continente americano. Imagen generada con Inteligencia Artificial. Foto: Image Creator<\/figcaption><\/figure>\n\n\n\n<p class=\"has-vivid-red-color has-text-color has-medium-font-size\"><strong>CARMEN BEATRIZ FERN\u00c1NDEZ \/ THE CONVERSATION \/ EL ECONOMISTA<\/strong><\/p>\n\n\n\n<p>Durante este a\u00f1o 2024 se celebrar\u00e1 el mayor ciclo electoral global de la historia: la mitad de la poblaci\u00f3n ir\u00e1 a votar. Se espera que&nbsp;<a href=\"https:\/\/www.economist.com\/interactive\/the-world-ahead\/2023\/11\/13\/2024-is-the-biggest-election-year-in-history\">m\u00e1s de 2 000 millones de personas en 70 pa\u00edses acudan a las urnas<\/a>&nbsp;en un proceso que parece someter a la democracia global a un angustioso examen.<\/p>\n\n\n\n<p>En Am\u00e9rica, adem\u00e1s de la importante elecci\u00f3n estadounidense de noviembre, este a\u00f1o se celebrar\u00e1n otras seis elecciones presidenciales. Se iniciar\u00e1 el ciclo con El Salvador, el 4 de febrero. Le seguir\u00e1n Panam\u00e1, el 5 mayo; Rep\u00fablica Dominicana, el 12 mayo; M\u00e9xico, el 2 junio; y Uruguay 27 de octubre, con probable segunda vuelta en noviembre. El a\u00f1o culminar\u00e1 con la que podr\u00eda ser una de las elecciones m\u00e1s importantes, Venezuela, a\u00fan sin fecha oficial. Adicionalmente se convocar\u00e1n dos elecciones regionales en Brasil (6 de octubre) y Chile (27 de octubre).<\/p>\n\n\n\n<h2 class=\"wp-block-heading\">\u00bfCambio o continuidad?<\/h2>\n\n\n\n<p>En todos los procesos electorales que est\u00e1n por venir estar\u00e1n presentes cuatro jinetes que han sido acusados de promover el apocalipsis democr\u00e1tico: la polarizaci\u00f3n, el populismo, la p\u00e9rdida de confianza y la desinformaci\u00f3n. Sin ser nuevos del todo, estos fen\u00f3menos han adquirido formas novedosas que amenazan a las sociedades democr\u00e1ticasToda elecci\u00f3n es un refer\u00e9ndum sobre alg\u00fan tema fundamental, que termina siendo la pregunta que los electores responden al depositar su voto en la urnas. La pregunta \u201c\u00bfcambio o continuidad?\u201d suele ser el refer\u00e9ndum electoral m\u00e1s frecuente. Hasta la pandemia, en Am\u00e9rica Latina dominaba el oficialismo, se tend\u00eda a detentar la presidencia para mantenerse en el poder. Eso quiere decir que la continuidad se impon\u00eda claramente frente al cambio en la regi\u00f3n. Lo m\u00e1s habitual era la reelecci\u00f3n, hasta el punto de que exist\u00eda una tendencia a modificar los l\u00edmites constitucionales para la reelecci\u00f3n\u00a0<a href=\"https:\/\/www.scielo.cl\/pdf\/revcipol\/v34n3\/art02.pdf\">en aras de ampliar los horizontes temporales de los presidentes en ejercicio<\/a>. As\u00ed lo demostraba un estudio de 137 elecciones para 18 pa\u00edses de Am\u00e9rica Latina.<\/p>\n\n\n\n<p>Sin embargo, la pandemia marc\u00f3 un punto de inflexi\u00f3n que alter\u00f3 algunas din\u00e1micas. Las elecciones americanas celebradas a partir de 2019 han sido abrumadoramente favorables al cambio. De&nbsp;<a href=\"https:\/\/x.com\/GerardoMunck\/status\/1726379180466827670?s=20\">20 elecciones celebradas a partir de 2019<\/a>, solo dos han propiciado la continuidad (Nicaragua, en 2021, y Paraguay, en 2023).<\/p>\n\n\n\n<p>\u00bfQu\u00e9 pasar\u00e1 en 2024? No est\u00e1 tan claro. Las encuestas sugieren que al menos en dos de los casos las opciones de continuidad llevan todas las de ganar. Concretamente, la reelecci\u00f3n de Bukele, en El Salvador, y la de la oficialista candidata de L\u00f3pez Obrador en M\u00e9xico son pr\u00e1cticamente un hecho.<\/p>\n\n\n\n<p>M\u00e1s incertidumbre generan los posibles resultados electorales de Rep\u00fablica Dominicana, Uruguay y los Estados Unidos. En Panam\u00e1 y Venezuela, se orientan claramente al cambio.<\/p>\n\n\n\n<h2 class=\"wp-block-heading\">\u00bfLibertad o igualdad? El otro gran dilema<\/h2>\n\n\n\n<p>Otra variable importante en el an\u00e1lisis de las elecciones del a\u00f1o tiene que ver con los valores pol\u00edticos. Elegir entre libertad e igualdad es uno de los dilemas m\u00e1s importantes en cualquier sociedad. De hecho, es un rasgo caracter\u00edstico del enfrentamiento ideol\u00f3gico entre izquierda y derecha.<\/p>\n\n\n\n<p>La izquierda tradicional defiende la igualdad, mientras que la derecha antepone la libertad (personal y econ\u00f3mica). Cuando se pregunta a los americanos qu\u00e9 valor es m\u00e1s importante, las opiniones en general privilegian la libertad. Pero en Latinoam\u00e9rica, donde ambos valores sol\u00edan estar equilibrados, la \u00faltima Encuesta Mundial de Valores muestra una orientaci\u00f3n favorable hacia la derecha: solo bolivianos, brasile\u00f1os, chilenos y peruanos valoraron la igualdad m\u00e1s que la libertad.<\/p>\n\n\n\n<p>En los otros ocho pa\u00edses latinoamericanos donde se aplica la encuesta&nbsp;<a href=\"https:\/\/www.worldvaluessurvey.org\/wvs.jsp\">World Values Survey (WVS)<\/a>&nbsp;se antepone la libertad sobre la igualdad, incluyendo el llamativo caso de Venezuela, donde la relaci\u00f3n es 3 a 1.<\/p>\n\n\n\n<p>De manera que ese sonoro&nbsp;<em>\u201c\u00a1Viva la libertad, carajo!\u201d<\/em>&nbsp;que enton\u00f3 Milei parece un grito acorde a los tiempos. La presidencial argentina 2023 puede ser un tr\u00e1iler de las elecciones 2024. Tambi\u00e9n se\u00f1ala el WVS que un 72 % de los latinoamericanos desconf\u00eda de las elecciones y un 71 % desconf\u00eda de la prensa. M\u00e1s de un 60 % estar\u00eda de acuerdo en ser gobernado por un l\u00edder fuerte que no tenga que preocuparse por parlamentos ni elecciones.<\/p>\n\n\n\n<p>As\u00ed pues, y a\u00fan con la carga de incertidumbre inherente a los procesos electorales, podemos aventurar como pron\u00f3stico que en el a\u00f1o nuevo la batalla por la libertad y el cambio seguir\u00e1 siendo importante, aunque probablemente venga cargada de polarizaci\u00f3n, populismo, desconfianza y mucha desinformaci\u00f3n.<\/p>\n\n\n\n<h2 class=\"wp-block-heading\">Desinformaci\u00f3n y deep fakes<\/h2>\n\n\n\n<p>Las elecciones estadounidenses de 2020 pusieron de moda a la posverdad, y la elecci\u00f3n de 2024 parece ser un&nbsp;<em>dej\u00e1 v\u00fa<\/em>&nbsp;con esteroides de Inteligencia Artificial.<\/p>\n\n\n\n<p>La previsible contienda entre Trump y Biden exhibir\u00e1 al desnudo los problemas de una democracia envejecida, muy polarizada y decadente, acompa\u00f1ada por la enorme facilidad de alterar la informaci\u00f3n con&nbsp;<em>deep fakes<\/em>. Lo preocupante es que este escenario se replicar\u00e1 en el resto del mundo.<\/p>\n\n\n\n<p>Las campa\u00f1as electorales han demostrado ser tiempos propicios para alimentar la desinformaci\u00f3n. Y las nuevas t\u00e9cnicas de alteraci\u00f3n de imagen, voz y video est\u00e1n al alcance de cualquiera. Realmente la desinformaci\u00f3n digital que distorsiona las elecciones no es nueva: lo nuevo es la facilidad y bajo costo con que los agentes pol\u00edticos, leg\u00edtimos o no, pueden acceder a modelos de lenguaje generativo (IA) tanto para optimizar la persuasi\u00f3n de las ideas como para enga\u00f1ar a los sentidos del elector.<\/p>\n\n\n\n<p>A primera vista el reto luce complicado\u2026 Sin embargo, la democracia americana ha demostrado, una y otra vez, su capacidad de resistir y sobreponerse a sus obst\u00e1culos. Los electores pueden aprender, y la inteligencia colectiva puede aflorar. El capital social facilita la coordinaci\u00f3n y la cooperaci\u00f3n para un beneficio mutuo.<\/p>\n\n\n\n<p>\u00bfEs posible usar la inteligencia artificial, y la ciberpol\u00edtica en general, para construir capital social para la democracia en Am\u00e9rica? En 2023&nbsp;<a href=\"https:\/\/open.substack.com\/pub\/ciberpolitica\/p\/info-desinfo-latamue-19-octubre-2023?r=1pdeqa&amp;utm_campaign=post&amp;utm_medium=email\">algunas experiencias alentadoras<\/a>&nbsp;pusieron en evidencia que la desinformaci\u00f3n puede ser contrarrestada con informaci\u00f3n de calidad y&nbsp;<a href=\"https:\/\/www.connectas.org\/labs\/como-ensenar-a-los-mayores-a-identificar-la-desinformacion\/\">educaci\u00f3n al elector<\/a>&nbsp;para facilitar cooperaci\u00f3n y beneficio mutuo.<\/p>\n\n\n\n<p>\u00a1Sorpr\u00e9ndenos, 2024!&nbsp;<\/p>\n\n\n\n<p><a href=\"https:\/\/theconversation.com\/profiles\/carmen-beatriz-fernandez-1229573\">Carmen Beatriz Fern\u00e1ndez<\/a>, Profesora de Comunicaci\u00f3n Pol\u00edtica en la UNAV, el IESA y Pforzheim,&nbsp;<em><a href=\"https:\/\/theconversation.com\/institutions\/universidad-de-navarra-3467\">Universidad de Navarra<\/a><\/em><\/p>\n\n\n\n<p>Este art\u00edculo fue publicado originalmente en&nbsp;<a href=\"https:\/\/theconversation.com\/\">The Conversation<\/a>. Lea el&nbsp;<a href=\"https:\/\/theconversation.com\/2024-el-ano-en-que-la-democracia-afrontara-su-mayor-reto-en-america-220460\">original<\/a>.<\/p>\n","protected":false},"excerpt":{"rendered":"<p>CARMEN BEATRIZ FERN\u00c1NDEZ \/ THE CONVERSATION \/ EL ECONOMISTA Durante este a\u00f1o 2024 se celebrar\u00e1 el mayor ciclo electoral global [&hellip;]<\/p>\n","protected":false},"author":1,"featured_media":65954,"comment_status":"open","ping_status":"open","sticky":false,"template":"","format":"standard","meta":{"site-sidebar-layout":"default","site-content-layout":"","ast-site-content-layout":"default","site-content-style":"default","site-sidebar-style":"default","ast-global-header-display":"","ast-banner-title-visibility":"","ast-main-header-display":"","ast-hfb-above-header-display":"","ast-hfb-below-header-display":"","ast-hfb-mobile-header-display":"","site-post-title":"","ast-breadcrumbs-content":"","ast-featured-img":"","footer-sml-layout":"","theme-transparent-header-meta":"","adv-header-id-meta":"","stick-header-meta":"","header-above-stick-meta":"","header-main-stick-meta":"","header-below-stick-meta":"","astra-migrate-meta-layouts":"default","ast-page-background-enabled":"default","ast-page-background-meta":{"desktop":{"background-color":"var(--ast-global-color-4)","background-image":"","background-repeat":"repeat","background-position":"center center","background-size":"auto","background-attachment":"scroll","background-type":"","background-media":"","overlay-type":"","overlay-color":"","overlay-opacity":"","overlay-gradient":""},"tablet":{"background-color":"","background-image":"","background-repeat":"repeat","background-position":"center center","background-size":"auto","background-attachment":"scroll","background-type":"","background-media":"","overlay-type":"","overlay-color":"","overlay-opacity":"","overlay-gradient":""},"mobile":{"background-color":"","background-image":"","background-repeat":"repeat","background-position":"center center","background-size":"auto","background-attachment":"scroll","background-type":"","background-media":"","overlay-type":"","overlay-color":"","overlay-opacity":"","overlay-gradient":""}},"ast-content-background-meta":{"desktop":{"background-color":"var(--ast-global-color-5)","background-image":"","background-repeat":"repeat","background-position":"center center","background-size":"auto","background-attachment":"scroll","background-type":"","background-media":"","overlay-type":"","overlay-color":"","overlay-opacity":"","overlay-gradient":""},"tablet":{"background-color":"var(--ast-global-color-5)","background-image":"","background-repeat":"repeat","background-position":"center center","background-size":"auto","background-attachment":"scroll","background-type":"","background-media":"","overlay-type":"","overlay-color":"","overlay-opacity":"","overlay-gradient":""},"mobile":{"background-color":"var(--ast-global-color-5)","background-image":"","background-repeat":"repeat","background-position":"center center","background-size":"auto","background-attachment":"scroll","background-type":"","background-media":"","overlay-type":"","overlay-color":"","overlay-opacity":"","overlay-gradient":""}},"footnotes":""},"categories":[8],"tags":[21390,21389,5486],"class_list":["post-65953","post","type-post","status-publish","format-standard","has-post-thumbnail","hentry","category-noticias","tag-70-pais-elecciones","tag-democracia-america","tag-elecciones-2024"],"_links":{"self":[{"href":"https:\/\/losperiodistas.com.mx\/portal\/wp-json\/wp\/v2\/posts\/65953","targetHints":{"allow":["GET"]}}],"collection":[{"href":"https:\/\/losperiodistas.com.mx\/portal\/wp-json\/wp\/v2\/posts"}],"about":[{"href":"https:\/\/losperiodistas.com.mx\/portal\/wp-json\/wp\/v2\/types\/post"}],"author":[{"embeddable":true,"href":"https:\/\/losperiodistas.com.mx\/portal\/wp-json\/wp\/v2\/users\/1"}],"replies":[{"embeddable":true,"href":"https:\/\/losperiodistas.com.mx\/portal\/wp-json\/wp\/v2\/comments?post=65953"}],"version-history":[{"count":1,"href":"https:\/\/losperiodistas.com.mx\/portal\/wp-json\/wp\/v2\/posts\/65953\/revisions"}],"predecessor-version":[{"id":65955,"href":"https:\/\/losperiodistas.com.mx\/portal\/wp-json\/wp\/v2\/posts\/65953\/revisions\/65955"}],"wp:featuredmedia":[{"embeddable":true,"href":"https:\/\/losperiodistas.com.mx\/portal\/wp-json\/wp\/v2\/media\/65954"}],"wp:attachment":[{"href":"https:\/\/losperiodistas.com.mx\/portal\/wp-json\/wp\/v2\/media?parent=65953"}],"wp:term":[{"taxonomy":"category","embeddable":true,"href":"https:\/\/losperiodistas.com.mx\/portal\/wp-json\/wp\/v2\/categories?post=65953"},{"taxonomy":"post_tag","embeddable":true,"href":"https:\/\/losperiodistas.com.mx\/portal\/wp-json\/wp\/v2\/tags?post=65953"}],"curies":[{"name":"wp","href":"https:\/\/api.w.org\/{rel}","templated":true}]}}