{"id":65944,"date":"2024-01-06T08:43:06","date_gmt":"2024-01-06T14:43:06","guid":{"rendered":"http:\/\/losperiodistas.com.mx\/portal\/?p=65944"},"modified":"2024-01-06T08:43:09","modified_gmt":"2024-01-06T14:43:09","slug":"dia-mundial-de-la-astrologia-did","status":"publish","type":"post","link":"https:\/\/losperiodistas.com.mx\/portal\/dia-mundial-de-la-astrologia-did\/","title":{"rendered":"D\u00eda Mundial de la Astrolog\u00eda | DID"},"content":{"rendered":"\n<figure class=\"wp-block-image size-full is-style-default\"><img fetchpriority=\"high\" decoding=\"async\" width=\"990\" height=\"660\" src=\"https:\/\/losperiodistas.com.mx\/portal\/wp-content\/uploads\/2024\/01\/QBYXXVTQ5ZF43IRBTNNJOFCXZQ.jpg\" alt=\"\" class=\"wp-image-65945\" srcset=\"https:\/\/losperiodistas.com.mx\/portal\/wp-content\/uploads\/2024\/01\/QBYXXVTQ5ZF43IRBTNNJOFCXZQ.jpg 990w, https:\/\/losperiodistas.com.mx\/portal\/wp-content\/uploads\/2024\/01\/QBYXXVTQ5ZF43IRBTNNJOFCXZQ-300x200.jpg 300w, https:\/\/losperiodistas.com.mx\/portal\/wp-content\/uploads\/2024\/01\/QBYXXVTQ5ZF43IRBTNNJOFCXZQ-768x512.jpg 768w\" sizes=\"(max-width: 990px) 100vw, 990px\" \/><\/figure>\n\n\n\n<p><\/p>\n\n\n\n<p class=\"has-vivid-red-color has-text-color has-medium-font-size\"><strong>REDACCI\u00d3N D\u00cdA INTERNACIONAL DE<\/strong><\/p>\n\n\n\n<p><strong>Cada 6 de enero se celebra el D\u00eda Mundial de la Astrolog\u00eda<\/strong>, para dar a conocer la importancia de esta disciplina que estudia, desde tiempos antiguos, la influencia de la posici\u00f3n de las constelaciones o planetas del sistema solar en la vida humana.<\/p>\n\n\n\n<p>Esta efem\u00e9ride coincide con el&nbsp;<a href=\"https:\/\/www.diainternacionalde.com\/ficha\/dia-de-reyes\" target=\"_blank\" rel=\"noreferrer noopener\"><strong>D\u00eda de Reyes<\/strong><\/a>, dado que los Reyes Magos eran sacerdotes y sabios que eran capaces de interpretar los movimientos de las estrellas.<\/p>\n\n\n\n<figure class=\"wp-block-image is-style-default\"><img decoding=\"async\" src=\"https:\/\/www.diainternacionalde.com\/imagenes\/dias-raros\/enero\/01-06_dia-mundial-astrologia_m.jpg\" alt=\"Reloj con los signos zodiacales\" title=\"Reloj con los signos zodiacales\"\/><figcaption>Reloj con los signos zodiacales<\/figcaption><\/figure>\n\n\n\n<p>La Astrolog\u00eda simboliza la conexi\u00f3n del hombre con el Universo. De acuerdo a los postulados de la astrolog\u00eda tradicional la personalidad y el destino de los seres humanos est\u00e1 determinada por su ascendente astrol\u00f3gico y signo zodiacal, dada la posici\u00f3n planetaria y su conexi\u00f3n con la fecha de nacimiento de las personas.<\/p>\n\n\n\n<h2 class=\"wp-block-heading\" id=\"resTit_1\">\u00bfQu\u00e9 es la Astrolog\u00eda?<\/h2>\n\n\n\n<p>La&nbsp;<strong>Astrolog\u00eda<\/strong>&nbsp;es definida como una pseudociencia que estudia la posici\u00f3n y el movimiento de los astros, con la finalidad de interpretar eventos celestes, constelaciones, pronosticando sucesos terrestres y el destino de las personas.<\/p>\n\n\n\n<p>Se ha demostrado que esta disciplina carece de validez cient\u00edfica, siendo catalogada como pseudocient\u00edfica.<\/p>\n\n\n\n<p>Desde el punto de vista etimol\u00f3gico, la palabra Astrolog\u00eda significa \u00abel discurso sobre las estrellas\u00bb. Se destacan la astrolog\u00eda, occidental, china, hind\u00fa y v\u00e9dica.<\/p>\n\n\n\n<p>La&nbsp;<strong>Astrolog\u00eda occidental<\/strong>, com\u00fanmente conocida en gran parte del mundo, se basa en el estudio de los efectos del sol, la luna y los planetas del sistema solar. Influyen tambi\u00e9n algunas estrellas como Antares, Espiga y Regulus.<\/p>\n\n\n\n<h2 class=\"wp-block-heading\" id=\"resTit_2\">\u00bfC\u00f3mo se origin\u00f3 la creaci\u00f3n de este d\u00eda mundial?<\/h2>\n\n\n\n<p>Esta efem\u00e9ride fue propuesta en el a\u00f1o 1979 por el astr\u00f3logo uruguayo&nbsp;<em><strong>Boris Cristoff<\/strong><\/em>, siendo aprobada por 102 organizaciones astrol\u00f3gicas del mundo occidental.<\/p>\n\n\n\n<p>Se celebra el mismo d\u00eda de los Reyes Magos, por la estrecha relaci\u00f3n de la Astrolog\u00eda con esta tradicional celebraci\u00f3n, dado que la estrella de Bel\u00e9n se consideraba un s\u00edmbolo b\u00edblico de los Reyes Magos o astr\u00f3logos de Oriente al seguirla, para guiarse hasta el lugar de nacimiento de Jesucristo.<\/p>\n\n\n\n<p>En el mundo antiguo se observaban y estudiaban las constelaciones. Los reyes consultaban a sus astr\u00f3logos y se realizaban cartas natales. Por otra parte, se estimaba que la astrolog\u00eda y la magia atentaban contra las religiones.<\/p>\n\n\n\n<p>En la actualidad la astrolog\u00eda aporta explicaciones y significados para conectar al hombre con el universo.<\/p>\n\n\n\n<h2 class=\"wp-block-heading\" id=\"resTit_3\">Datos curiosos sobre la Astrolog\u00eda<\/h2>\n\n\n\n<p>Mostramos a continuaci\u00f3n algunos datos curiosos e interesantes sobre la Astrolog\u00eda:<\/p>\n\n\n\n<ul class=\"wp-block-list\"><li>La Astrolog\u00eda es ampliamente vinculada a formas de adivinaci\u00f3n, como la lectura del tarot y los cristales.<\/li><li>Los eclipses y encuentros entre planetas inciden en los signos del zod\u00edaco.<\/li><li>El c\u00e9lebre profeta Nostradamus se gradu\u00f3 como m\u00e9dico, pero era un gran apasionado de la astrolog\u00eda y las artes adivinatorias.<\/li><li>Los primeros astr\u00f3logos se ubicaron en la antigua Mesopotamia, efectuaban predicciones sobre hechos meteorol\u00f3gicos basados en la observaci\u00f3n de eclipses y asteroides.<\/li><li>La civilizaci\u00f3n Sumeria sent\u00f3 las bases para el estudio de la Astrolog\u00eda, considerando a Marte como el planeta de la fuerza y la guerra y a Venus como el planeta que simboliza la fertilidad y la femineidad.<\/li><li>Un estudio publicado por el British Medical Journal en el a\u00f1o 2000 se\u00f1al\u00f3 que durante la fase de luna llena se reportan m\u00e1s incidentes relacionados con mordeduras de animales.<\/li><\/ul>\n\n\n\n<p>Comparte informaci\u00f3n \u00fatil e interesante en las redes sociales acerca del\u00a0<strong>D\u00eda Mundial de la Astrolog\u00eda<\/strong>\u00a0con el hashtag\u00a0<em><strong>#Astrolog\u00eda<\/strong><\/em><\/p>\n\n\n\n<p>Fuente: <a href=\"https:\/\/www.diainternacionalde.com\/dias-raros\/dia-mundial-astrologia\">https:\/\/www.diainternacionalde.com\/dias-raros\/dia-mundial-astrologia<\/a><\/p>\n","protected":false},"excerpt":{"rendered":"<p>REDACCI\u00d3N D\u00cdA INTERNACIONAL DE Cada 6 de enero se celebra el D\u00eda Mundial de la Astrolog\u00eda, para dar a conocer [&hellip;]<\/p>\n","protected":false},"author":1,"featured_media":65945,"comment_status":"open","ping_status":"open","sticky":false,"template":"","format":"standard","meta":{"site-sidebar-layout":"default","site-content-layout":"","ast-site-content-layout":"default","site-content-style":"default","site-sidebar-style":"default","ast-global-header-display":"","ast-banner-title-visibility":"","ast-main-header-display":"","ast-hfb-above-header-display":"","ast-hfb-below-header-display":"","ast-hfb-mobile-header-display":"","site-post-title":"","ast-breadcrumbs-content":"","ast-featured-img":"","footer-sml-layout":"","theme-transparent-header-meta":"","adv-header-id-meta":"","stick-header-meta":"","header-above-stick-meta":"","header-main-stick-meta":"","header-below-stick-meta":"","astra-migrate-meta-layouts":"default","ast-page-background-enabled":"default","ast-page-background-meta":{"desktop":{"background-color":"var(--ast-global-color-4)","background-image":"","background-repeat":"repeat","background-position":"center center","background-size":"auto","background-attachment":"scroll","background-type":"","background-media":"","overlay-type":"","overlay-color":"","overlay-opacity":"","overlay-gradient":""},"tablet":{"background-color":"","background-image":"","background-repeat":"repeat","background-position":"center center","background-size":"auto","background-attachment":"scroll","background-type":"","background-media":"","overlay-type":"","overlay-color":"","overlay-opacity":"","overlay-gradient":""},"mobile":{"background-color":"","background-image":"","background-repeat":"repeat","background-position":"center center","background-size":"auto","background-attachment":"scroll","background-type":"","background-media":"","overlay-type":"","overlay-color":"","overlay-opacity":"","overlay-gradient":""}},"ast-content-background-meta":{"desktop":{"background-color":"var(--ast-global-color-5)","background-image":"","background-repeat":"repeat","background-position":"center center","background-size":"auto","background-attachment":"scroll","background-type":"","background-media":"","overlay-type":"","overlay-color":"","overlay-opacity":"","overlay-gradient":""},"tablet":{"background-color":"var(--ast-global-color-5)","background-image":"","background-repeat":"repeat","background-position":"center center","background-size":"auto","background-attachment":"scroll","background-type":"","background-media":"","overlay-type":"","overlay-color":"","overlay-opacity":"","overlay-gradient":""},"mobile":{"background-color":"var(--ast-global-color-5)","background-image":"","background-repeat":"repeat","background-position":"center center","background-size":"auto","background-attachment":"scroll","background-type":"","background-media":"","overlay-type":"","overlay-color":"","overlay-opacity":"","overlay-gradient":""}},"footnotes":""},"categories":[8],"tags":[21384,21385],"class_list":["post-65944","post","type-post","status-publish","format-standard","has-post-thumbnail","hentry","category-noticias","tag-astrologia-2","tag-sacerdotes-y-sabios"],"_links":{"self":[{"href":"https:\/\/losperiodistas.com.mx\/portal\/wp-json\/wp\/v2\/posts\/65944","targetHints":{"allow":["GET"]}}],"collection":[{"href":"https:\/\/losperiodistas.com.mx\/portal\/wp-json\/wp\/v2\/posts"}],"about":[{"href":"https:\/\/losperiodistas.com.mx\/portal\/wp-json\/wp\/v2\/types\/post"}],"author":[{"embeddable":true,"href":"https:\/\/losperiodistas.com.mx\/portal\/wp-json\/wp\/v2\/users\/1"}],"replies":[{"embeddable":true,"href":"https:\/\/losperiodistas.com.mx\/portal\/wp-json\/wp\/v2\/comments?post=65944"}],"version-history":[{"count":1,"href":"https:\/\/losperiodistas.com.mx\/portal\/wp-json\/wp\/v2\/posts\/65944\/revisions"}],"predecessor-version":[{"id":65946,"href":"https:\/\/losperiodistas.com.mx\/portal\/wp-json\/wp\/v2\/posts\/65944\/revisions\/65946"}],"wp:featuredmedia":[{"embeddable":true,"href":"https:\/\/losperiodistas.com.mx\/portal\/wp-json\/wp\/v2\/media\/65945"}],"wp:attachment":[{"href":"https:\/\/losperiodistas.com.mx\/portal\/wp-json\/wp\/v2\/media?parent=65944"}],"wp:term":[{"taxonomy":"category","embeddable":true,"href":"https:\/\/losperiodistas.com.mx\/portal\/wp-json\/wp\/v2\/categories?post=65944"},{"taxonomy":"post_tag","embeddable":true,"href":"https:\/\/losperiodistas.com.mx\/portal\/wp-json\/wp\/v2\/tags?post=65944"}],"curies":[{"name":"wp","href":"https:\/\/api.w.org\/{rel}","templated":true}]}}