{"id":65900,"date":"2024-01-05T06:19:14","date_gmt":"2024-01-05T12:19:14","guid":{"rendered":"http:\/\/losperiodistas.com.mx\/portal\/?p=65900"},"modified":"2024-01-05T06:19:16","modified_gmt":"2024-01-05T12:19:16","slug":"lenia-batres-asume-cargo-de-ministra-y-acusa-a-la-scjn-de-extralimitarse-forbes","status":"publish","type":"post","link":"https:\/\/losperiodistas.com.mx\/portal\/lenia-batres-asume-cargo-de-ministra-y-acusa-a-la-scjn-de-extralimitarse-forbes\/","title":{"rendered":"Lenia Batres asume cargo de ministra y acusa a la SCJN de \u2018extralimitarse\u2019 | Forbes"},"content":{"rendered":"\n<p class=\"has-medium-font-size\"><em>Batres es la primera ministra que llega a la SCJN designada directamente por el poder Ejecutivo, ya que en dos ocasiones el Senado rechaz\u00f3 las ternas de Andr\u00e9s Manuel L\u00f3pez Obrador.<\/em><\/p>\n\n\n\n<figure class=\"wp-block-image size-large\"><img fetchpriority=\"high\" decoding=\"async\" width=\"1024\" height=\"571\" src=\"https:\/\/losperiodistas.com.mx\/portal\/wp-content\/uploads\/2024\/01\/Captura-de-pantalla-2024-01-05-a-las-6.14.00\u202fa.m.-1024x571.png\" alt=\"\" class=\"wp-image-65901\" srcset=\"https:\/\/losperiodistas.com.mx\/portal\/wp-content\/uploads\/2024\/01\/Captura-de-pantalla-2024-01-05-a-las-6.14.00\u202fa.m.-1024x571.png 1024w, https:\/\/losperiodistas.com.mx\/portal\/wp-content\/uploads\/2024\/01\/Captura-de-pantalla-2024-01-05-a-las-6.14.00\u202fa.m.-300x167.png 300w, https:\/\/losperiodistas.com.mx\/portal\/wp-content\/uploads\/2024\/01\/Captura-de-pantalla-2024-01-05-a-las-6.14.00\u202fa.m.-768x428.png 768w, https:\/\/losperiodistas.com.mx\/portal\/wp-content\/uploads\/2024\/01\/Captura-de-pantalla-2024-01-05-a-las-6.14.00\u202fa.m.-1536x856.png 1536w, https:\/\/losperiodistas.com.mx\/portal\/wp-content\/uploads\/2024\/01\/Captura-de-pantalla-2024-01-05-a-las-6.14.00\u202fa.m..png 1712w\" sizes=\"(max-width: 1024px) 100vw, 1024px\" \/><figcaption><em>Lenia Batres<\/em><\/figcaption><\/figure>\n\n\n\n<p class=\"has-vivid-red-color has-text-color has-medium-font-size\"><strong>FORBES STAFF<\/strong><\/p>\n\n\n\n<p>Al asumir el cargo de ministra, Lenia Batres Guadarrama arremeti\u00f3 contra la Suprema Corte de Justicia de la Naci\u00f3n (SCJN), a quien acus\u00f3 de extralimitarse, de incurrir en excesos, de invadir funciones del Legislativo, de ponerse por encima de la Constituci\u00f3n y de estar enfocada en casos con fuertes implicaciones pol\u00edticas que afectan al orden p\u00fablico y al inter\u00e9s.<\/p>\n\n\n\n<p>\u201cEsta Corte se ha extralimitado, el car\u00e1cter inimpugnable de sus decisiones la ha llevado a confundir jerarqu\u00eda de la Constituci\u00f3n con jerarqu\u00eda de la instancia. Podr\u00eda decirse que la Suprema Corte s\u00ed es el \u00f3rgano supremo en el pa\u00eds porque puede anular leyes por mayor\u00eda calificada, pero se equivocan, porque si actuara como verdadero tribunal Constitucional, no prevalecer\u00eda la Suprema Corte, sino la Constituci\u00f3n\u201d, expres\u00f3.<\/p>\n\n\n\n<p>Batres es la primera ministra que llega a la SCJN designada directamente por el poder Ejecutivo, ya que en dos ocasiones el Senado rechaz\u00f3 las ternas de Andr\u00e9s Manuel L\u00f3pez Obrador, por lo que de acuerdo con la Constituci\u00f3n, el mandatario federal pudo elegir a la persona que quiso para la Corte.<\/p>\n\n\n\n<p>La flamante ministra asegur\u00f3 que la SCJN ha incurrido en excesos que indican que no se tiene una Corte subordinada a la Constituci\u00f3n, sino una Carta Magna subordinada a la Suprema Corte.<\/p>\n\n\n\n<p>\u201cEs cierto que los juicios deben tener una instancia de cierre, pero eso no quiere decir que los acuerdos generales que dicta la Suprema Corte o su jurisprudencia puedan estar por arriba de la Constituci\u00f3n o de las leyes mexicanas, por eso hablamos de excesos\u201d, agreg\u00f3.<\/p>\n\n\n\n<p>La ministra af\u00edn al gobierno de Andr\u00e9s Manuel L\u00f3pez Obrador y hermana del jefe de Gobierno de la Ciudad de M\u00e9xico, Mart\u00ed Batres Guadarrama, dijo que si la SCJN actuara como verdadero tribunal constitucional prevalecer\u00eda lo que dicta la Constituci\u00f3n.<\/p>\n\n\n\n<p>\u201cPodr\u00e1n decir que la Suprema Corte s\u00ed es el \u00f3rgano supremo en el pa\u00eds porque puede anular leyes por mayor\u00eda calificada. Pero se equivocan. Si actuara como verdadero tribunal constitucional, no prevalecer\u00eda la Suprema Corte, sino la Constituci\u00f3n\u201d, dijo.<\/p>\n\n\n\n<p>Entre los invitados al acto de la nueva ministra, estuvieron su hermano Mart\u00ed Batres, jefe de Gobierno de la Ciudad de M\u00e9xico; el vocero Presidencial, Jes\u00fas Ram\u00edrez; la Fiscal General de la CDMX, Ernestina Godoy; los secretarios de Econom\u00eda, Energ\u00eda y Gobernaci\u00f3n, Raquel Buenrostro, Miguel \u00c1ngel Maciel y Luisa Mar\u00eda Alcalde, respectivamente, entre otros funcionarios del Gobierno local, diputados y senadores de Morena.<\/p>\n\n\n\n<p>\u201cQuien crea que puede ridiculizarme por provenir de este pueblo mexicano, no sabe la fuerza y la grandeza que me est\u00e1 atribuyendo. Fuerza y grandeza que recibo con esa dignidad. Ministra del pueblo me han dicho y es un enorme halago, una misi\u00f3n grande que acepto con honor y con responsabilidad\u201d, expres\u00f3 Batres<\/p>\n\n\n\n<p>El discurso de bienvenida para Batres Guadarrama corri\u00f3 a cargo de la Ministra Yasm\u00edn Esquivel, quien destac\u00f3 que por primera vez hay cinco mujeres en la SCJN, y que con la asunci\u00f3n de hoy suman 15 ministras en la historia, en contraste con m\u00e1s de 500 hombres que han ocupado el cargo en 200 a\u00f1os.<\/p>\n\n\n\n<p>Fuente: <a href=\"https:\/\/www.forbes.com.mx\/lenia-batres-asume-cargo-de-ministra-y-acusa-a-la-scjn-de-extralimitarse\/\">https:\/\/www.forbes.com.mx\/lenia-batres-asume-cargo-de-ministra-y-acusa-a-la-scjn-de-extralimitarse\/<\/a><\/p>\n","protected":false},"excerpt":{"rendered":"<p>Batres es la primera ministra que llega a la SCJN designada directamente por el poder Ejecutivo, ya que en dos [&hellip;]<\/p>\n","protected":false},"author":1,"featured_media":65901,"comment_status":"open","ping_status":"open","sticky":false,"template":"","format":"standard","meta":{"site-sidebar-layout":"default","site-content-layout":"","ast-site-content-layout":"default","site-content-style":"default","site-sidebar-style":"default","ast-global-header-display":"","ast-banner-title-visibility":"","ast-main-header-display":"","ast-hfb-above-header-display":"","ast-hfb-below-header-display":"","ast-hfb-mobile-header-display":"","site-post-title":"","ast-breadcrumbs-content":"","ast-featured-img":"","footer-sml-layout":"","theme-transparent-header-meta":"","adv-header-id-meta":"","stick-header-meta":"","header-above-stick-meta":"","header-main-stick-meta":"","header-below-stick-meta":"","astra-migrate-meta-layouts":"default","ast-page-background-enabled":"default","ast-page-background-meta":{"desktop":{"background-color":"var(--ast-global-color-4)","background-image":"","background-repeat":"repeat","background-position":"center center","background-size":"auto","background-attachment":"scroll","background-type":"","background-media":"","overlay-type":"","overlay-color":"","overlay-opacity":"","overlay-gradient":""},"tablet":{"background-color":"","background-image":"","background-repeat":"repeat","background-position":"center center","background-size":"auto","background-attachment":"scroll","background-type":"","background-media":"","overlay-type":"","overlay-color":"","overlay-opacity":"","overlay-gradient":""},"mobile":{"background-color":"","background-image":"","background-repeat":"repeat","background-position":"center center","background-size":"auto","background-attachment":"scroll","background-type":"","background-media":"","overlay-type":"","overlay-color":"","overlay-opacity":"","overlay-gradient":""}},"ast-content-background-meta":{"desktop":{"background-color":"var(--ast-global-color-5)","background-image":"","background-repeat":"repeat","background-position":"center center","background-size":"auto","background-attachment":"scroll","background-type":"","background-media":"","overlay-type":"","overlay-color":"","overlay-opacity":"","overlay-gradient":""},"tablet":{"background-color":"var(--ast-global-color-5)","background-image":"","background-repeat":"repeat","background-position":"center center","background-size":"auto","background-attachment":"scroll","background-type":"","background-media":"","overlay-type":"","overlay-color":"","overlay-opacity":"","overlay-gradient":""},"mobile":{"background-color":"var(--ast-global-color-5)","background-image":"","background-repeat":"repeat","background-position":"center center","background-size":"auto","background-attachment":"scroll","background-type":"","background-media":"","overlay-type":"","overlay-color":"","overlay-opacity":"","overlay-gradient":""}},"footnotes":""},"categories":[8],"tags":[20967,1136],"class_list":["post-65900","post","type-post","status-publish","format-standard","has-post-thumbnail","hentry","category-noticias","tag-lenia-batres","tag-scjn"],"_links":{"self":[{"href":"https:\/\/losperiodistas.com.mx\/portal\/wp-json\/wp\/v2\/posts\/65900","targetHints":{"allow":["GET"]}}],"collection":[{"href":"https:\/\/losperiodistas.com.mx\/portal\/wp-json\/wp\/v2\/posts"}],"about":[{"href":"https:\/\/losperiodistas.com.mx\/portal\/wp-json\/wp\/v2\/types\/post"}],"author":[{"embeddable":true,"href":"https:\/\/losperiodistas.com.mx\/portal\/wp-json\/wp\/v2\/users\/1"}],"replies":[{"embeddable":true,"href":"https:\/\/losperiodistas.com.mx\/portal\/wp-json\/wp\/v2\/comments?post=65900"}],"version-history":[{"count":1,"href":"https:\/\/losperiodistas.com.mx\/portal\/wp-json\/wp\/v2\/posts\/65900\/revisions"}],"predecessor-version":[{"id":65902,"href":"https:\/\/losperiodistas.com.mx\/portal\/wp-json\/wp\/v2\/posts\/65900\/revisions\/65902"}],"wp:featuredmedia":[{"embeddable":true,"href":"https:\/\/losperiodistas.com.mx\/portal\/wp-json\/wp\/v2\/media\/65901"}],"wp:attachment":[{"href":"https:\/\/losperiodistas.com.mx\/portal\/wp-json\/wp\/v2\/media?parent=65900"}],"wp:term":[{"taxonomy":"category","embeddable":true,"href":"https:\/\/losperiodistas.com.mx\/portal\/wp-json\/wp\/v2\/categories?post=65900"},{"taxonomy":"post_tag","embeddable":true,"href":"https:\/\/losperiodistas.com.mx\/portal\/wp-json\/wp\/v2\/tags?post=65900"}],"curies":[{"name":"wp","href":"https:\/\/api.w.org\/{rel}","templated":true}]}}