{"id":65891,"date":"2024-01-04T20:15:03","date_gmt":"2024-01-05T02:15:03","guid":{"rendered":"http:\/\/losperiodistas.com.mx\/portal\/?p=65891"},"modified":"2024-01-04T20:15:05","modified_gmt":"2024-01-05T02:15:05","slug":"francisco-javier-martinez-castillo-recibe-ordenacion-como-obispo-auxiliar-de-puebla-oem","status":"publish","type":"post","link":"https:\/\/losperiodistas.com.mx\/portal\/francisco-javier-martinez-castillo-recibe-ordenacion-como-obispo-auxiliar-de-puebla-oem\/","title":{"rendered":"Francisco Javier Mart\u00ednez Castillo recibe ordenaci\u00f3n como obispo auxiliar de Puebla | OEM"},"content":{"rendered":"\n<h3 class=\"wp-block-heading\">Mart\u00ednez Castillo fue designado como obispo auxiliar de Puebla por el Papa Francisco el pasado mes de octubre<\/h3>\n\n\n\n<figure class=\"wp-block-image size-large\"><img fetchpriority=\"high\" decoding=\"async\" width=\"1024\" height=\"726\" src=\"https:\/\/losperiodistas.com.mx\/portal\/wp-content\/uploads\/2024\/01\/Captura-de-pantalla-2024-01-04-a-las-8.08.39\u202fp.m.-1024x726.png\" alt=\"\" class=\"wp-image-65892\" srcset=\"https:\/\/losperiodistas.com.mx\/portal\/wp-content\/uploads\/2024\/01\/Captura-de-pantalla-2024-01-04-a-las-8.08.39\u202fp.m.-1024x726.png 1024w, https:\/\/losperiodistas.com.mx\/portal\/wp-content\/uploads\/2024\/01\/Captura-de-pantalla-2024-01-04-a-las-8.08.39\u202fp.m.-300x213.png 300w, https:\/\/losperiodistas.com.mx\/portal\/wp-content\/uploads\/2024\/01\/Captura-de-pantalla-2024-01-04-a-las-8.08.39\u202fp.m.-768x544.png 768w, https:\/\/losperiodistas.com.mx\/portal\/wp-content\/uploads\/2024\/01\/Captura-de-pantalla-2024-01-04-a-las-8.08.39\u202fp.m..png 1496w\" sizes=\"(max-width: 1024px) 100vw, 1024px\" \/><\/figure>\n\n\n\n<p><\/p>\n\n\n\n<p class=\"has-vivid-red-color has-text-color has-medium-font-size\"><strong>DANIELA HERN\u00c1NDEZ \/ EL SOL DE PUEBLA<\/strong><\/p>\n\n\n\n<p><strong>Francisco Javier Mart\u00ednez Castillo,<\/strong>&nbsp;quien fue nombrado como<strong>&nbsp;obispo auxiliar de Puebla<\/strong>&nbsp;por el Papa Francisco el pasado mes de octubre, recibi\u00f3 la<strong>&nbsp;ordenaci\u00f3n episcopal&nbsp;<\/strong>en la capital poblana.<\/p>\n\n\n\n<p>Con sede en el Centro Expositor, el arzobispo de Puebla,\u00a0<strong>V\u00edctor S\u00e1nchez Espinosa<\/strong>; el arzobispo em\u00e9rito de M\u00e9xico,<strong>\u00a0Norberto Rivera Carrera,<\/strong>\u00a0y\u00a0<strong>Joseph Spiteri,<\/strong>\u00a0nuncio apost\u00f3lico en M\u00e9xico, fueron los consagrantes de este acto.<\/p>\n\n\n\n<p>Durante su discurso, el nuevo obispo auxiliar, quien es originario del municipio poblano de&nbsp;<strong>Guadalupe Victoria,&nbsp;<\/strong>agradeci\u00f3 la presencia de diversos fieles de dicha comunidad, as\u00ed como a los devotos que lo acompa\u00f1aron durante su estancia en la Parroquia de Nuestra Se\u00f1ora de Guadalupe, en la colonia Volcanes.<\/p>\n\n\n\n<p><strong><em>\u201cManifiesto mi profunda gratitud al Papa Francisco por elegirme para este servicio episcopal en favor de la Iglesia, le renuevo mi total fidelidad, obediencia y comuni\u00f3n\u201d,<\/em><\/strong>&nbsp;expres\u00f3.<img decoding=\"async\" src=\"https:\/\/www.elsoldepuebla.com.mx\/local\/ahtbjc-francisco-javier-martinez-castillo-recibe-la-ordenacion-episcopal-en-puebla\/alternates\/FREE_720\/Francisco%20Javier%20Mart%C3%ADnez%20Castillo%20recibe%20la%20ordenaci%C3%B3n%20episcopal%20en%20Puebla\" alt=\"\"><\/p>\n\n\n\n<h4 class=\"wp-block-heading\">Foto: Bibiana D\u00edaz | El Sol de Puebla<\/h4>\n\n\n\n<p>El sitio en el que se realiz\u00f3 este evento<strong>&nbsp;luci\u00f3 abarrotado desde las 10:00 horas,<\/strong>&nbsp;una hora antes de que iniciara la ordenaci\u00f3n. A este llegaron personas de diversas comunidades del estado, as\u00ed como religiosas e integrantes de diversas di\u00f3cesis del pa\u00eds.<\/p>\n\n\n\n<p><a href=\"https:\/\/www.elsoldepuebla.com.mx\/local\/\">LOCAL<\/a><\/p>\n\n\n\n<figure class=\"wp-block-image\"><a href=\"https:\/\/www.elsoldepuebla.com.mx\/local\/arzobispo-de-puebla-lidera-la-misa-de-visperas-de-navidad-11194527.html\"><img decoding=\"async\" src=\"https:\/\/www.elsoldepuebla.com.mx\/local\/b3mscc-arzobispo-de-puebla-lidera-la-misa-de-visperas-de-navidad\/alternates\/LANDSCAPE_200\/Arzobispo%20de%20Puebla%20lidera%20la%20misa%20de%20v%C3%ADsperas%20de%20Navidad\" alt=\"\" title=\"Arzobispo de Puebla lidera la misa de v\u00edsperas de Navidad\"\/><\/a><\/figure>\n\n\n\n<p>Asimismo, asistieron diversas figuras pol\u00edticas, entre ellos<strong>&nbsp;Alejandro Armenta,<\/strong>&nbsp;precandidato a la gubernatura por la coalici\u00f3n \u201cSeguimos Haciendo Historia\u201d;&nbsp;<strong>Eduardo Rivera<\/strong>, precandidato por el mismo cargo de la coalici\u00f3n \u201cMejor rumbo para Puebla\u201d, y&nbsp;<strong>Javier Aquino Lim\u00f3n<\/strong>, secretario de Gobernaci\u00f3n estatal.<\/p>\n\n\n\n<p>Adem\u00e1s, asisti\u00f3 la rectora de la Benem\u00e9rita Universidad Aut\u00f3noma de Puebla (BUAP),\u00a0<strong>Lilia Cedillo Ram\u00edrez,\u00a0<\/strong>y el rector de la Universidad Popular Aut\u00f3noma del Estado de Puebla<\/p>\n\n\n\n<p>Fuente: <a href=\"https:\/\/www.elsoldepuebla.com.mx\/local\/francisco-javier-martinez-castillo-recibe-ordenacion-como-obispo-auxiliar-de-puebla-11237218.html\">https:\/\/www.elsoldepuebla.com.mx\/local\/francisco-javier-martinez-castillo-recibe-ordenacion-como-obispo-auxiliar-de-puebla-11237218.html<\/a><\/p>\n","protected":false},"excerpt":{"rendered":"<p>Mart\u00ednez Castillo fue designado como obispo auxiliar de Puebla por el Papa Francisco el pasado mes de octubre DANIELA HERN\u00c1NDEZ [&hellip;]<\/p>\n","protected":false},"author":1,"featured_media":65892,"comment_status":"open","ping_status":"open","sticky":false,"template":"","format":"standard","meta":{"site-sidebar-layout":"default","site-content-layout":"","ast-site-content-layout":"default","site-content-style":"default","site-sidebar-style":"default","ast-global-header-display":"","ast-banner-title-visibility":"","ast-main-header-display":"","ast-hfb-above-header-display":"","ast-hfb-below-header-display":"","ast-hfb-mobile-header-display":"","site-post-title":"","ast-breadcrumbs-content":"","ast-featured-img":"","footer-sml-layout":"","theme-transparent-header-meta":"","adv-header-id-meta":"","stick-header-meta":"","header-above-stick-meta":"","header-main-stick-meta":"","header-below-stick-meta":"","astra-migrate-meta-layouts":"default","ast-page-background-enabled":"default","ast-page-background-meta":{"desktop":{"background-color":"var(--ast-global-color-4)","background-image":"","background-repeat":"repeat","background-position":"center center","background-size":"auto","background-attachment":"scroll","background-type":"","background-media":"","overlay-type":"","overlay-color":"","overlay-opacity":"","overlay-gradient":""},"tablet":{"background-color":"","background-image":"","background-repeat":"repeat","background-position":"center center","background-size":"auto","background-attachment":"scroll","background-type":"","background-media":"","overlay-type":"","overlay-color":"","overlay-opacity":"","overlay-gradient":""},"mobile":{"background-color":"","background-image":"","background-repeat":"repeat","background-position":"center center","background-size":"auto","background-attachment":"scroll","background-type":"","background-media":"","overlay-type":"","overlay-color":"","overlay-opacity":"","overlay-gradient":""}},"ast-content-background-meta":{"desktop":{"background-color":"var(--ast-global-color-5)","background-image":"","background-repeat":"repeat","background-position":"center center","background-size":"auto","background-attachment":"scroll","background-type":"","background-media":"","overlay-type":"","overlay-color":"","overlay-opacity":"","overlay-gradient":""},"tablet":{"background-color":"var(--ast-global-color-5)","background-image":"","background-repeat":"repeat","background-position":"center center","background-size":"auto","background-attachment":"scroll","background-type":"","background-media":"","overlay-type":"","overlay-color":"","overlay-opacity":"","overlay-gradient":""},"mobile":{"background-color":"var(--ast-global-color-5)","background-image":"","background-repeat":"repeat","background-position":"center center","background-size":"auto","background-attachment":"scroll","background-type":"","background-media":"","overlay-type":"","overlay-color":"","overlay-opacity":"","overlay-gradient":""}},"footnotes":""},"categories":[8],"tags":[21369,6629,21370,21368],"class_list":["post-65891","post","type-post","status-publish","format-standard","has-post-thumbnail","hentry","category-noticias","tag-arquidiocesis-de-puebla","tag-arzobispo-victor-sanchez","tag-cardenal-norberto-rivera-carrera","tag-mons-francisco-javier-martinez-castillo"],"_links":{"self":[{"href":"https:\/\/losperiodistas.com.mx\/portal\/wp-json\/wp\/v2\/posts\/65891","targetHints":{"allow":["GET"]}}],"collection":[{"href":"https:\/\/losperiodistas.com.mx\/portal\/wp-json\/wp\/v2\/posts"}],"about":[{"href":"https:\/\/losperiodistas.com.mx\/portal\/wp-json\/wp\/v2\/types\/post"}],"author":[{"embeddable":true,"href":"https:\/\/losperiodistas.com.mx\/portal\/wp-json\/wp\/v2\/users\/1"}],"replies":[{"embeddable":true,"href":"https:\/\/losperiodistas.com.mx\/portal\/wp-json\/wp\/v2\/comments?post=65891"}],"version-history":[{"count":1,"href":"https:\/\/losperiodistas.com.mx\/portal\/wp-json\/wp\/v2\/posts\/65891\/revisions"}],"predecessor-version":[{"id":65893,"href":"https:\/\/losperiodistas.com.mx\/portal\/wp-json\/wp\/v2\/posts\/65891\/revisions\/65893"}],"wp:featuredmedia":[{"embeddable":true,"href":"https:\/\/losperiodistas.com.mx\/portal\/wp-json\/wp\/v2\/media\/65892"}],"wp:attachment":[{"href":"https:\/\/losperiodistas.com.mx\/portal\/wp-json\/wp\/v2\/media?parent=65891"}],"wp:term":[{"taxonomy":"category","embeddable":true,"href":"https:\/\/losperiodistas.com.mx\/portal\/wp-json\/wp\/v2\/categories?post=65891"},{"taxonomy":"post_tag","embeddable":true,"href":"https:\/\/losperiodistas.com.mx\/portal\/wp-json\/wp\/v2\/tags?post=65891"}],"curies":[{"name":"wp","href":"https:\/\/api.w.org\/{rel}","templated":true}]}}