{"id":65819,"date":"2024-01-03T16:38:26","date_gmt":"2024-01-03T22:38:26","guid":{"rendered":"http:\/\/losperiodistas.com.mx\/portal\/?p=65819"},"modified":"2024-01-03T16:38:28","modified_gmt":"2024-01-03T22:38:28","slug":"muere-francoise-bornet-la-protagonista-de-la-foto-del-beso-de-robert-doisneau-en-paris-el-confidencial","status":"publish","type":"post","link":"https:\/\/losperiodistas.com.mx\/portal\/muere-francoise-bornet-la-protagonista-de-la-foto-del-beso-de-robert-doisneau-en-paris-el-confidencial\/","title":{"rendered":"Muere Fran\u00e7oise Bornet, la protagonista de la foto del beso de Robert Doisneau en Par\u00eds | El Confidencial"},"content":{"rendered":"\n<h2 class=\"has-background has-medium-font-size wp-block-heading\" style=\"background-color:#f67af8\">Bornet pas\u00f3 a la eternidad por la instant\u00e1nea en blanco y negro con la que Robert Doisneau la capt\u00f3 besando al que era entonces su pareja, Jacques Corteaux, estudiante de arte dram\u00e1tico como ella<\/h2>\n\n\n\n<p><\/p>\n\n\n\n<figure class=\"wp-block-image size-large is-style-default\"><img fetchpriority=\"high\" decoding=\"async\" width=\"1024\" height=\"768\" src=\"https:\/\/losperiodistas.com.mx\/portal\/wp-content\/uploads\/2024\/01\/f.elconfidencial.com_original_940_38a_63b_94038a63bca77f58374ba1d2bb937c60-1024x768.jpg\" alt=\"\" class=\"wp-image-65820\" srcset=\"https:\/\/losperiodistas.com.mx\/portal\/wp-content\/uploads\/2024\/01\/f.elconfidencial.com_original_940_38a_63b_94038a63bca77f58374ba1d2bb937c60-1024x768.jpg 1024w, https:\/\/losperiodistas.com.mx\/portal\/wp-content\/uploads\/2024\/01\/f.elconfidencial.com_original_940_38a_63b_94038a63bca77f58374ba1d2bb937c60-300x225.jpg 300w, https:\/\/losperiodistas.com.mx\/portal\/wp-content\/uploads\/2024\/01\/f.elconfidencial.com_original_940_38a_63b_94038a63bca77f58374ba1d2bb937c60-768x576.jpg 768w, https:\/\/losperiodistas.com.mx\/portal\/wp-content\/uploads\/2024\/01\/f.elconfidencial.com_original_940_38a_63b_94038a63bca77f58374ba1d2bb937c60.jpg 1200w\" sizes=\"(max-width: 1024px) 100vw, 1024px\" \/><figcaption>&#8216;El beso frente al H\u00f4tel de ville&#8217;, Robert Doisneau. (1950) (Atelier Robert Doisneau, 2016)<\/figcaption><\/figure>\n\n\n\n<p>EFE \/ EL CONFIDENCIAL<\/p>\n\n\n\n<p><strong>Fran\u00e7oise Bornet,<\/strong>&nbsp;la protagonista de la famosa fotograf\u00eda del beso de&nbsp;<strong>Robert Doisneau<\/strong>&nbsp;junto al Ayuntamiento de Par\u00eds, falleci\u00f3 el pasado 25 de diciembre a los 93 a\u00f1os en \u00c9vreux (<a href=\"https:\/\/www.elconfidencial.com\/viajes\/2021-07-31\/monte-saint-michel-joya-inexpugnable-bretana_3203503\/\">Normand\u00eda<\/a>), inform\u00f3 este martes el diario franc\u00e9s&nbsp;<em>Le Parisien<\/em>.<br><br>Bornet, su apellido de casada, pas\u00f3 a la eternidad por la instant\u00e1nea en blanco y negro con la que&nbsp;<a href=\"https:\/\/www.elconfidencial.com\/cultura\/2015-01-24\/doisneau_627863\/\">Robert Doisneau<\/a>&nbsp;(1912-1994) la capt\u00f3 besando al que era entonces su pareja, Jacques Corteaux, estudiante de arte dram\u00e1tico como ella, en un lugar emblem\u00e1tico de la capital francesa.<\/p>\n\n\n\n<p>Ocurri\u00f3 en la primavera de 1950,<strong>&nbsp;cuando ella ten\u00eda apenas 20 a\u00f1os<\/strong>. A\u00fan estaban latentes los efectos de la posguerra, como reflejan los atuendos de los transe\u00fantes. La revista&nbsp;<em>Life&nbsp;<\/em><a href=\"https:\/\/www.elconfidencial.com\/multimedia\/album\/cultura\/2016-10-06\/doisneau-exposicion-el-beso-fundacion-canal-madrid_1270534#0\">hab\u00eda encargado a Doisneau<\/a>&nbsp;un reportaje sobre los enamorados de Par\u00eds y, en un principio, la fotograf\u00eda pas\u00f3 al olvido.<\/p>\n\n\n\n<p>M\u00e1s tarde,<strong>&nbsp;la pareja rompi\u00f3 su relaci\u00f3n<\/strong>. Bornet sigui\u00f3 en el teatro, donde interpret\u00f3 obras dirigidas por Fran\u00e7ois P\u00e9rier y Pierre Brasseur, y terminar\u00eda cas\u00e1ndose con quien sus allegados consideran que fue su gran amor, Alain Bornet.<\/p>\n\n\n\n<p>En los 80, postales, p\u00f3steres y tazas fueron los soportes donde aquel momento de pasi\u00f3n qued\u00f3 grabado como s\u00edmbolo del Par\u00eds rom\u00e1ntico<\/p>\n\n\n\n<p>En los a\u00f1os 80 con el auge del sector del marketing postales, p\u00f3steres y tazas fueron los soportes donde aquel momento de pasi\u00f3n de la pareja qued\u00f3 grabado como&nbsp;<strong>s\u00edmbolo del&nbsp;<a href=\"https:\/\/www.elconfidencial.com\/viajes\/2022-02-15\/que-ver-en-paris-viajes_3374011\/\">Par\u00eds<\/a>&nbsp;rom\u00e1ntico.<\/strong><\/p>\n\n\n\n<p>La explotaci\u00f3n comercial tambi\u00e9n llev\u00f3 a Bornet a<strong>\u00a0reclamar en 1993 un porcentaje<\/strong>\u00a0por la reproducci\u00f3n de su imagen. La Justicia, sin embargo, le\u00a0<strong>neg\u00f3 la comisi\u00f3n\u00a0<\/strong>que ped\u00eda, con el argumento de que\u00a0<strong>su cara no se reconoc\u00eda c<\/strong>on claridad al estar tapada por la de Corteaux.<\/p>\n\n\n\n<p>Fuente: <a href=\"https:\/\/www.elconfidencial.com\/cultura\/2024-01-02\/muere-francoise-bornet-protagonista-foto-beso-robert-doisneau-paris_3804264\/\">https:\/\/www.elconfidencial.com\/cultura\/2024-01-02\/muere-francoise-bornet-protagonista-foto-beso-robert-doisneau-paris_3804264\/<\/a><a href=\"https:\/\/twitter.com\/intent\/tweet?text=Muere+Fran%C3%A7oise+Bornet%2C+la+protagonista+de+la+foto+del+beso+de+Robert+Doisneau+en+Par%C3%ADs&amp;url=https%3A%2F%2Fwww.elconfidencial.com%2Fcultura%2F2024-01-02%2Fmuere-francoise-bornet-protagonista-foto-beso-robert-doisneau-paris_3804264%2F%3Futm_source%3Dtwitter%26utm_medium%3Dsocial%26utm_campaign%3DBotoneraWeb\" target=\"_blank\" rel=\"noreferrer noopener\"><\/a><\/p>\n","protected":false},"excerpt":{"rendered":"<p>Bornet pas\u00f3 a la eternidad por la instant\u00e1nea en blanco y negro con la que Robert Doisneau la capt\u00f3 besando [&hellip;]<\/p>\n","protected":false},"author":1,"featured_media":65820,"comment_status":"open","ping_status":"open","sticky":false,"template":"","format":"standard","meta":{"site-sidebar-layout":"default","site-content-layout":"","ast-site-content-layout":"default","site-content-style":"default","site-sidebar-style":"default","ast-global-header-display":"","ast-banner-title-visibility":"","ast-main-header-display":"","ast-hfb-above-header-display":"","ast-hfb-below-header-display":"","ast-hfb-mobile-header-display":"","site-post-title":"","ast-breadcrumbs-content":"","ast-featured-img":"","footer-sml-layout":"","theme-transparent-header-meta":"","adv-header-id-meta":"","stick-header-meta":"","header-above-stick-meta":"","header-main-stick-meta":"","header-below-stick-meta":"","astra-migrate-meta-layouts":"default","ast-page-background-enabled":"default","ast-page-background-meta":{"desktop":{"background-color":"var(--ast-global-color-4)","background-image":"","background-repeat":"repeat","background-position":"center center","background-size":"auto","background-attachment":"scroll","background-type":"","background-media":"","overlay-type":"","overlay-color":"","overlay-opacity":"","overlay-gradient":""},"tablet":{"background-color":"","background-image":"","background-repeat":"repeat","background-position":"center center","background-size":"auto","background-attachment":"scroll","background-type":"","background-media":"","overlay-type":"","overlay-color":"","overlay-opacity":"","overlay-gradient":""},"mobile":{"background-color":"","background-image":"","background-repeat":"repeat","background-position":"center center","background-size":"auto","background-attachment":"scroll","background-type":"","background-media":"","overlay-type":"","overlay-color":"","overlay-opacity":"","overlay-gradient":""}},"ast-content-background-meta":{"desktop":{"background-color":"var(--ast-global-color-5)","background-image":"","background-repeat":"repeat","background-position":"center center","background-size":"auto","background-attachment":"scroll","background-type":"","background-media":"","overlay-type":"","overlay-color":"","overlay-opacity":"","overlay-gradient":""},"tablet":{"background-color":"var(--ast-global-color-5)","background-image":"","background-repeat":"repeat","background-position":"center center","background-size":"auto","background-attachment":"scroll","background-type":"","background-media":"","overlay-type":"","overlay-color":"","overlay-opacity":"","overlay-gradient":""},"mobile":{"background-color":"var(--ast-global-color-5)","background-image":"","background-repeat":"repeat","background-position":"center center","background-size":"auto","background-attachment":"scroll","background-type":"","background-media":"","overlay-type":"","overlay-color":"","overlay-opacity":"","overlay-gradient":""}},"footnotes":""},"categories":[8],"tags":[21335,21334],"class_list":["post-65819","post","type-post","status-publish","format-standard","has-post-thumbnail","hentry","category-noticias","tag-el-beso-en-paris-1950","tag-murio-francoise-bornet"],"_links":{"self":[{"href":"https:\/\/losperiodistas.com.mx\/portal\/wp-json\/wp\/v2\/posts\/65819","targetHints":{"allow":["GET"]}}],"collection":[{"href":"https:\/\/losperiodistas.com.mx\/portal\/wp-json\/wp\/v2\/posts"}],"about":[{"href":"https:\/\/losperiodistas.com.mx\/portal\/wp-json\/wp\/v2\/types\/post"}],"author":[{"embeddable":true,"href":"https:\/\/losperiodistas.com.mx\/portal\/wp-json\/wp\/v2\/users\/1"}],"replies":[{"embeddable":true,"href":"https:\/\/losperiodistas.com.mx\/portal\/wp-json\/wp\/v2\/comments?post=65819"}],"version-history":[{"count":1,"href":"https:\/\/losperiodistas.com.mx\/portal\/wp-json\/wp\/v2\/posts\/65819\/revisions"}],"predecessor-version":[{"id":65821,"href":"https:\/\/losperiodistas.com.mx\/portal\/wp-json\/wp\/v2\/posts\/65819\/revisions\/65821"}],"wp:featuredmedia":[{"embeddable":true,"href":"https:\/\/losperiodistas.com.mx\/portal\/wp-json\/wp\/v2\/media\/65820"}],"wp:attachment":[{"href":"https:\/\/losperiodistas.com.mx\/portal\/wp-json\/wp\/v2\/media?parent=65819"}],"wp:term":[{"taxonomy":"category","embeddable":true,"href":"https:\/\/losperiodistas.com.mx\/portal\/wp-json\/wp\/v2\/categories?post=65819"},{"taxonomy":"post_tag","embeddable":true,"href":"https:\/\/losperiodistas.com.mx\/portal\/wp-json\/wp\/v2\/tags?post=65819"}],"curies":[{"name":"wp","href":"https:\/\/api.w.org\/{rel}","templated":true}]}}