{"id":65816,"date":"2024-01-03T16:29:59","date_gmt":"2024-01-03T22:29:59","guid":{"rendered":"http:\/\/losperiodistas.com.mx\/portal\/?p=65816"},"modified":"2024-01-03T16:30:01","modified_gmt":"2024-01-03T22:30:01","slug":"rescatan-a-los-31-migrantes-secuestrados-en-mexico-durante-su-viaje-en-autobus-a-la-frontera-con-estados-unidos-bbc","status":"publish","type":"post","link":"https:\/\/losperiodistas.com.mx\/portal\/rescatan-a-los-31-migrantes-secuestrados-en-mexico-durante-su-viaje-en-autobus-a-la-frontera-con-estados-unidos-bbc\/","title":{"rendered":"Rescatan a los 31 migrantes secuestrados en M\u00e9xico durante su viaje en autob\u00fas a la frontera con Estados Unidos | BBC"},"content":{"rendered":"\n<figure class=\"wp-block-image size-full is-style-default\"><img fetchpriority=\"high\" decoding=\"async\" width=\"800\" height=\"450\" src=\"https:\/\/losperiodistas.com.mx\/portal\/wp-content\/uploads\/2024\/01\/5dcc13c0-aa5d-11ee-bd5b-b7e73221c7ce.jpg\" alt=\"\" class=\"wp-image-65817\" srcset=\"https:\/\/losperiodistas.com.mx\/portal\/wp-content\/uploads\/2024\/01\/5dcc13c0-aa5d-11ee-bd5b-b7e73221c7ce.jpg 800w, https:\/\/losperiodistas.com.mx\/portal\/wp-content\/uploads\/2024\/01\/5dcc13c0-aa5d-11ee-bd5b-b7e73221c7ce-300x169.jpg 300w, https:\/\/losperiodistas.com.mx\/portal\/wp-content\/uploads\/2024\/01\/5dcc13c0-aa5d-11ee-bd5b-b7e73221c7ce-768x432.jpg 768w\" sizes=\"(max-width: 800px) 100vw, 800px\" \/><figcaption>GETTY<\/figcaption><\/figure>\n\n\n\n<p class=\"has-vivid-red-color has-text-color has-medium-font-size\"><strong>BBC NEWS<\/strong><\/p>\n\n\n\n<p><strong>Los 31 migrantes latinoamericanos de varias nacionalidades que fueron secuestrados el pasado s\u00e1bado en el estado mexicano de Tamaulipas fueron rescatados sanos y salvos este mi\u00e9rcoles.<\/strong><\/p>\n\n\n\n<p>\u00abAcaba de informarnos el gobernador Am\u00e9rico Villareal que fueron rescatados sanos y salvos los 31 migrantes secuestrados en Tamaulipas. Gracias a las autoridades del Estado, a la guardia nacional y a las fuerzas armadas\u00bb, anunci\u00f3 en su cuenta de X (antes Twitter) la secretaria de gobernaci\u00f3n del gobierno de M\u00e9xico, Luisa Alcalde.<\/p>\n\n\n\n<p>Los migrantes \u00abya est\u00e1n en manos de las autoridades y se les hace la revisi\u00f3n m\u00e9dica correspondiente\u00bb, indic\u00f3, por su parte, Jes\u00fas Ram\u00edrez Cuevas, portavoz de Presidencia de M\u00e9xico.<\/p>\n\n\n\n<p>Asegur\u00f3 que el rescate fue posible gracias a<strong>\u00a0la coordinaci\u00f3n de las fuerzas federales y las autoridades estatales<\/strong>\u00a0de Tamaulipas.<\/p>\n\n\n\n<p>Los migrantes viajaban el s\u00e1bado en un autob\u00fas que los llevaba a la l\u00ednea divisoria entre ambos pa\u00edses, cuando fueron detenidos por hombres armados.<\/p>\n\n\n\n<p>Estos subieron al veh\u00edculo,&nbsp;<strong>capturaron a 31 personas apunta de pistola y dejaron libres al conductor y a otros pasajeros mexicanos<\/strong>, que alertaron a la polic\u00eda.<\/p>\n\n\n\n<p>Los migrantes suelen ser el objetivo de grupos mafiosos, que los retienen hasta que sus familias pagan el rescate.<\/p>\n\n\n\n<p>Las v\u00edctimas viajaban en un autob\u00fas comercial operado por la empresa Senda, que los llevaba desde la ciudad industrial de Monterrey hasta Matamoros, junto a la frontera con Estados Unidos.<\/p>\n\n\n\n<h2 class=\"wp-block-heading\" id=\"Varias-nacionalidades\">Varias nacionalidades<\/h2>\n\n\n\n<p>El gobierno mexicano indic\u00f3 este mi\u00e9rcoles que entre los secuestrados hab\u00eda personas de varias nacionalidades:&nbsp;<strong>venezolanos, ecuatorianos, hondure\u00f1os, colombianos y mexicanos<\/strong>.<\/p>\n\n\n\n<figure class=\"wp-block-image is-style-default\"><img decoding=\"async\" src=\"https:\/\/ichef.bbci.co.uk\/news\/640\/cpsprodpb\/7455\/live\/7ef889a0-aa5a-11ee-8f07-bbfdfa890097.jpg\" alt=\"L\u00f3pez Obrador\"\/><figcaption>Pie de foto,L\u00f3pez Obrador se pronunci\u00f3 sobre el caso.<\/figcaption><\/figure>\n\n\n\n<p>La secretaria de Seguridad y Protecci\u00f3n Ciudadana, Rosa Icela Rodr\u00edguez, especific\u00f3 que el incidente se produjo \u201cen la autopista Reynosa-Matamoros en el kil\u00f3metro 6, pasando la caseta de cobro\u201d.<\/p>\n\n\n\n<p>Los criminales obligaron \u201ca 31 de los 36 pasajeros que viajaban en el mismo (autob\u00fas) a bajarse y a abordar cinco camionetas\u201d, detall\u00f3.<\/p>\n\n\n\n<p>La Fiscal\u00eda del Estado de Tamaulipas lider\u00f3 la investigaci\u00f3n junto con el gobierno de M\u00e9xico, con la participaci\u00f3n de la Guardia Nacional y las secretar\u00edas de Defensa, Marina y Seguridad.<\/p>\n\n\n\n<p>Las autoridades llevaron a cabo<strong>&nbsp;un rastreo de los tel\u00e9fonos<\/strong>&nbsp;para hallar a las personas involucradas en el rapto y analizaron im\u00e1genes de v\u00eddeo del autob\u00fas y usan perros rastreadores para buscar pistas sobre el paradero de los secuestrados.<\/p>\n\n\n\n<p>Rodr\u00edguez destac\u00f3 que el elevado n\u00famero de secuestrados era inusual.<\/p>\n\n\n\n<p>\u201cEste tipo de eventos se daba con uno, dos o tres migrantes, pero&nbsp;<strong>este n\u00famero en esa zona es at\u00edpico<\/strong>. No es una cuesti\u00f3n que se est\u00e9 dando frecuentemente, pero nosotros tenemos confianza en que el operativo de b\u00fasqueda tendr\u00e1 resultados, esperemos que m\u00e1s pronto que tarde\u201d, afirm\u00f3, previamente al rescate.<\/p>\n\n\n\n<h2 class=\"wp-block-heading\" id=\"Secuestros-en-aumento\">Secuestros en aumento<\/h2>\n\n\n\n<p>Se desconoce de momento qu\u00e9 organizaci\u00f3n delictiva estuvo detr\u00e1s de este incidente.<\/p>\n\n\n\n<p>Defensores de los derechos de los migrantes han advertido en las \u00faltimas semanas de&nbsp;<strong>un aumento de los secuestros<\/strong>&nbsp;para pedir rescate.<\/p>\n\n\n\n<p>El padre Francisco Gallardo, sacerdote cat\u00f3lico que dirige un refugio para inmigrantes en la ciudad de Matamoros, declar\u00f3 que los secuestros colectivos se han convertido en algo com\u00fan.<\/p>\n\n\n\n<p>Indic\u00f3 que los migrantes que llegaban a su refugio le contaron c\u00f3mo los delincuentes&nbsp;<strong>raptaban a familias enteras y amenazaban con matar a sus miembros&nbsp;<\/strong>si sus parientes no pagaban un rescate de varios cientos o miles de d\u00f3lares.<\/p>\n\n\n\n<p>El estado de Tamaulipas, donde se encuentra Matamoros, es conocido desde hace mucho tiempo por la violencia que sufren los migrantes.<\/p>\n\n\n\n<p>En 2010 fue escenario de una de las peores masacres, cuando miembros de Los Zetas secuestraron a 72 personas de Am\u00e9rica del Sur y Centroam\u00e9rica, y las mataron por negarse a trabajar para el cartel.<\/p>\n\n\n\n<p>Debido al peligroso viaje a trav\u00e9s de M\u00e9xico, algunos tratan de buscar seguridad uni\u00e9ndose a caravanas de migrantes, grandes grupos de personas que se dirigen a la frontera, muchas veces a pie.<\/p>\n\n\n\n<figure class=\"wp-block-image is-style-default\"><img decoding=\"async\" src=\"https:\/\/ichef.bbci.co.uk\/news\/640\/cpsprodpb\/dd68\/live\/015c7880-aa5a-11ee-8f07-bbfdfa890097.jpg\" alt=\"Imagen de la \u00faltima caravana de migrantes, compuesta por personas de varias nacionalidades.\"\/><figcaption>Pie de foto,Imagen de la \u00faltima caravana de migrantes, compuesta por personas de varias nacionalidades.<\/figcaption><\/figure>\n\n\n\n<p>Una de esas caravanas, con unas 7.000 personas, parti\u00f3 de la ciudad sure\u00f1a de Tapachula en Nochebuena.<\/p>\n\n\n\n<p>Sin embargo, el martes el grupo se dispers\u00f3 y la mayor\u00eda acept\u00f3 una oferta para abordar autobuses hacia un centro de atenci\u00f3n a migrantes en la ciudad sure\u00f1a de Mapastepec.<\/p>\n\n\n\n<p><strong>Estados Unidos ha presionado a M\u00e9xico<\/strong>&nbsp;para buscar modos de reducir el n\u00famero de migrantes que tratan de llegar a la frontera.<\/p>\n\n\n\n<p>L\u00f3pez Obrador asegur\u00f3 haber llegado a \u00abacuerdos importantes\u00bb en una reuni\u00f3n con el secretario de Estado de Estados Unidos, Antony Blinken, la semana pasada en Ciudad de M\u00e9xico, pero no especific\u00f3 cu\u00e1les fueron los pactos.<\/p>\n\n\n\n<p>Entre enero y noviembre del a\u00f1o pasado se registr\u00f3 la cifra r\u00e9cord de 2,2 millones de migrantes que intentaron llegar a la frontera de EE.UU, seg\u00fan los \u00faltimos datos de la Oficina de Aduanas y Protecci\u00f3n Fronteriza (CBP).<\/p>\n\n\n\n<p>Fuente: <a href=\"https:\/\/www.bbc.com\/mundo\/articles\/c84282pd9z4o\">https:\/\/www.bbc.com\/mundo\/articles\/c84282pd9z4o<\/a><\/p>\n","protected":false},"excerpt":{"rendered":"<p>BBC NEWS Los 31 migrantes latinoamericanos de varias nacionalidades que fueron secuestrados el pasado s\u00e1bado en el estado mexicano de [&hellip;]<\/p>\n","protected":false},"author":1,"featured_media":65817,"comment_status":"open","ping_status":"open","sticky":false,"template":"","format":"standard","meta":{"site-sidebar-layout":"default","site-content-layout":"","ast-site-content-layout":"default","site-content-style":"default","site-sidebar-style":"default","ast-global-header-display":"","ast-banner-title-visibility":"","ast-main-header-display":"","ast-hfb-above-header-display":"","ast-hfb-below-header-display":"","ast-hfb-mobile-header-display":"","site-post-title":"","ast-breadcrumbs-content":"","ast-featured-img":"","footer-sml-layout":"","theme-transparent-header-meta":"","adv-header-id-meta":"","stick-header-meta":"","header-above-stick-meta":"","header-main-stick-meta":"","header-below-stick-meta":"","astra-migrate-meta-layouts":"default","ast-page-background-enabled":"default","ast-page-background-meta":{"desktop":{"background-color":"var(--ast-global-color-4)","background-image":"","background-repeat":"repeat","background-position":"center center","background-size":"auto","background-attachment":"scroll","background-type":"","background-media":"","overlay-type":"","overlay-color":"","overlay-opacity":"","overlay-gradient":""},"tablet":{"background-color":"","background-image":"","background-repeat":"repeat","background-position":"center center","background-size":"auto","background-attachment":"scroll","background-type":"","background-media":"","overlay-type":"","overlay-color":"","overlay-opacity":"","overlay-gradient":""},"mobile":{"background-color":"","background-image":"","background-repeat":"repeat","background-position":"center center","background-size":"auto","background-attachment":"scroll","background-type":"","background-media":"","overlay-type":"","overlay-color":"","overlay-opacity":"","overlay-gradient":""}},"ast-content-background-meta":{"desktop":{"background-color":"var(--ast-global-color-5)","background-image":"","background-repeat":"repeat","background-position":"center center","background-size":"auto","background-attachment":"scroll","background-type":"","background-media":"","overlay-type":"","overlay-color":"","overlay-opacity":"","overlay-gradient":""},"tablet":{"background-color":"var(--ast-global-color-5)","background-image":"","background-repeat":"repeat","background-position":"center center","background-size":"auto","background-attachment":"scroll","background-type":"","background-media":"","overlay-type":"","overlay-color":"","overlay-opacity":"","overlay-gradient":""},"mobile":{"background-color":"var(--ast-global-color-5)","background-image":"","background-repeat":"repeat","background-position":"center center","background-size":"auto","background-attachment":"scroll","background-type":"","background-media":"","overlay-type":"","overlay-color":"","overlay-opacity":"","overlay-gradient":""}},"footnotes":""},"categories":[8],"tags":[16331,4372],"class_list":["post-65816","post","type-post","status-publish","format-standard","has-post-thumbnail","hentry","category-noticias","tag-migrantes-secuestrados","tag-tamaulipas"],"_links":{"self":[{"href":"https:\/\/losperiodistas.com.mx\/portal\/wp-json\/wp\/v2\/posts\/65816","targetHints":{"allow":["GET"]}}],"collection":[{"href":"https:\/\/losperiodistas.com.mx\/portal\/wp-json\/wp\/v2\/posts"}],"about":[{"href":"https:\/\/losperiodistas.com.mx\/portal\/wp-json\/wp\/v2\/types\/post"}],"author":[{"embeddable":true,"href":"https:\/\/losperiodistas.com.mx\/portal\/wp-json\/wp\/v2\/users\/1"}],"replies":[{"embeddable":true,"href":"https:\/\/losperiodistas.com.mx\/portal\/wp-json\/wp\/v2\/comments?post=65816"}],"version-history":[{"count":1,"href":"https:\/\/losperiodistas.com.mx\/portal\/wp-json\/wp\/v2\/posts\/65816\/revisions"}],"predecessor-version":[{"id":65818,"href":"https:\/\/losperiodistas.com.mx\/portal\/wp-json\/wp\/v2\/posts\/65816\/revisions\/65818"}],"wp:featuredmedia":[{"embeddable":true,"href":"https:\/\/losperiodistas.com.mx\/portal\/wp-json\/wp\/v2\/media\/65817"}],"wp:attachment":[{"href":"https:\/\/losperiodistas.com.mx\/portal\/wp-json\/wp\/v2\/media?parent=65816"}],"wp:term":[{"taxonomy":"category","embeddable":true,"href":"https:\/\/losperiodistas.com.mx\/portal\/wp-json\/wp\/v2\/categories?post=65816"},{"taxonomy":"post_tag","embeddable":true,"href":"https:\/\/losperiodistas.com.mx\/portal\/wp-json\/wp\/v2\/tags?post=65816"}],"curies":[{"name":"wp","href":"https:\/\/api.w.org\/{rel}","templated":true}]}}