{"id":65792,"date":"2024-01-03T07:33:35","date_gmt":"2024-01-03T13:33:35","guid":{"rendered":"http:\/\/losperiodistas.com.mx\/portal\/?p=65792"},"modified":"2024-01-03T07:33:35","modified_gmt":"2024-01-03T13:33:35","slug":"el-silencio-del-capitan-marcos-el-pais","status":"publish","type":"post","link":"https:\/\/losperiodistas.com.mx\/portal\/el-silencio-del-capitan-marcos-el-pais\/","title":{"rendered":"El silencio del capit\u00e1n Marcos | El Pa\u00eds"},"content":{"rendered":"\n<h2 class=\"has-vivid-red-background-color has-background has-medium-font-size wp-block-heading\">El antiguo subcomandante del EZLN reaparece en el 30\u00ba aniversario del alzamiento ind\u00edgena pero alejado de los focos, sin pronunciar una palabra como parte de su nuevo rol en la guerrilla<\/h2>\n\n\n\n<figure class=\"wp-block-image size-large is-style-default\"><img fetchpriority=\"high\" decoding=\"async\" width=\"1024\" height=\"683\" src=\"https:\/\/losperiodistas.com.mx\/portal\/wp-content\/uploads\/2024\/01\/Captura-de-Pantalla-2024-01-03-a-las-7.25.34-1024x683.jpg\" alt=\"\" class=\"wp-image-65793\" srcset=\"https:\/\/losperiodistas.com.mx\/portal\/wp-content\/uploads\/2024\/01\/Captura-de-Pantalla-2024-01-03-a-las-7.25.34-1024x683.jpg 1024w, https:\/\/losperiodistas.com.mx\/portal\/wp-content\/uploads\/2024\/01\/Captura-de-Pantalla-2024-01-03-a-las-7.25.34-300x200.jpg 300w, https:\/\/losperiodistas.com.mx\/portal\/wp-content\/uploads\/2024\/01\/Captura-de-Pantalla-2024-01-03-a-las-7.25.34-768x512.jpg 768w, https:\/\/losperiodistas.com.mx\/portal\/wp-content\/uploads\/2024\/01\/Captura-de-Pantalla-2024-01-03-a-las-7.25.34-1536x1024.jpg 1536w, https:\/\/losperiodistas.com.mx\/portal\/wp-content\/uploads\/2024\/01\/Captura-de-Pantalla-2024-01-03-a-las-7.25.34-2048x1365.jpg 2048w\" sizes=\"(max-width: 1024px) 100vw, 1024px\" \/><figcaption>El capitan Marcos asiste al 30 aniversario del Ej\u00e9rcito Zapatista de Liberaci\u00f3n Nacional, en Dolores Hidalgo (Chiapas), el 1 de enero de 2024.NAYELI CRUZ<\/figcaption><\/figure>\n\n\n\n<p class=\"has-vivid-red-color has-text-color has-medium-font-size\"><strong>ALEJANDRO SANTOS CID \/ EL PA\u00cdS<\/strong><\/p>\n\n\n\n<p>El capit\u00e1n ya no da \u00f3rdenes. No quiere dejarse ver demasiado. Tampoco hablar en p\u00fablico. Quiz\u00e1 anda un poco mustio porque \u00e9l, antes, no era capit\u00e1n. Era subcomandante.&nbsp;<a href=\"https:\/\/elpais.com\/mexico\/2023-10-31\/la-segunda-muerte-del-subcomandante-marcos.html\">El subcomandante Marcos<\/a>&nbsp;\u2014el&nbsp;<em>sup\u2019,&nbsp;<\/em>para los amigos\u2014. Luego se cambi\u00f3 el apodo de guerra, se puso Galeano, pero segu\u00eda siendo subcomandante. Ahora ya no, se ha degradado, o le han degradado. Por lo menos ha podido recuperar su nombre. El caso es que el guerrillero m\u00e1s famoso de la historia \u2014con el permiso del Che\u2014 ya no es la cara visible del&nbsp;<a href=\"https:\/\/elpais.com\/mexico\/2024-01-01\/y-los-muertos-de-siempre-gritaron-basta-30-anos-del-alzamiento-indigena-que-reescribio-mexico.html\">Ej\u00e9rcito Zapatista de Liberaci\u00f3n Nacional<\/a>&nbsp;(EZLN). O al menos eso intenta, porque por mucho que insista en que \u00e9l ya no manda, a la gente le da un poco igual. El tipo del pasamonta\u00f1as y la pipa humeante sigue acaparando todas las miradas. Es la \u00faltima estrella del rock viva de la izquierda. Que a estas alturas \u2014la muerte de las ideolog\u00edas, el capitalismo salvaje y todo eso\u2014 quiz\u00e1 no es mucho decir.<\/p>\n\n\n\n<p>El capit\u00e1n insurgente Marcos \u2014as\u00ed se llama ahora con nombre y apellidos\u2014 ha vuelto a dejarse ver, despu\u00e9s de mucho tiempo sin hacerlo,&nbsp;<a href=\"https:\/\/elpais.com\/mexico\/2024-01-02\/en-el-30-aniversario-de-la-rebelion-del-ezln-no-necesitamos-matar-a-los-soldados-y-a-los-malos-gobiernos-pero-si-vienen-nos-vamos-a-defender.html\">en el 30\u00ba aniversario del alzamiento del 1 de enero de 1994<\/a>, en el \u201cCaracol Resistencia y Rebeld\u00eda: Un Nuevo Horizonte\u201d, en el poblado de Dolores Hidalgo. En el v\u00e9rtigo verde y nebuloso de las monta\u00f1as de Chiapas, para m\u00e1s se\u00f1as, un paisaje que bien vale una revoluci\u00f3n.https:\/\/imasdk.googleapis.com\/js\/core\/bridge3.609.1_en.html#goog_1439368288<\/p>\n\n\n\n<p>Las cosas han cambiado mucho desde entonces. En aquella \u00e9poca, Marcos era el rostro \u2014el pasamonta\u00f1as\u2014 del EZLN, el portavoz, el s\u00edmbolo indiscutible de la insurgencia ind\u00edgena que declar\u00f3 la guerra al Gobierno de Carlos Salinas de Gortari. Pero los a\u00f1os han ido pasando y el viejo subcomandante se ha cansado de las entrevistas y los focos. Desde 2013, el principal mando del movimiento es el subcomandante Mois\u00e9s, que fue quien se encarg\u00f3 de dar el discurso la noche del 31 de diciembre.<\/p>\n\n\n\n<figure class=\"wp-block-image is-style-default\"><img decoding=\"async\" src=\"https:\/\/imagenes.elpais.com\/resizer\/TKMLsoatsVlAR6rhoLxPtJoaxRA=\/414x0\/cloudfront-eu-central-1.images.arcpublishing.com\/prisa\/IPJ7FZ4HKRE55MG32LXWAFAATA.jpg\" alt=\"El subcomandante Mois\u00e9s y el capit\u00e1n Marcos durante el 30\u00ba aniversario del alzamiento zapatista. \"\/><figcaption>El subcomandante Mois\u00e9s y el capit\u00e1n Marcos durante el 30\u00ba aniversario del alzamiento zapatista.NAYELI CRUZ<\/figcaption><\/figure>\n\n\n\n<p>Con su renovada aversi\u00f3n por las primeras planas, uno se imagina a un Marcos ermita\u00f1o en una caba\u00f1a de la selva Lacandona escribiendo sus emblem\u00e1ticos comunicados a ritmo de Keny Arkana, Le\u00f3n Gieco, Pante\u00f3n Rococo, Los \u00c1ngeles Azules o Joe Cocker \u2014artistas recientemente incluidos en sus publicaciones en Enlace Zapatista\u2014. Incluso ha dado instrucciones de c\u00f3mo se deben bailar: \u201c\u00a1Pista raza! Un pasito pa delante, uno pa tras. Cadera. Giro. Ahora de lado. Giro. Repite. \u00a1Vooooy! El \u00f3xido, oiga, el \u00f3xido. \u00bfUna polka? \u00bfO un corrido tumbado? Digo, para apoyar a los antrop\u00f3logos. \u00a1\u00bfOnt\u00e1n mi sombrero y mis botas vaqueras?! \u00bfNo les digo? Haiga cosa\u201d.<\/p>\n\n\n\n<p>Ah\u00ed s\u00ed, con papel y l\u00e1piz, no ha dejado de pronunciarse sobre el estado de Chiapas, M\u00e9xico y el mundo, con su habitual prosa par\u00f3dica y malencarada, inteligente y mordaz. En sus \u00faltimos textos, ha escrito de cosas como&nbsp;<a href=\"https:\/\/enlacezapatista.ezln.org.mx\/2023\/12\/10\/dieciochoava-parte-la-rabia\/\">la rabia<\/a>&nbsp;\u2014\u201c\u00bfy si alguna vez, en el inconcluso libro de la historia, alguien mira una luz, cualquiera, que, sin aspavientos ni consignas, se\u00f1ale \u2018esta luz la pari\u00f3 la rabia\u2019?\u201d\u2014,&nbsp;<a href=\"https:\/\/enlacezapatista.ezln.org.mx\/2023\/12\/06\/diecisieteava-parte-nunca-mas\/\" target=\"_blank\" rel=\"noreferrer noopener\">la memoria&nbsp;<\/a>\u2014\u201cy, queridos amigos y enemigos, pocas cosas son tan subversivas como la memoria\u201d\u2014 o las madres buscadoras \u2014\u201csu necia dignidad ense\u00f1a y muestra el camino\u201d\u2014.<\/p>\n\n\n\n<h3 class=\"wp-block-heading\">En la \u00faltima fila<\/h3>\n\n\n\n<p>Pero de vuelta a la noche del 31 de diciembre, en su discurso, Mois\u00e9s habl\u00f3 de la importancia de los hechos frente a las palabras, de no humanizar al capitalismo y organizarse contra \u00e9l, de practicar una vida en com\u00fan. Tambi\u00e9n record\u00f3, por si a alguien se le hab\u00eda olvidado, que la guerrilla est\u00e1 dispuesta a hacer la guerra, a pesar de que hasta ahora ha apostado por la v\u00eda pac\u00edfica, las escuelas y los hospitales antes que los campos de tiro: \u201cNo necesitamos matar a los soldados y a los malos gobiernos, pero si vienen, nos vamos a defender\u201d.<\/p>\n\n\n\n<p>Mientras tanto, Marcos no dejaba de chupar su incombustible pipa \u2014nunca para de fumar, debe hacerlo hasta en la ducha\u2014 sentado con la espalda contra la pared detr\u00e1s de Mois\u00e9s, en la cuarta fila de una hilera de sillas con el resto de la comandancia del EZLN. Se puso en la \u00faltima fila y en el medio, de manera que los objetivos de las c\u00e1maras tuvieran que afilar la mirada para dar con \u00e9l entre un mar de cabezas encapuchadas.<\/p>\n\n\n\n<p>Un rato antes, hab\u00eda llegado sin hacer mucho ruido por la puerta de atr\u00e1s. Lo delat\u00f3 una columna de milicianas formadas en la oscuridad que habr\u00edan de rodearlo para evitar acercamientos indeseados. Tambi\u00e9n las volutas de humo que iba escupiendo tras saborearlas con fruici\u00f3n. Se lo ve\u00eda algo desfondado, lejos de la figura atl\u00e9tica que dio la vuelta al mundo durante aquellos 12 d\u00edas de guerra en 1994. Los a\u00f1os no pasan en balde para nadie y Marcos ya est\u00e1 bien entrado en la sesentena.<\/p>\n\n\n\n<figure class=\"wp-block-image is-style-default\"><img decoding=\"async\" src=\"https:\/\/imagenes.elpais.com\/resizer\/njiSBXYuJsPdg81SW_oaJg9Q3tY=\/414x0\/cloudfront-eu-central-1.images.arcpublishing.com\/prisa\/R4EIM5O3VNEYZKARYF74CEMI4U.JPG\" alt=\"Una comunidad de mujeres otom\u00edes regala dos mu\u00f1ecas zapatistas el capit\u00e1n Marcos. \"\/><figcaption>Una comunidad de mujeres otom\u00edes regala dos mu\u00f1ecas zapatistas el capit\u00e1n Marcos.NAYELI CRUZ<\/figcaption><\/figure>\n\n\n\n<p>Un periodista se acerc\u00f3 para fotografiarlo. El haz rojo de la c\u00e1mara ilumin\u00f3 un instante el pasamonta\u00f1as; \u00e9l, autom\u00e1ticamente, se llev\u00f3 la mano a la cara como si espantara una mosca y pidi\u00f3 que no le sacaran fotos en un aspaviento que parec\u00eda enfadado \u2014es dif\u00edcil saberlo a ciencia cierta: de nuevo, el pasamonta\u00f1as\u2014.<\/p>\n\n\n\n<p>En el escenario, el capit\u00e1n contempl\u00f3 el desfile-baile a ritmo de cumbias y ska que hicieron las milicianas y los milicianos, maniobras militares en la oscuridad, y escuch\u00f3 las palabras de Mois\u00e9s. Cuando el subcomandante acab\u00f3 su discurso, explotaron fuegos artificiales, mitad para celebrar, mitad como se\u00f1uelo mientras Marcos volv\u00eda a desaparecer entre la noche, flanqueado por las milicianas hasta el interior de una caba\u00f1a de madera.<\/p>\n\n\n\n<p>Al d\u00eda siguiente, volvi\u00f3 a dejarse ver por la tarde, en otro pase del desfile de los guerrilleros. En otro momento, un colectivo de mujeres otom\u00edes, vestidas con sus mejores galas, le regalaron unas mu\u00f1ecas artesanales con la estrella roja y las siglas del EZLN. Lo abrazaron una a una. Ah\u00ed s\u00ed, el capit\u00e1n sonri\u00f3. Y poco m\u00e1s.<\/p>\n\n\n\n<h3 class=\"wp-block-heading\">Marcos y el romanticismo idealista<\/h3>\n\n\n\n<p>El intento de Marcos de alejarse de los focos viene de tiempo atr\u00e1s, cuando todav\u00eda era subcomandante. Desde los primeros d\u00edas del alzamiento, las c\u00e1maras mostraron predilecci\u00f3n por \u00e9l frente al resto de sus compa\u00f1eros, lo que no deja de ser paradigm\u00e1tico, ya que \u00e9l era de los pocos milicianos no ind\u00edgenas en una guerrilla de tzotziles, tzeltales, choles, tojolabales, mames y zoques. Ten\u00eda carisma \u2014aunque no le gustaba el adjetivo\u2014y su propia manera de moldear palabras.<\/p>\n\n\n\n<p>Sus escritos rebosaban recursos literarios, referencias tanto de intelectuales de alto calibre como de la cultura pop, frases memorables y un corrosivo humor autopar\u00f3dico, algo poco com\u00fan en la habitual solemnidad revolucionaria. \u201cLo que pasa es que la imagen de Marcos responde a unas expectativas rom\u00e1nticas, idealistas. O sea, es el hombre blanco, en el medio ind\u00edgena, m\u00e1s cercano a lo que el inconsciente colectivo tiene como referencia: Robin Hood, Juan Charrasqueado, etc\u00e9tera\u201d, le dijo una vez al tambi\u00e9n m\u00edtico periodista Julio Scherer Garc\u00eda. \u201cCr\u00e9eme que somos mucho m\u00e1s mediocres de lo que la gente piensa\u201d, a\u00f1adi\u00f3.<\/p>\n\n\n\n<figure class=\"wp-block-image is-style-default\"><img decoding=\"async\" src=\"https:\/\/imagenes.elpais.com\/resizer\/q1BHbN3UbAey34mBfKh501P9O10=\/414x0\/filters:focal(1503x759:1513x769)\/cloudfront-eu-central-1.images.arcpublishing.com\/prisa\/2OIFAX3IO5CUFCKZAEBEJYTXAQ.JPG\" alt=\"El capit\u00e1n Marcos durante el 30\u00ba aniversario del alzamiento zapatista. \"\/><figcaption>El capit\u00e1n Marcos durante el 30\u00ba aniversario del alzamiento zapatista.NAYELI CRUZ<\/figcaption><\/figure>\n\n\n\n<p><a href=\"https:\/\/enlacezapatista.ezln.org.mx\/2001\/03\/10\/subcamandante-marcos-entrevista-con-julio-scherer\/\" target=\"_blank\" rel=\"noreferrer noopener\">En aquella entrevista<\/a>, en 2001, Scherer le pregunt\u00f3 a Marcos por sus fallos. \u00c9l respondi\u00f3: \u201cEl error fundamental de Marcos es no haber cuidado \u2014y yo lo perdono porque soy yo, y si no lo perdono yo, pues qui\u00e9n lo perdona, \u00bfno?\u2014, no haber previsto esta personalizaci\u00f3n y protagonismo que muchas veces, si no es que la mayor\u00eda de ellas, impide ver qu\u00e9 es lo que est\u00e1 detr\u00e1s\u201d. La conversaci\u00f3n se produjo en el \u00e1mbito de \u201cLa marcha del color de la tierra\u201d, cuando el entonces subcomandante entr\u00f3 vitoreado en un abarrotado Z\u00f3calo a bordo del remolque de un cami\u00f3n para exigir al presidente Vicente Fox que cumpliera los Acuerdos de San Andr\u00e9s (1996) y aprobara en el Congreso la autonom\u00eda de los pueblos ind\u00edgenas.<\/p>\n\n\n\n<p>En 2006, durante \u201cLa otra campa\u00f1a\u201d, una traves\u00eda en la que los zapatistas recorrieron el pa\u00eds para tratar de formar un frente de izquierdas al margen del que se presentaba a las elecciones presidenciales de aquel a\u00f1o, intent\u00f3 por primera vez dejar atr\u00e1s el personaje de Marcos. Se autonombr\u00f3 Delegado Zero, pero el nuevo apodo no cuaj\u00f3 y la prensa sigui\u00f3 con la matraca de subcomandante Marcos, para su disgusto.&nbsp;<a href=\"https:\/\/elpais.com\/internacional\/2014\/06\/13\/actualidad\/1402694232_132052.html\" target=\"_blank\" rel=\"noreferrer noopener\">En 2014 se renombr\u00f3 subcomandante Galeano<\/a>, en honor a un profesor zapatista asesinado. El nuevo apodo de guerra ha perdurado hasta el pasado octubre, cuando anunci\u00f3 la muerte metaf\u00f3rica de Galeano y recuper\u00f3 a Marcos, con la consabida degradaci\u00f3n a capit\u00e1n.<\/p>\n\n\n\n<p>En realidad, Marcos ni siquiera se llam\u00f3 Marcos al nacer \u2014aunque \u00e9l dice que renaci\u00f3 el 1 de enero de 1994\u2014. A finales de ese a\u00f1o, el reci\u00e9n investido presidente Ernesto Zedillo desnud\u00f3 al entonces subcomandante de su pasamonta\u00f1as frente a todo el pa\u00eds en un intento por deslegitimar su figura ante el masivo apoyo popular que el EZLN estaba recibiendo. Por ese entonces, el Gobierno negociaba con los guerrilleros, y minar el personaje de Marcos ayudar\u00eda a desequilibrar la balanza a su favor. No funcion\u00f3 muy bien. Seg\u00fan Zedillo, la identidad oculta tras la capucha era la de Rafael Sebasti\u00e1n Guill\u00e9n Vicente, nacido en Tamaulipas en 1957, hermano de una pol\u00edtica del PRI. Fue estudiante \u2014y m\u00e1s tarde profesor\u2014 de filosof\u00eda en la UNAM, donde gan\u00f3 premios por su desempe\u00f1o acad\u00e9mico.<\/p>\n\n\n\n<p>En 2001 confes\u00f3 a la periodista Concha Garc\u00eda Campoy en su programa de la radio espa\u00f1ola&nbsp;<em>Onda Cero&nbsp;<\/em>quepas\u00f3un tiempo en Espa\u00f1a,&nbsp;<a href=\"https:\/\/elpais.com\/diario\/2001\/03\/19\/ultima\/984956401_850215.html\">donde trabaj\u00f3 en una tasca y en El Corte Ingl\u00e9s<\/a>: \u201cMe echaron de El Corte Ingl\u00e9s porque vend\u00eda m\u00e1s barato de lo que pon\u00edan las etiquetas, y de la tasca, porque me empe\u00f1\u00e9 en bailar flamenco\u201d. Semejante experiencia extrema lo llev\u00f3 finalmente a volver a M\u00e9xico, dejar los libros de \u00e9tica y metaf\u00edsica y echarse a los montes chiapanecos, de los que ya no ha vuelto a bajar.<\/p>\n\n\n\n<figure class=\"wp-block-image is-style-default\"><img decoding=\"async\" src=\"https:\/\/imagenes.elpais.com\/resizer\/Qr-C59WoK8xTLFH2IrtXpjY77DU=\/414x0\/cloudfront-eu-central-1.images.arcpublishing.com\/prisa\/IU4AT67XNBE5PNOI4LYYEYQXPY.jpg\" alt=\"El capit\u00e1n Marcos en el templete del caracol VIII Dolores Hidalgo.\"\/><figcaption>El capit\u00e1n Marcos en el templete del caracol VIII Dolores Hidalgo.NAYELI CRUZ<\/figcaption><\/figure>\n\n\n\n<p><a href=\"https:\/\/plus.elpais.com\/newsletters\/lnp\/1\/348\"><em><strong>Suscr\u00edbase aqu\u00ed<\/strong><\/em><\/a><em>a la newsletter de EL PA\u00cdS M\u00e9xico y reciba todas las claves informativas de la actualidad de este pa\u00eds<\/em><\/p>\n\n\n\n<p><\/p>\n\n\n\n<p>Fuente: <a href=\"https:\/\/elpais.com\/mexico\/2024-01-03\/el-silencio-del-capitan-marcos.html\">https:\/\/elpais.com\/mexico\/2024-01-03\/el-silencio-del-capitan-marcos.html<\/a><\/p>\n","protected":false},"excerpt":{"rendered":"<p>El antiguo subcomandante del EZLN reaparece en el 30\u00ba aniversario del alzamiento ind\u00edgena pero alejado de los focos, sin pronunciar [&hellip;]<\/p>\n","protected":false},"author":1,"featured_media":65793,"comment_status":"open","ping_status":"open","sticky":false,"template":"","format":"standard","meta":{"site-sidebar-layout":"default","site-content-layout":"","ast-site-content-layout":"default","site-content-style":"default","site-sidebar-style":"default","ast-global-header-display":"","ast-banner-title-visibility":"","ast-main-header-display":"","ast-hfb-above-header-display":"","ast-hfb-below-header-display":"","ast-hfb-mobile-header-display":"","site-post-title":"","ast-breadcrumbs-content":"","ast-featured-img":"","footer-sml-layout":"","theme-transparent-header-meta":"","adv-header-id-meta":"","stick-header-meta":"","header-above-stick-meta":"","header-main-stick-meta":"","header-below-stick-meta":"","astra-migrate-meta-layouts":"default","ast-page-background-enabled":"default","ast-page-background-meta":{"desktop":{"background-color":"var(--ast-global-color-4)","background-image":"","background-repeat":"repeat","background-position":"center center","background-size":"auto","background-attachment":"scroll","background-type":"","background-media":"","overlay-type":"","overlay-color":"","overlay-opacity":"","overlay-gradient":""},"tablet":{"background-color":"","background-image":"","background-repeat":"repeat","background-position":"center center","background-size":"auto","background-attachment":"scroll","background-type":"","background-media":"","overlay-type":"","overlay-color":"","overlay-opacity":"","overlay-gradient":""},"mobile":{"background-color":"","background-image":"","background-repeat":"repeat","background-position":"center center","background-size":"auto","background-attachment":"scroll","background-type":"","background-media":"","overlay-type":"","overlay-color":"","overlay-opacity":"","overlay-gradient":""}},"ast-content-background-meta":{"desktop":{"background-color":"var(--ast-global-color-5)","background-image":"","background-repeat":"repeat","background-position":"center center","background-size":"auto","background-attachment":"scroll","background-type":"","background-media":"","overlay-type":"","overlay-color":"","overlay-opacity":"","overlay-gradient":""},"tablet":{"background-color":"var(--ast-global-color-5)","background-image":"","background-repeat":"repeat","background-position":"center center","background-size":"auto","background-attachment":"scroll","background-type":"","background-media":"","overlay-type":"","overlay-color":"","overlay-opacity":"","overlay-gradient":""},"mobile":{"background-color":"var(--ast-global-color-5)","background-image":"","background-repeat":"repeat","background-position":"center center","background-size":"auto","background-attachment":"scroll","background-type":"","background-media":"","overlay-type":"","overlay-color":"","overlay-opacity":"","overlay-gradient":""}},"footnotes":""},"categories":[8],"tags":[21325,2051,21326],"class_list":["post-65792","post","type-post","status-publish","format-standard","has-post-thumbnail","hentry","category-noticias","tag-capitan-marcos","tag-ezln","tag-galeano"],"_links":{"self":[{"href":"https:\/\/losperiodistas.com.mx\/portal\/wp-json\/wp\/v2\/posts\/65792","targetHints":{"allow":["GET"]}}],"collection":[{"href":"https:\/\/losperiodistas.com.mx\/portal\/wp-json\/wp\/v2\/posts"}],"about":[{"href":"https:\/\/losperiodistas.com.mx\/portal\/wp-json\/wp\/v2\/types\/post"}],"author":[{"embeddable":true,"href":"https:\/\/losperiodistas.com.mx\/portal\/wp-json\/wp\/v2\/users\/1"}],"replies":[{"embeddable":true,"href":"https:\/\/losperiodistas.com.mx\/portal\/wp-json\/wp\/v2\/comments?post=65792"}],"version-history":[{"count":1,"href":"https:\/\/losperiodistas.com.mx\/portal\/wp-json\/wp\/v2\/posts\/65792\/revisions"}],"predecessor-version":[{"id":65794,"href":"https:\/\/losperiodistas.com.mx\/portal\/wp-json\/wp\/v2\/posts\/65792\/revisions\/65794"}],"wp:featuredmedia":[{"embeddable":true,"href":"https:\/\/losperiodistas.com.mx\/portal\/wp-json\/wp\/v2\/media\/65793"}],"wp:attachment":[{"href":"https:\/\/losperiodistas.com.mx\/portal\/wp-json\/wp\/v2\/media?parent=65792"}],"wp:term":[{"taxonomy":"category","embeddable":true,"href":"https:\/\/losperiodistas.com.mx\/portal\/wp-json\/wp\/v2\/categories?post=65792"},{"taxonomy":"post_tag","embeddable":true,"href":"https:\/\/losperiodistas.com.mx\/portal\/wp-json\/wp\/v2\/tags?post=65792"}],"curies":[{"name":"wp","href":"https:\/\/api.w.org\/{rel}","templated":true}]}}