{"id":65786,"date":"2024-01-03T07:04:41","date_gmt":"2024-01-03T13:04:41","guid":{"rendered":"http:\/\/losperiodistas.com.mx\/portal\/?p=65786"},"modified":"2024-01-03T07:04:43","modified_gmt":"2024-01-03T13:04:43","slug":"francisco-la-guerra-es-una-locura-siempre-es-una-derrota-vatican-news","status":"publish","type":"post","link":"https:\/\/losperiodistas.com.mx\/portal\/francisco-la-guerra-es-una-locura-siempre-es-una-derrota-vatican-news\/","title":{"rendered":"Francisco: la guerra es una locura, siempre es una derrota | Vatican News"},"content":{"rendered":"\n<p class=\"has-luminous-vivid-amber-background-color has-background has-medium-font-size\">Desde el Aula Pablo VI, en la audiencia general, se eleva de nuevo la s\u00faplica del Papa por todos los pueblos en conflicto. En particular, el Pont\u00edfice recuerda Palestina, Israel, Ucrania: \u00abNo olvidemos a los rohingya que son perseguidos\u00bb. Un pensamiento por las v\u00edctimas del terremoto y de la colisi\u00f3n a\u00e9rea en Jap\u00f3n.<\/p>\n\n\n\n<figure class=\"wp-block-image size-large is-style-default\"><img fetchpriority=\"high\" decoding=\"async\" width=\"1024\" height=\"576\" src=\"https:\/\/losperiodistas.com.mx\/portal\/wp-content\/uploads\/2024\/01\/cq5dam.thumbnail.cropped.1500.844-1024x576.jpeg\" alt=\"\" class=\"wp-image-65787\" srcset=\"https:\/\/losperiodistas.com.mx\/portal\/wp-content\/uploads\/2024\/01\/cq5dam.thumbnail.cropped.1500.844-1024x576.jpeg 1024w, https:\/\/losperiodistas.com.mx\/portal\/wp-content\/uploads\/2024\/01\/cq5dam.thumbnail.cropped.1500.844-300x169.jpeg 300w, https:\/\/losperiodistas.com.mx\/portal\/wp-content\/uploads\/2024\/01\/cq5dam.thumbnail.cropped.1500.844-768x432.jpeg 768w, https:\/\/losperiodistas.com.mx\/portal\/wp-content\/uploads\/2024\/01\/cq5dam.thumbnail.cropped.1500.844.jpeg 1500w\" sizes=\"(max-width: 1024px) 100vw, 1024px\" \/><figcaption>El Papa Francisco en la primera audiencia general del 2024\u00a0 (VATICAN MEDIA Divisione Foto)<\/figcaption><\/figure>\n\n\n\n<p class=\"has-vivid-red-color has-text-color has-medium-font-size\"><strong>ANTONELLA PALERMO \/ VATICAN NEWS<\/strong><\/p>\n\n\n\n<blockquote class=\"wp-block-quote is-layout-flow wp-block-quote-is-layout-flow\"><p>No olvidemos a los pueblos que est\u00e1n en guerra. La guerra es una locura. Siempre la guerra es una derrota, siempre una derrota\u201d<\/p><\/blockquote>\n\n\n\n<p>Las palabras del Papa Francisco en la primera audiencia general de 2024 en el Aula Pablo VI siguen resonando con un tono de s\u00faplica por el don de la paz.<\/p>\n\n\n\n<h2 class=\"wp-block-heading\">El llamamiento del Papa por los pueblos en guerra y perseguidos<\/h2>\n\n\n\n<p>Al final de la catequesis, el Pont\u00edfice invit\u00f3 en particular a rezar por el drama que se est\u00e1 viviendo en Oriente Medio y en el coraz\u00f3n de Europa. Y a\u00f1adi\u00f3 finalmente un pensamiento por una poblaci\u00f3n sobre la que ha hablado muchas veces.<\/p>\n\n\n\n<blockquote class=\"wp-block-quote is-layout-flow wp-block-quote-is-layout-flow\"><p>\u201cRecemos por las poblaciones de Palestina, Israel, Ucrania y tantos otros lugares donde hay guerra. Y no olvidemos a nuestros hermanos y hermanas rohingya, que son perseguidos\u201d<\/p><\/blockquote>\n\n\n\n<h2 class=\"wp-block-heading\">Pedir un coraz\u00f3n sensible hacia los pobres y los refugiados<\/h2>\n\n\n\n<p>Al saludar a los peregrinos polacos, el Papa los invit\u00f3 a rezar a Dios \u00abpara que nos conceda un coraz\u00f3n sensible a las necesidades de los pobres, de los refugiados y de las v\u00edctimas de la guerra\u00bb. Por intercesi\u00f3n de Mar\u00eda, Madre de Dios -a\u00f1adi\u00f3-, pido al Se\u00f1or el don de la paz, y los bendigo de coraz\u00f3n\u00bb. Adem\u00e1s, dirigiendo un afectuoso saludo a los confirmandos y adolescentes de la di\u00f3cesis de Latina, los exhort\u00f3 a que, como Mar\u00eda, mediten y sigan al Verbo que se hizo carne en Bel\u00e9n, \u00abpara difundir entre sus amigos y compa\u00f1eros el mensaje del bien y de la paz\u00bb. Y tambi\u00e9n de paz habl\u00f3 a los fieles de lengua \u00e1rabe, invit\u00e1ndolos, con el inicio del nuevo a\u00f1o, a mantener \u00abla oraci\u00f3n y la penitencia\u00bb para que podamos \u00abencontrar all\u00ed la paz y la alegr\u00eda que Dios quiere para nosotros\u00bb. Que el Se\u00f1or los bendiga a todos -concluy\u00f3- y los proteja siempre de todo mal\u00bb.LEA TAMBI\u00c9N<a href=\"https:\/\/www.vaticannews.va\/es\/papa\/news\/2024-01\/papa-francisco-audiencia-general-catequesis-vicios-virtudes-2024.html\"><\/a>03\/01\/2024<\/p>\n\n\n\n<h2 class=\"wp-block-heading\"><a href=\"https:\/\/www.vaticannews.va\/es\/papa\/news\/2024-01\/papa-francisco-audiencia-general-catequesis-vicios-virtudes-2024.html\">El Papa en la catequesis: El cristiano no est\u00e1 solo en la lucha contra las tentaciones<\/a><\/h2>\n\n\n\n<h2 class=\"wp-block-heading\">Oraci\u00f3n por las v\u00edctimas de Jap\u00f3n<\/h2>\n\n\n\n<p>En su saludo a los peregrinos de lengua inglesa, el Papa rez\u00f3 tambi\u00e9n por las v\u00edctimas y los socorristas del terremoto de Jap\u00f3n, dirigiendo adem\u00e1s su pensamiento a quienes trabajan para reparar los da\u00f1os y las muertes causadas por la colisi\u00f3n de un avi\u00f3n que tuvo lugar en el pa\u00eds asi\u00e1tico, en Tokio. El n\u00famero de v\u00edctimas mortales del terremoto de fin de a\u00f1o ha ascendido a 64, pero la situaci\u00f3n es extremadamente precaria, ya que varios temblores m\u00e1s siguen sacudiendo la tierra en esta regi\u00f3n. Un se\u00edsmo de magnitud 5,5 se registr\u00f3 a las 10.54 hora local (2.54 en Italia) en la regi\u00f3n de Noto, en la prefectura de Ishikawa, a una profundidad de 10 kil\u00f3metros. No se han emitido alertas de tsunami. \u00abCasi ninguna de las casas est\u00e1 en pie. Est\u00e1n parcial o totalmente destruidas\u00bb, declar\u00f3 Masuhiro Izumiya, alcalde de la ciudad de Suzu, que sufri\u00f3 grandes da\u00f1os.<\/p>\n\n\n\n<p>Fuente: <a href=\"https:\/\/www.vaticannews.va\/es\/papa\/news\/2024-01\/papa-francisco-audiencia-general-guerra-locura-derrota.html\">https:\/\/www.vaticannews.va\/es\/papa\/news\/2024-01\/papa-francisco-audiencia-general-guerra-locura-derrota.html<\/a><a href=\"https:\/\/www.comunicazione.va\/en\/sostienici\/es.html\" target=\"_blank\" rel=\"noreferrer noopener\"><\/a><\/p>\n","protected":false},"excerpt":{"rendered":"<p>Desde el Aula Pablo VI, en la audiencia general, se eleva de nuevo la s\u00faplica del Papa por todos los [&hellip;]<\/p>\n","protected":false},"author":1,"featured_media":65787,"comment_status":"open","ping_status":"open","sticky":false,"template":"","format":"standard","meta":{"site-sidebar-layout":"default","site-content-layout":"","ast-site-content-layout":"default","site-content-style":"default","site-sidebar-style":"default","ast-global-header-display":"","ast-banner-title-visibility":"","ast-main-header-display":"","ast-hfb-above-header-display":"","ast-hfb-below-header-display":"","ast-hfb-mobile-header-display":"","site-post-title":"","ast-breadcrumbs-content":"","ast-featured-img":"","footer-sml-layout":"","theme-transparent-header-meta":"","adv-header-id-meta":"","stick-header-meta":"","header-above-stick-meta":"","header-main-stick-meta":"","header-below-stick-meta":"","astra-migrate-meta-layouts":"default","ast-page-background-enabled":"default","ast-page-background-meta":{"desktop":{"background-color":"var(--ast-global-color-4)","background-image":"","background-repeat":"repeat","background-position":"center center","background-size":"auto","background-attachment":"scroll","background-type":"","background-media":"","overlay-type":"","overlay-color":"","overlay-opacity":"","overlay-gradient":""},"tablet":{"background-color":"","background-image":"","background-repeat":"repeat","background-position":"center center","background-size":"auto","background-attachment":"scroll","background-type":"","background-media":"","overlay-type":"","overlay-color":"","overlay-opacity":"","overlay-gradient":""},"mobile":{"background-color":"","background-image":"","background-repeat":"repeat","background-position":"center center","background-size":"auto","background-attachment":"scroll","background-type":"","background-media":"","overlay-type":"","overlay-color":"","overlay-opacity":"","overlay-gradient":""}},"ast-content-background-meta":{"desktop":{"background-color":"var(--ast-global-color-5)","background-image":"","background-repeat":"repeat","background-position":"center center","background-size":"auto","background-attachment":"scroll","background-type":"","background-media":"","overlay-type":"","overlay-color":"","overlay-opacity":"","overlay-gradient":""},"tablet":{"background-color":"var(--ast-global-color-5)","background-image":"","background-repeat":"repeat","background-position":"center center","background-size":"auto","background-attachment":"scroll","background-type":"","background-media":"","overlay-type":"","overlay-color":"","overlay-opacity":"","overlay-gradient":""},"mobile":{"background-color":"var(--ast-global-color-5)","background-image":"","background-repeat":"repeat","background-position":"center center","background-size":"auto","background-attachment":"scroll","background-type":"","background-media":"","overlay-type":"","overlay-color":"","overlay-opacity":"","overlay-gradient":""}},"footnotes":""},"categories":[8],"tags":[21322,9128,21321,21323],"class_list":["post-65786","post","type-post","status-publish","format-standard","has-post-thumbnail","hentry","category-noticias","tag-condena-guerra","tag-japon","tag-papa-francisco-audiencia-2024","tag-udrania"],"_links":{"self":[{"href":"https:\/\/losperiodistas.com.mx\/portal\/wp-json\/wp\/v2\/posts\/65786","targetHints":{"allow":["GET"]}}],"collection":[{"href":"https:\/\/losperiodistas.com.mx\/portal\/wp-json\/wp\/v2\/posts"}],"about":[{"href":"https:\/\/losperiodistas.com.mx\/portal\/wp-json\/wp\/v2\/types\/post"}],"author":[{"embeddable":true,"href":"https:\/\/losperiodistas.com.mx\/portal\/wp-json\/wp\/v2\/users\/1"}],"replies":[{"embeddable":true,"href":"https:\/\/losperiodistas.com.mx\/portal\/wp-json\/wp\/v2\/comments?post=65786"}],"version-history":[{"count":1,"href":"https:\/\/losperiodistas.com.mx\/portal\/wp-json\/wp\/v2\/posts\/65786\/revisions"}],"predecessor-version":[{"id":65788,"href":"https:\/\/losperiodistas.com.mx\/portal\/wp-json\/wp\/v2\/posts\/65786\/revisions\/65788"}],"wp:featuredmedia":[{"embeddable":true,"href":"https:\/\/losperiodistas.com.mx\/portal\/wp-json\/wp\/v2\/media\/65787"}],"wp:attachment":[{"href":"https:\/\/losperiodistas.com.mx\/portal\/wp-json\/wp\/v2\/media?parent=65786"}],"wp:term":[{"taxonomy":"category","embeddable":true,"href":"https:\/\/losperiodistas.com.mx\/portal\/wp-json\/wp\/v2\/categories?post=65786"},{"taxonomy":"post_tag","embeddable":true,"href":"https:\/\/losperiodistas.com.mx\/portal\/wp-json\/wp\/v2\/tags?post=65786"}],"curies":[{"name":"wp","href":"https:\/\/api.w.org\/{rel}","templated":true}]}}