{"id":65780,"date":"2024-01-03T06:35:40","date_gmt":"2024-01-03T12:35:40","guid":{"rendered":"http:\/\/losperiodistas.com.mx\/portal\/?p=65780"},"modified":"2024-01-03T06:35:42","modified_gmt":"2024-01-03T12:35:42","slug":"mexico-acaba-la-travesia-de-la-caravana-de-miles-de-migrantes-que-comenzo-en-nochebuena-euronews","status":"publish","type":"post","link":"https:\/\/losperiodistas.com.mx\/portal\/mexico-acaba-la-travesia-de-la-caravana-de-miles-de-migrantes-que-comenzo-en-nochebuena-euronews\/","title":{"rendered":"M\u00e9xico | Acaba la traves\u00eda de la caravana de miles de migrantes que comenz\u00f3 en Nochebuena | Euronews"},"content":{"rendered":"\n<p class=\"has-background has-medium-font-size\" style=\"background-color:#5dd2f1\"><strong>Tras avanzar cerca de 105 kil\u00f3metros, se han entregado a los agentes del Instituto Nacional de Migraci\u00f3n en el municipio de Mapastepec, en el estado de Chiapas.<\/strong><\/p>\n\n\n\n<figure class=\"wp-block-image size-large is-style-default\"><img fetchpriority=\"high\" decoding=\"async\" width=\"1024\" height=\"576\" src=\"https:\/\/losperiodistas.com.mx\/portal\/wp-content\/uploads\/2024\/01\/1920x1080_cmsv2_8a52c226-ea34-5727-b8b9-85f4368f60bc-8147656-1024x576.jpg\" alt=\"\" class=\"wp-image-65781\" srcset=\"https:\/\/losperiodistas.com.mx\/portal\/wp-content\/uploads\/2024\/01\/1920x1080_cmsv2_8a52c226-ea34-5727-b8b9-85f4368f60bc-8147656-1024x576.jpg 1024w, https:\/\/losperiodistas.com.mx\/portal\/wp-content\/uploads\/2024\/01\/1920x1080_cmsv2_8a52c226-ea34-5727-b8b9-85f4368f60bc-8147656-300x169.jpg 300w, https:\/\/losperiodistas.com.mx\/portal\/wp-content\/uploads\/2024\/01\/1920x1080_cmsv2_8a52c226-ea34-5727-b8b9-85f4368f60bc-8147656-768x432.jpg 768w, https:\/\/losperiodistas.com.mx\/portal\/wp-content\/uploads\/2024\/01\/1920x1080_cmsv2_8a52c226-ea34-5727-b8b9-85f4368f60bc-8147656-1536x864.jpg 1536w, https:\/\/losperiodistas.com.mx\/portal\/wp-content\/uploads\/2024\/01\/1920x1080_cmsv2_8a52c226-ea34-5727-b8b9-85f4368f60bc-8147656.jpg 1920w\" sizes=\"(max-width: 1024px) 100vw, 1024px\" \/><figcaption>Imagen de la caravana de migrantes\u00a0&#8211;\u00a0Derechos de autor\u00a0Edgar H. Clemente\/Copyright 2023 The AP. All rights reserved<\/figcaption><\/figure>\n\n\n\n<p class=\"has-vivid-red-color has-text-color has-medium-font-size\"><strong>REDACCI\u00d3N EURONEWS<\/strong><\/p>\n\n\n\n<p>La extensa&nbsp;<strong>caravana de miles de migrantes<\/strong>, que parti\u00f3 desde Tapachula, la frontera sur de M\u00e9xico, en la v\u00edspera de Navidad de 2023, concluy\u00f3 su recorrido este martes luego de haber avanzado alrededor de 105 kil\u00f3metros y haberse entregado a los agentes del&nbsp;<strong>Instituto Nacional de Migraci\u00f3n<\/strong>&nbsp;(INM) en el municipio de Mapastepec, estado de Chiapas.<\/p>\n\n\n\n<p>Despu\u00e9s de marchar durante nueve d\u00edas, el gran grupo de&nbsp;<strong>migrantes<\/strong>&nbsp;opt\u00f3 por abordar los autobuses del INM para someterse a un proceso migratorio en las instalaciones del Sistema Nacional para el Desarrollo Integral de la Familia (DIF), ubicado a unos 50 kil\u00f3metros de Mapastepec, cerca de la aduana de Huixtla.<\/p>\n\n\n\n<p>Antes de abordar, los agentes migratorios extendieron una invitaci\u00f3n a subir a los veh\u00edculos de manera voluntaria, priorizando a ni\u00f1os, madres, mujeres y personas vulnerables.<a href=\"https:\/\/es.euronews.com\/2024\/01\/01\/kim-jong-un-ordena-a-su-ejercito-aniquilar-completamente-a-eeuu-y-corea-del-sur-si-le-prov?utm_source=connatix&amp;utm_medium=referral&amp;traffic_source=Connatix\"><\/a><\/p>\n\n\n\n<p>Algunos hombres migrantes que viajaban solos inicialmente rechazaron ser trasladados, prefiriendo continuar caminando hacia Pijijiapan en lugar de regresar a Huixtla, que se encuentra a unos 50 kil\u00f3metros de&nbsp;<strong>Tapachula<\/strong>.<\/p>\n\n\n\n<p>Hasta el momento, m\u00e1s de 600 migrantes han aceptado subirse a alrededor de 12 autobuses, mientras las autoridades siguen organizando el traslado de las familias.<\/p>\n\n\n\n<p>La\u00a0<strong>Oficina de Aduanas y Protecci\u00f3n Fronteriza de Estados Unidos<\/strong>\u00a0(CBP, por sus siglas en ingl\u00e9s) confirm\u00f3 la semana pasada la llegada de m\u00e1s de 2,2 millones de migrantes entre enero y noviembre del a\u00f1o pasado.<\/p>\n\n\n\n<p>Fuente: <a href=\"https:\/\/es.euronews.com\/2024\/01\/03\/mexico-acaba-la-travesia-de-la-caravana-de-miles-de-migrantes-que-comenzo-en-nochebuena\">https:\/\/es.euronews.com\/2024\/01\/03\/mexico-acaba-la-travesia-de-la-caravana-de-miles-de-migrantes-que-comenzo-en-nochebuena<\/a><\/p>\n","protected":false},"excerpt":{"rendered":"<p>Tras avanzar cerca de 105 kil\u00f3metros, se han entregado a los agentes del Instituto Nacional de Migraci\u00f3n en el municipio [&hellip;]<\/p>\n","protected":false},"author":1,"featured_media":65781,"comment_status":"open","ping_status":"open","sticky":false,"template":"","format":"standard","meta":{"site-sidebar-layout":"default","site-content-layout":"","ast-site-content-layout":"default","site-content-style":"default","site-sidebar-style":"default","ast-global-header-display":"","ast-banner-title-visibility":"","ast-main-header-display":"","ast-hfb-above-header-display":"","ast-hfb-below-header-display":"","ast-hfb-mobile-header-display":"","site-post-title":"","ast-breadcrumbs-content":"","ast-featured-img":"","footer-sml-layout":"","theme-transparent-header-meta":"","adv-header-id-meta":"","stick-header-meta":"","header-above-stick-meta":"","header-main-stick-meta":"","header-below-stick-meta":"","astra-migrate-meta-layouts":"default","ast-page-background-enabled":"default","ast-page-background-meta":{"desktop":{"background-color":"var(--ast-global-color-4)","background-image":"","background-repeat":"repeat","background-position":"center center","background-size":"auto","background-attachment":"scroll","background-type":"","background-media":"","overlay-type":"","overlay-color":"","overlay-opacity":"","overlay-gradient":""},"tablet":{"background-color":"","background-image":"","background-repeat":"repeat","background-position":"center center","background-size":"auto","background-attachment":"scroll","background-type":"","background-media":"","overlay-type":"","overlay-color":"","overlay-opacity":"","overlay-gradient":""},"mobile":{"background-color":"","background-image":"","background-repeat":"repeat","background-position":"center center","background-size":"auto","background-attachment":"scroll","background-type":"","background-media":"","overlay-type":"","overlay-color":"","overlay-opacity":"","overlay-gradient":""}},"ast-content-background-meta":{"desktop":{"background-color":"var(--ast-global-color-5)","background-image":"","background-repeat":"repeat","background-position":"center center","background-size":"auto","background-attachment":"scroll","background-type":"","background-media":"","overlay-type":"","overlay-color":"","overlay-opacity":"","overlay-gradient":""},"tablet":{"background-color":"var(--ast-global-color-5)","background-image":"","background-repeat":"repeat","background-position":"center center","background-size":"auto","background-attachment":"scroll","background-type":"","background-media":"","overlay-type":"","overlay-color":"","overlay-opacity":"","overlay-gradient":""},"mobile":{"background-color":"var(--ast-global-color-5)","background-image":"","background-repeat":"repeat","background-position":"center center","background-size":"auto","background-attachment":"scroll","background-type":"","background-media":"","overlay-type":"","overlay-color":"","overlay-opacity":"","overlay-gradient":""}},"footnotes":""},"categories":[8],"tags":[21318,5513,21319],"class_list":["post-65780","post","type-post","status-publish","format-standard","has-post-thumbnail","hentry","category-noticias","tag-instituto-nacional-de-migracion","tag-mapastepec","tag-migracion-2024"],"_links":{"self":[{"href":"https:\/\/losperiodistas.com.mx\/portal\/wp-json\/wp\/v2\/posts\/65780","targetHints":{"allow":["GET"]}}],"collection":[{"href":"https:\/\/losperiodistas.com.mx\/portal\/wp-json\/wp\/v2\/posts"}],"about":[{"href":"https:\/\/losperiodistas.com.mx\/portal\/wp-json\/wp\/v2\/types\/post"}],"author":[{"embeddable":true,"href":"https:\/\/losperiodistas.com.mx\/portal\/wp-json\/wp\/v2\/users\/1"}],"replies":[{"embeddable":true,"href":"https:\/\/losperiodistas.com.mx\/portal\/wp-json\/wp\/v2\/comments?post=65780"}],"version-history":[{"count":1,"href":"https:\/\/losperiodistas.com.mx\/portal\/wp-json\/wp\/v2\/posts\/65780\/revisions"}],"predecessor-version":[{"id":65782,"href":"https:\/\/losperiodistas.com.mx\/portal\/wp-json\/wp\/v2\/posts\/65780\/revisions\/65782"}],"wp:featuredmedia":[{"embeddable":true,"href":"https:\/\/losperiodistas.com.mx\/portal\/wp-json\/wp\/v2\/media\/65781"}],"wp:attachment":[{"href":"https:\/\/losperiodistas.com.mx\/portal\/wp-json\/wp\/v2\/media?parent=65780"}],"wp:term":[{"taxonomy":"category","embeddable":true,"href":"https:\/\/losperiodistas.com.mx\/portal\/wp-json\/wp\/v2\/categories?post=65780"},{"taxonomy":"post_tag","embeddable":true,"href":"https:\/\/losperiodistas.com.mx\/portal\/wp-json\/wp\/v2\/tags?post=65780"}],"curies":[{"name":"wp","href":"https:\/\/api.w.org\/{rel}","templated":true}]}}