{"id":65769,"date":"2024-01-03T10:13:46","date_gmt":"2024-01-03T16:13:46","guid":{"rendered":"http:\/\/losperiodistas.com.mx\/portal\/?p=65769"},"modified":"2024-01-03T10:13:48","modified_gmt":"2024-01-03T16:13:48","slug":"mas-de-cien-muertos-en-dos-explosiones-en-iran-durante-el-aniversario-de-la-muerte-del-general-soleimani-abc","status":"publish","type":"post","link":"https:\/\/losperiodistas.com.mx\/portal\/mas-de-cien-muertos-en-dos-explosiones-en-iran-durante-el-aniversario-de-la-muerte-del-general-soleimani-abc\/","title":{"rendered":"M\u00e1s de cien muertos en dos explosiones en Ir\u00e1n durante el aniversario de la muerte del general Soleimani | ABC"},"content":{"rendered":"\n<h2 class=\"has-vivid-green-cyan-background-color has-background has-medium-font-size wp-block-heading\">El vicegobernador de la regi\u00f3n de Kerm\u00e1n ha confirmado la naturaleza \u00abterrorista\u00bb de los hechos, provocados por dos mochilas cargadas de explosivos<\/h2>\n\n\n\n<h2 class=\"has-vivid-green-cyan-background-color has-background has-medium-font-size wp-block-heading\">El militar al que los civiles rend\u00edan homenaje fue abatido en enero de 2020 durante un ataque con drones ordenado por la Administraci\u00f3n Trump<\/h2>\n\n\n\n<figure class=\"wp-block-image size-large\"><img fetchpriority=\"high\" decoding=\"async\" width=\"1024\" height=\"585\" src=\"https:\/\/losperiodistas.com.mx\/portal\/wp-content\/uploads\/2024\/01\/Captura-de-pantalla-2024-01-03-a-las-10.05.41\u202fa.m.-1-1024x585.jpg\" alt=\"\" class=\"wp-image-65804\" srcset=\"https:\/\/losperiodistas.com.mx\/portal\/wp-content\/uploads\/2024\/01\/Captura-de-pantalla-2024-01-03-a-las-10.05.41\u202fa.m.-1-1024x585.jpg 1024w, https:\/\/losperiodistas.com.mx\/portal\/wp-content\/uploads\/2024\/01\/Captura-de-pantalla-2024-01-03-a-las-10.05.41\u202fa.m.-1-300x171.jpg 300w, https:\/\/losperiodistas.com.mx\/portal\/wp-content\/uploads\/2024\/01\/Captura-de-pantalla-2024-01-03-a-las-10.05.41\u202fa.m.-1-768x439.jpg 768w, https:\/\/losperiodistas.com.mx\/portal\/wp-content\/uploads\/2024\/01\/Captura-de-pantalla-2024-01-03-a-las-10.05.41\u202fa.m.-1-1536x877.jpg 1536w, https:\/\/losperiodistas.com.mx\/portal\/wp-content\/uploads\/2024\/01\/Captura-de-pantalla-2024-01-03-a-las-10.05.41\u202fa.m.-1-2048x1170.jpg 2048w\" sizes=\"(max-width: 1024px) 100vw, 1024px\" \/><figcaption><a href=\"https:\/\/players.brightcove.net\/55814260001\/Bki6qnWf_default\/index.html?videoId=6344212787112\">VIDEO<\/a> | Personas afectadas por las explosiones en Kerm\u00e1n, donde la explosi\u00f3n de dos bombas ha provocado decenas de heridos\u00a0AFP | V\u00cdDEO: ANADOLU\/AGENCIA EFE<\/figcaption><\/figure>\n\n\n\n<p class=\"has-vivid-red-color has-text-color has-medium-font-size\"><strong>SILVIA NIETO \/ ABC<\/strong><\/p>\n\n\n\n<p>M\u00e1s de 100 personas murieron este martes y alrededor de 140 resultaron heridas tras dos explosiones en&nbsp;<strong>una procesi\u00f3n en la ciudad de Kerm\u00e1n (Ir\u00e1n)<\/strong>&nbsp;en la que se conmemoraba&nbsp;<a href=\"https:\/\/www.abc.es\/internacional\/abci-siete-muertos-y-varios-heridos-ataque-misiles-aeropuerto-bagdad-202001030309_noticia.html\">el cuarto aniversario de la muerte del general Qasem Soleimani<\/a>, hombre fuerte del r\u00e9gimen de los Ayatol\u00e1s -considerado su &#8216;n\u00famero dos&#8217; tras el l\u00edder supremo, Ali Jamenei- que fue abatido por drones estadounidenses el 3 de enero de 2020. La matanza de civiles -que no tard\u00f3 en ser calificada de \u00abatentado terrorista\u00bb por Rahman Jalali, el vicegobernador de la regi\u00f3n de Kerm\u00e1n- empuj\u00f3 a Oriente Pr\u00f3ximo a un escenario sombr\u00edo, pues se produjo solo un d\u00eda despu\u00e9s de que Israel abatiera a&nbsp;<a href=\"https:\/\/www.abc.es\/internacional\/israel-mata-numero-dos-brazo-politico-hamas-20240102182216-nt.html\">uno de los hombres fuertes de Ham\u00e1s en Daniyeh<\/a>, un barrio de Beirut, desoyendo las advertencias del grupo terrorista Hizbol\u00e1 de que no se lanzara ning\u00fan ataque contra esa zona.<\/p>\n\n\n\n<p>La procesi\u00f3n de dolientes en la que se produjo el atentado estaba compuesta por centenares de personas que se dirig\u00edan a la mezquita de Saheb al-Zaman de Kerm\u00e1n, una localidad situada en el centro de Ir\u00e1n en la que naci\u00f3 Soleimani y donde actualmente descansan sus restos mortales. La primera explosi\u00f3n mat\u00f3 e hiri\u00f3 a los ciudadanos congregados, y la segunda, que se produjo unos diez minutos despu\u00e9s, afect\u00f3 a los que todav\u00eda no se hab\u00edan marchado y a los que intentaban salvar vidas. Como recordaba el martes &#8216;The Times of Israel&#8217;, estas segundas explosiones suelen estar destinadas a golpear a los servicios de emergencia que acuden en ayuda de las v\u00edctimas.<\/p>\n\n\n\n<p class=\"has-cyan-bluish-gray-background-color has-background\">NOTICIA RELACIONADA<\/p>\n\n\n\n<figure class=\"wp-block-image\"><a href=\"https:\/\/www.abc.es\/internacional\/hezbola-asegura-muerte-numero-dos-hamas-libano-20240103082406-nt.html#vca=modulo-rel-uno&amp;vso=abc&amp;vmc=noticias-rel&amp;vli=internacional\"><img decoding=\"async\" src=\"https:\/\/s1.abcstatics.com\/abc\/www\/multimedia\/internacional\/2024\/01\/03\/hamas-lider.PNG\" alt=\"Hizbol\u00e1 asegura que la muerte del n\u00famero dos de Ham\u00e1s en Beirut \u00abno quedar\u00e1 sin respuesta ni castigo\u00bb\"\/><\/a><\/figure>\n\n\n\n<h3 class=\"wp-block-heading\"><a href=\"https:\/\/www.abc.es\/internacional\/hezbola-asegura-muerte-numero-dos-hamas-libano-20240103082406-nt.html#vca=modulo-rel-uno&amp;vso=abc&amp;vmc=noticias-rel&amp;vli=internacional\">Hizbol\u00e1 asegura que la muerte del n\u00famero dos de Ham\u00e1s en Beirut \u00abno quedar\u00e1 sin respuesta ni castigo\u00bb<\/a><\/h3>\n\n\n\n<p>EP<\/p>\n\n\n\n<p>L\u00edbano pide al partido-milicia chi\u00ed evitar expandir el conflicto con Israel<\/p>\n\n\n\n<h3 class=\"wp-block-heading\">Por control remoto<\/h3>\n\n\n\n<p>Por su parte, la agencia de noticias Tasnim, que se considera pr\u00f3xima a la Guardia Revolucionaria de Ir\u00e1n, inform\u00f3 de que la tragedia fue provocada por<strong>&nbsp;dos mochilas con explosivos<\/strong>&nbsp;que fueron activadas por control remoto.<\/p>\n\n\n\n<p>Despu\u00e9s de los hechos, las agencias de prensa comenzaron a publicar fotograf\u00edas donde se ve\u00eda a los afectados recibiendo la atenci\u00f3n de los servicios de emergencia, adem\u00e1s del trasiego de las ambulancias que iban y ven\u00edan para trasladar a muertos y heridos.<\/p>\n\n\n\n<p>El general Soleimani era el jefe de la Fuerza Quds, una divisi\u00f3n de la Guardia Revolucionaria de Ir\u00e1n que se encarga de llevar a cabo<strong>&nbsp;operaciones en el extranjero<\/strong>. En ese sentido, su misi\u00f3n principal es defender los intereses de Ir\u00e1n en terceros pa\u00edses, apoyando a las fuerzas que resultan convenientes para la tierra de los Ayatol\u00e1s.<\/p>\n\n\n\n<p>Por ejemplo, la Fuerza Quds intervino durante los a\u00f1os 80 en la guerra civil del L\u00edbano -en el verano de 1982, el Ej\u00e9rcito israel\u00ed invadi\u00f3 el pa\u00eds vecino y lleg\u00f3 a cercar Beirut, en el marco de la operaci\u00f3n &#8216;Paz para Galilea&#8217;- y apoy\u00f3 el nacimiento de Hizbol\u00e1, una organizaci\u00f3n chi\u00ed calificada de grupo terrorista por Estados Unidos, entre otros pa\u00edses, y que act\u00faa como fuerza de choque contra Israel en su frontera norte. Adem\u00e1s,&nbsp;<a href=\"https:\/\/www.abc.es\/internacional\/20151001\/abci-siria-assad-putin-201509301918.html\">la Fuerza Quds tambi\u00e9n respald\u00f3 al presidente Siria, Bashar al Assad<\/a>, despu\u00e9s de que la Primavera \u00c1rabe atomizara su pa\u00eds y estuviera a punto de acabar con su r\u00e9gimen, y a las milicias hut\u00edes que asaltan y hostigan a las embarcaciones que atraviesan el estrecho de Mandeb, por donde se accede al mar Rojo y, a la postre, al canal de Suez. Los hut\u00edes, milicias chi\u00edes, se organizaron en los a\u00f1os 90 para combatir al por entonces presidente de Yemen, Al\u00ed Abdal\u00e1 Sal\u00e9.<\/p>\n\n\n\n<p>As\u00ed las cosas, Soleimani era una pieza clave en las telas de ara\u00f1a que el r\u00e9gimen iran\u00ed tiende por el mundo, y, por lo tanto, se convirti\u00f3 en un personaje indeseable\u00a0<strong>para la Administraci\u00f3n del expresidente de Estados Unidos Donald Trump<\/strong>. Durante su Presidencia, Trump endureci\u00f3 fuertemente el tono contra el r\u00e9gimen iran\u00ed &#8211;<a href=\"https:\/\/www.abc.es\/internacional\/abci-trump-podria-retirarse-pacto-nuclear-iran-esta-tarde-201805081520_noticia.html\">retir\u00f3 a Washington en mayo de 2018 del Acuerdo Nuclear firmado con Teher\u00e1n<\/a>, por ejemplo-, y, en un discurso pronunciado diez d\u00edas despu\u00e9s de que Soleimani fuera abatido por drones estadounidenses en el aeropuerto de Bagdad, lanz\u00f3 acusaciones tan graves como las siguientes, en las que sustent\u00f3 la decisi\u00f3n de acabar con su vida: \u00abBajo mi direcci\u00f3n, el Ej\u00e9rcito de Estados Unidos elimin\u00f3 al principal terrorista del mundo, Qasem Soleimani. Como jefe de la Fuerza Quds, Soleimani fue personalmente responsable de algunas de las peores atrocidades. Entren\u00f3 a ej\u00e9rcitos terroristas, incluyendo a Hizbol\u00e1, lanzando ataques terroristas contra objetivos civiles. Incentiv\u00f3 sangrientas guerras civiles en toda la regi\u00f3n. Hiri\u00f3 y asesin\u00f3 cruelmente a miles de tropas estadounidenses\u00bb.<\/p>\n\n\n\n<figure class=\"wp-block-embed is-type-rich is-provider-twitter wp-block-embed-twitter\"><div class=\"wp-block-embed__wrapper\">\n<blockquote class=\"twitter-tweet\" data-width=\"500\" data-dnt=\"true\"><p lang=\"en\" dir=\"ltr\">BREAKING: EXPLOSION IN IRAN NEAR SOLEIMANI&#39;S GRAVE<br><br>It is the 4th anniversary of his  assassination. <a href=\"https:\/\/t.co\/ZDDtW9bIz2\">pic.twitter.com\/ZDDtW9bIz2<\/a><\/p>&mdash; Sulaiman Ahmed (@ShaykhSulaiman) <a href=\"https:\/\/twitter.com\/ShaykhSulaiman\/status\/1742523460633452985?ref_src=twsrc%5Etfw\">January 3, 2024<\/a><\/blockquote><script async src=\"https:\/\/platform.twitter.com\/widgets.js\" charset=\"utf-8\"><\/script>\n<\/div><\/figure>\n\n\n\n<h3 class=\"wp-block-heading\">Un contexto peligroso<\/h3>\n\n\n\n<p>Si la muerte de Soleimani ya amenaz\u00f3 entonces con escalar la tensi\u00f3n en Oriente Pr\u00f3ximo, el atentado que ha tenido lugar cuatro a\u00f1os despu\u00e9s en la conmemoraci\u00f3n del aniversario se produce&nbsp;<strong>en un escenario internacional mucho m\u00e1s peligroso<\/strong>. Desde el pasado 7 de octubre, la guerra entre Israel y Ham\u00e1s ha desencadenado una incursi\u00f3n terrestre y una campa\u00f1a de bombardeos contra Gaza que ha terminado con la vida de m\u00e1s de 20.000 palestinos. Cerca de un centenar de israel\u00edes todav\u00eda permanece secuestrado en la Franja y los supervivientes de los atentados islamistas que dejaron 1.200 muertos luchan por recuperarse f\u00edsica y psicol\u00f3gicamente. En ese contexto, la muerte del &#8216;n\u00famero 2&#8217; de Ham\u00e1s -presuntamente, abatido por fuerzas israel\u00edes- ha elevado el conflicto a un nivel m\u00e1s arriesgado.<\/p>\n\n\n\n<p>Desde el comienzo del conflicto, Ir\u00e1n se ha posicionado al frente de un bando anti-Israel, sin condenar los atentados cometidos por Ham\u00e1s -que fueron, de hecho, festejados<a href=\"https:\/\/www.abc.es\/internacional\/calles-iran-celebran-atentados-hamas-israel-20231008103908-ga.html\">\u00a0por grupos de radicales en las calles de Teher\u00e1n<\/a>&#8211; y criticando duramente las acciones que el Ej\u00e9rcito israel\u00ed lleva a cabo en Gaza para desmantelar Ham\u00e1s. El riesgo de que el conflicto se contagie a la regi\u00f3n y la empuje a una conflagraci\u00f3n a gran escala ha sido el principal temor desde el inicio de las hostilidades, lo que ha hecho que el secretario de Estado de Estados Unidos, Antony Blinken, lleve a cabo una incesante actividad diplom\u00e1tica destinada a evitar esa posibilidad.<\/p>\n\n\n\n<p>Fuente: <a href=\"https:\/\/www.abc.es\/internacional\/muertos-doble-explosion-iran-aniversario-muerte-soleimani-20240103133617-nt.html#\">https:\/\/www.abc.es\/internacional\/muertos-doble-explosion-iran-aniversario-muerte-soleimani-20240103133617-nt.html#<\/a><\/p>\n\n\n\n<p><\/p>\n","protected":false},"excerpt":{"rendered":"<p>El vicegobernador de la regi\u00f3n de Kerm\u00e1n ha confirmado la naturaleza \u00abterrorista\u00bb de los hechos, provocados por dos mochilas cargadas [&hellip;]<\/p>\n","protected":false},"author":1,"featured_media":65804,"comment_status":"open","ping_status":"open","sticky":false,"template":"","format":"standard","meta":{"site-sidebar-layout":"default","site-content-layout":"","ast-site-content-layout":"default","site-content-style":"default","site-sidebar-style":"default","ast-global-header-display":"","ast-banner-title-visibility":"","ast-main-header-display":"","ast-hfb-above-header-display":"","ast-hfb-below-header-display":"","ast-hfb-mobile-header-display":"","site-post-title":"","ast-breadcrumbs-content":"","ast-featured-img":"","footer-sml-layout":"","theme-transparent-header-meta":"","adv-header-id-meta":"","stick-header-meta":"","header-above-stick-meta":"","header-main-stick-meta":"","header-below-stick-meta":"","astra-migrate-meta-layouts":"default","ast-page-background-enabled":"default","ast-page-background-meta":{"desktop":{"background-color":"var(--ast-global-color-4)","background-image":"","background-repeat":"repeat","background-position":"center center","background-size":"auto","background-attachment":"scroll","background-type":"","background-media":"","overlay-type":"","overlay-color":"","overlay-opacity":"","overlay-gradient":""},"tablet":{"background-color":"","background-image":"","background-repeat":"repeat","background-position":"center center","background-size":"auto","background-attachment":"scroll","background-type":"","background-media":"","overlay-type":"","overlay-color":"","overlay-opacity":"","overlay-gradient":""},"mobile":{"background-color":"","background-image":"","background-repeat":"repeat","background-position":"center center","background-size":"auto","background-attachment":"scroll","background-type":"","background-media":"","overlay-type":"","overlay-color":"","overlay-opacity":"","overlay-gradient":""}},"ast-content-background-meta":{"desktop":{"background-color":"var(--ast-global-color-5)","background-image":"","background-repeat":"repeat","background-position":"center center","background-size":"auto","background-attachment":"scroll","background-type":"","background-media":"","overlay-type":"","overlay-color":"","overlay-opacity":"","overlay-gradient":""},"tablet":{"background-color":"var(--ast-global-color-5)","background-image":"","background-repeat":"repeat","background-position":"center center","background-size":"auto","background-attachment":"scroll","background-type":"","background-media":"","overlay-type":"","overlay-color":"","overlay-opacity":"","overlay-gradient":""},"mobile":{"background-color":"var(--ast-global-color-5)","background-image":"","background-repeat":"repeat","background-position":"center center","background-size":"auto","background-attachment":"scroll","background-type":"","background-media":"","overlay-type":"","overlay-color":"","overlay-opacity":"","overlay-gradient":""}},"footnotes":""},"categories":[8],"tags":[21332,21330,21331],"class_list":["post-65769","post","type-post","status-publish","format-standard","has-post-thumbnail","hentry","category-noticias","tag-general-soleimani","tag-iran-terrorismo","tag-kerman"],"_links":{"self":[{"href":"https:\/\/losperiodistas.com.mx\/portal\/wp-json\/wp\/v2\/posts\/65769","targetHints":{"allow":["GET"]}}],"collection":[{"href":"https:\/\/losperiodistas.com.mx\/portal\/wp-json\/wp\/v2\/posts"}],"about":[{"href":"https:\/\/losperiodistas.com.mx\/portal\/wp-json\/wp\/v2\/types\/post"}],"author":[{"embeddable":true,"href":"https:\/\/losperiodistas.com.mx\/portal\/wp-json\/wp\/v2\/users\/1"}],"replies":[{"embeddable":true,"href":"https:\/\/losperiodistas.com.mx\/portal\/wp-json\/wp\/v2\/comments?post=65769"}],"version-history":[{"count":1,"href":"https:\/\/losperiodistas.com.mx\/portal\/wp-json\/wp\/v2\/posts\/65769\/revisions"}],"predecessor-version":[{"id":65805,"href":"https:\/\/losperiodistas.com.mx\/portal\/wp-json\/wp\/v2\/posts\/65769\/revisions\/65805"}],"wp:featuredmedia":[{"embeddable":true,"href":"https:\/\/losperiodistas.com.mx\/portal\/wp-json\/wp\/v2\/media\/65804"}],"wp:attachment":[{"href":"https:\/\/losperiodistas.com.mx\/portal\/wp-json\/wp\/v2\/media?parent=65769"}],"wp:term":[{"taxonomy":"category","embeddable":true,"href":"https:\/\/losperiodistas.com.mx\/portal\/wp-json\/wp\/v2\/categories?post=65769"},{"taxonomy":"post_tag","embeddable":true,"href":"https:\/\/losperiodistas.com.mx\/portal\/wp-json\/wp\/v2\/tags?post=65769"}],"curies":[{"name":"wp","href":"https:\/\/api.w.org\/{rel}","templated":true}]}}