{"id":65764,"date":"2024-01-02T19:34:10","date_gmt":"2024-01-03T01:34:10","guid":{"rendered":"http:\/\/losperiodistas.com.mx\/portal\/?p=65764"},"modified":"2024-01-02T19:34:12","modified_gmt":"2024-01-03T01:34:12","slug":"vemos-y-pensamos-mas-alla-del-proceso-electoral-rodrigoabdala","status":"publish","type":"post","link":"https:\/\/losperiodistas.com.mx\/portal\/vemos-y-pensamos-mas-alla-del-proceso-electoral-rodrigoabdala\/","title":{"rendered":"Vemos y pensamos m\u00e1s all\u00e1 del proceso electoral: #RodrigoAbdala"},"content":{"rendered":"\n<figure class=\"wp-block-image size-large\"><img fetchpriority=\"high\" decoding=\"async\" width=\"1024\" height=\"678\" src=\"https:\/\/losperiodistas.com.mx\/portal\/wp-content\/uploads\/2024\/01\/FOTO-2-BOLETIN-12-1024x678.jpeg\" alt=\"\" class=\"wp-image-65765\" srcset=\"https:\/\/losperiodistas.com.mx\/portal\/wp-content\/uploads\/2024\/01\/FOTO-2-BOLETIN-12-1024x678.jpeg 1024w, https:\/\/losperiodistas.com.mx\/portal\/wp-content\/uploads\/2024\/01\/FOTO-2-BOLETIN-12-300x199.jpeg 300w, https:\/\/losperiodistas.com.mx\/portal\/wp-content\/uploads\/2024\/01\/FOTO-2-BOLETIN-12-768x509.jpeg 768w, https:\/\/losperiodistas.com.mx\/portal\/wp-content\/uploads\/2024\/01\/FOTO-2-BOLETIN-12-1536x1018.jpeg 1536w, https:\/\/losperiodistas.com.mx\/portal\/wp-content\/uploads\/2024\/01\/FOTO-2-BOLETIN-12.jpeg 1600w\" sizes=\"(max-width: 1024px) 100vw, 1024px\" \/><figcaption>Cortes\u00eda<\/figcaption><\/figure>\n\n\n\n<p class=\"has-vivid-red-color has-text-color has-medium-font-size\"><strong>COMUNICADO<\/strong><\/p>\n\n\n\n<p><strong>Rodrigo Abdala<\/strong>, aspirante a la precandidatura a la presidencia municipal de Puebla capital, acompa\u00f1\u00f3 este d\u00eda al precandidato \u00fanico de Morena al gobierno de Puebla, Alejandro Armenta, a la toma de protesta de los comit\u00e9s en Ajalpan y Tehuac\u00e1n.<\/p>\n\n\n\n<p>Durante estos eventos -previo al cierre de precampa\u00f1a- Alejandro Armenta estuvo arropado por sus correligionarios que aspiraron a la coordinaci\u00f3n estatal de Morena y quienes, nuevamente, expresaron unidad y suma para lograr la victoria electoral en este 2024.<\/p>\n\n\n\n<p><strong>Rodrigo Abdala<\/strong> refiri\u00f3 \u201ccuando nuestro coordinador estatal de la defensa de la cuarta transformaci\u00f3n dice que -no estamos pensando en la elecci\u00f3n, estamos pensando en la nueva generaci\u00f3n- es que pensamos m\u00e1s all\u00e1 del proceso electoral, estamos pensando en el futuro de las familias poblanas\u201d. Tambi\u00e9n destac\u00f3 que \u201cver m\u00e1s all\u00e1 del proceso electoral nos permite identificar las oportunidades para atender a los desaf\u00edos en cada rinc\u00f3n del territorio poblano. Estoy convencido que el trabajo en conjunto es la clave para consolidar la transformaci\u00f3n en Puebla\u201d.<\/p>\n\n\n\n<p>*Mensaje dirigido a militantes y simpatizantes de Morena.<\/p>\n","protected":false},"excerpt":{"rendered":"<p>COMUNICADO Rodrigo Abdala, aspirante a la precandidatura a la presidencia municipal de Puebla capital, acompa\u00f1\u00f3 este d\u00eda al precandidato \u00fanico [&hellip;]<\/p>\n","protected":false},"author":1,"featured_media":65766,"comment_status":"open","ping_status":"open","sticky":false,"template":"","format":"standard","meta":{"site-sidebar-layout":"default","site-content-layout":"","ast-site-content-layout":"default","site-content-style":"default","site-sidebar-style":"default","ast-global-header-display":"","ast-banner-title-visibility":"","ast-main-header-display":"","ast-hfb-above-header-display":"","ast-hfb-below-header-display":"","ast-hfb-mobile-header-display":"","site-post-title":"","ast-breadcrumbs-content":"","ast-featured-img":"","footer-sml-layout":"","theme-transparent-header-meta":"","adv-header-id-meta":"","stick-header-meta":"","header-above-stick-meta":"","header-main-stick-meta":"","header-below-stick-meta":"","astra-migrate-meta-layouts":"default","ast-page-background-enabled":"default","ast-page-background-meta":{"desktop":{"background-color":"var(--ast-global-color-4)","background-image":"","background-repeat":"repeat","background-position":"center center","background-size":"auto","background-attachment":"scroll","background-type":"","background-media":"","overlay-type":"","overlay-color":"","overlay-opacity":"","overlay-gradient":""},"tablet":{"background-color":"","background-image":"","background-repeat":"repeat","background-position":"center center","background-size":"auto","background-attachment":"scroll","background-type":"","background-media":"","overlay-type":"","overlay-color":"","overlay-opacity":"","overlay-gradient":""},"mobile":{"background-color":"","background-image":"","background-repeat":"repeat","background-position":"center center","background-size":"auto","background-attachment":"scroll","background-type":"","background-media":"","overlay-type":"","overlay-color":"","overlay-opacity":"","overlay-gradient":""}},"ast-content-background-meta":{"desktop":{"background-color":"var(--ast-global-color-5)","background-image":"","background-repeat":"repeat","background-position":"center center","background-size":"auto","background-attachment":"scroll","background-type":"","background-media":"","overlay-type":"","overlay-color":"","overlay-opacity":"","overlay-gradient":""},"tablet":{"background-color":"var(--ast-global-color-5)","background-image":"","background-repeat":"repeat","background-position":"center center","background-size":"auto","background-attachment":"scroll","background-type":"","background-media":"","overlay-type":"","overlay-color":"","overlay-opacity":"","overlay-gradient":""},"mobile":{"background-color":"var(--ast-global-color-5)","background-image":"","background-repeat":"repeat","background-position":"center center","background-size":"auto","background-attachment":"scroll","background-type":"","background-media":"","overlay-type":"","overlay-color":"","overlay-opacity":"","overlay-gradient":""}},"footnotes":""},"categories":[8],"tags":[15580],"class_list":["post-65764","post","type-post","status-publish","format-standard","has-post-thumbnail","hentry","category-noticias","tag-rodrigoabdala"],"_links":{"self":[{"href":"https:\/\/losperiodistas.com.mx\/portal\/wp-json\/wp\/v2\/posts\/65764","targetHints":{"allow":["GET"]}}],"collection":[{"href":"https:\/\/losperiodistas.com.mx\/portal\/wp-json\/wp\/v2\/posts"}],"about":[{"href":"https:\/\/losperiodistas.com.mx\/portal\/wp-json\/wp\/v2\/types\/post"}],"author":[{"embeddable":true,"href":"https:\/\/losperiodistas.com.mx\/portal\/wp-json\/wp\/v2\/users\/1"}],"replies":[{"embeddable":true,"href":"https:\/\/losperiodistas.com.mx\/portal\/wp-json\/wp\/v2\/comments?post=65764"}],"version-history":[{"count":1,"href":"https:\/\/losperiodistas.com.mx\/portal\/wp-json\/wp\/v2\/posts\/65764\/revisions"}],"predecessor-version":[{"id":65767,"href":"https:\/\/losperiodistas.com.mx\/portal\/wp-json\/wp\/v2\/posts\/65764\/revisions\/65767"}],"wp:featuredmedia":[{"embeddable":true,"href":"https:\/\/losperiodistas.com.mx\/portal\/wp-json\/wp\/v2\/media\/65766"}],"wp:attachment":[{"href":"https:\/\/losperiodistas.com.mx\/portal\/wp-json\/wp\/v2\/media?parent=65764"}],"wp:term":[{"taxonomy":"category","embeddable":true,"href":"https:\/\/losperiodistas.com.mx\/portal\/wp-json\/wp\/v2\/categories?post=65764"},{"taxonomy":"post_tag","embeddable":true,"href":"https:\/\/losperiodistas.com.mx\/portal\/wp-json\/wp\/v2\/tags?post=65764"}],"curies":[{"name":"wp","href":"https:\/\/api.w.org\/{rel}","templated":true}]}}