{"id":64897,"date":"2023-12-17T11:24:13","date_gmt":"2023-12-17T17:24:13","guid":{"rendered":"http:\/\/losperiodistas.com.mx\/portal\/?p=64897"},"modified":"2023-12-17T11:24:15","modified_gmt":"2023-12-17T17:24:15","slug":"masacre-en-posada-de-salvatierra-guanajuato-deja-12-muertos-infobae","status":"publish","type":"post","link":"https:\/\/losperiodistas.com.mx\/portal\/masacre-en-posada-de-salvatierra-guanajuato-deja-12-muertos-infobae\/","title":{"rendered":"Masacre en posada de Salvatierra, Guanajuato deja 12 muertos | Infobae"},"content":{"rendered":"\n<h2 class=\"has-medium-font-size wp-block-heading\">Durante la noche del s\u00e1bado y la madrugada del domingo se registraron al menos dos multihomicidios en el estado<\/h2>\n\n\n\n<figure class=\"wp-block-image size-large is-style-default\"><img fetchpriority=\"high\" decoding=\"async\" width=\"1024\" height=\"575\" src=\"https:\/\/losperiodistas.com.mx\/portal\/wp-content\/uploads\/2023\/12\/Captura-de-Pantalla-2023-12-17-a-las-11.16.40-1024x575.jpg\" alt=\"\" class=\"wp-image-64898\" srcset=\"https:\/\/losperiodistas.com.mx\/portal\/wp-content\/uploads\/2023\/12\/Captura-de-Pantalla-2023-12-17-a-las-11.16.40-1024x575.jpg 1024w, https:\/\/losperiodistas.com.mx\/portal\/wp-content\/uploads\/2023\/12\/Captura-de-Pantalla-2023-12-17-a-las-11.16.40-300x169.jpg 300w, https:\/\/losperiodistas.com.mx\/portal\/wp-content\/uploads\/2023\/12\/Captura-de-Pantalla-2023-12-17-a-las-11.16.40-768x432.jpg 768w, https:\/\/losperiodistas.com.mx\/portal\/wp-content\/uploads\/2023\/12\/Captura-de-Pantalla-2023-12-17-a-las-11.16.40-1536x863.jpg 1536w, https:\/\/losperiodistas.com.mx\/portal\/wp-content\/uploads\/2023\/12\/Captura-de-Pantalla-2023-12-17-a-las-11.16.40.jpg 1712w\" sizes=\"(max-width: 1024px) 100vw, 1024px\" \/><figcaption>Esta ser\u00eda la \u00faltima foto que las y los j\u00f3venes tomaron en la fiesta. (Facebook\/Carlos Silva L\u00f3pez)<\/figcaption><\/figure>\n\n\n\n<p class=\"has-vivid-red-color has-text-color has-medium-font-size\"><strong>BARUC MAY\u00c9N \/ INFOBAE<\/strong><\/p>\n\n\n\n<p>La ma\u00f1ana del 17 de diciembre, autoridades del municipio de&nbsp;<strong>Salvatierra<\/strong>, Guanajuato y la Fiscal\u00eda estatal confirmaron el<strong>&nbsp;asesinato de 12 personas&nbsp;<\/strong>durante una fiesta que se llevaba a cabo en la comunidad de San Jos\u00e9 del Carmen.<\/p>\n\n\n\n<p>Te puede interesar: <strong><a href=\"https:\/\/www.infobae.com\/mexico\/2023\/12\/12\/exigen-a-amlo-una-disculpa-por-criminalizar-a-jovenes-asesinados-en-celaya-examenes-toxicologicos-dieron-negativo\/\">Exigen a AMLO una disculpa por criminalizar a j\u00f3venes asesinados en Celaya; ex\u00e1menes toxicol\u00f3gicos dieron negativo<\/a><\/strong><\/p>\n\n\n\n<p>Acorde con los primeros informes, el ataque fue perpetrado por un comando de sicarios que arrib\u00f3 a la posada en una ex hacienda y dispar\u00f3 contra los asistentes. Adem\u00e1s de las v\u00edctimas fatales, se confirm\u00f3 que hay al menos\u00a0<strong>una decena de lesionados<\/strong>.<\/p>\n\n\n\n<p>Por medio de un comunicado, el Gobierno Municipal se\u00f1al\u00f3 que las personas heridas fueron trasladadas a diferentes hospitales del municipio, sin brindar mayores detalles sobre su estado de salud.<\/p>\n\n\n\n<p>Igualmente, la Direcci\u00f3n de Seguridad P\u00fablica se\u00f1al\u00f3 que en la ex hacienda fueron<strong>\u00a0incendiados<\/strong>\u00a0<strong>dos veh\u00edculos y dos motocicletas<\/strong>.<img decoding=\"async\" height=\"1080\" width=\"1920\" srcset=\"https:\/\/www.infobae.com\/new-resizer\/zE1-yJ7kGVU9y44AGgqPZ9ifwhM=\/420x236\/filters:format(webp):quality(85)\/cloudfront-us-east-1.images.arcpublishing.com\/infobae\/GTGV6QIH4RAPPOS3L7TBWD5FYU.jpg 420w,https:\/\/www.infobae.com\/new-resizer\/5ENdZToNQ5I8YX5LFJugnwMlTjY=\/768x432\/filters:format(webp):quality(85)\/cloudfront-us-east-1.images.arcpublishing.com\/infobae\/GTGV6QIH4RAPPOS3L7TBWD5FYU.jpg 768w,https:\/\/www.infobae.com\/new-resizer\/Uhj9vLxdZgZCJ3-QFfcmEQ1QqF8=\/992x558\/filters:format(webp):quality(85)\/cloudfront-us-east-1.images.arcpublishing.com\/infobae\/GTGV6QIH4RAPPOS3L7TBWD5FYU.jpg 992w,https:\/\/www.infobae.com\/new-resizer\/OurzYbTcbfuIic1mSurQchEzayQ=\/1200x675\/filters:format(webp):quality(85)\/cloudfront-us-east-1.images.arcpublishing.com\/infobae\/GTGV6QIH4RAPPOS3L7TBWD5FYU.jpg 1200w,https:\/\/www.infobae.com\/new-resizer\/JFXOFPysl2i65e8kLwJM1rQijMk=\/1440x810\/filters:format(webp):quality(85)\/cloudfront-us-east-1.images.arcpublishing.com\/infobae\/GTGV6QIH4RAPPOS3L7TBWD5FYU.jpg 1440w\" src=\"https:\/\/www.infobae.com\/new-resizer\/zE1-yJ7kGVU9y44AGgqPZ9ifwhM=\/420x236\/filters:format(webp):quality(85)\/cloudfront-us-east-1.images.arcpublishing.com\/infobae\/GTGV6QIH4RAPPOS3L7TBWD5FYU.jpg%20420w\" alt=\"Al sitio se trasladaron los servicios de emergencia para canalizar a los heridos a distintos hospitales. (X\/@Halcon1072)\">Al sitio se trasladaron los servicios de emergencia para canalizar a los heridos a distintos hospitales. (X\/@Halcon1072)<\/p>\n\n\n\n<p>Seg\u00fan relat\u00f3 Carlos Silva, presidente de la\u00a0<strong>Fundaci\u00f3n Tierra Negra\u00a0<\/strong>de Salvatierra, todos los asistentes a la celebraci\u00f3n\u00a0<strong>eran j\u00f3venes<\/strong>. Por medio de sus redes sociales comparti\u00f3 la que habr\u00eda sido\u00a0<strong>la \u00faltima foto<\/strong>\u00a0tomada durante el convivio.<\/p>\n\n\n\n<p class=\"has-cyan-bluish-gray-background-color has-background\"><a href=\"https:\/\/www.infobae.com\/mexico\/2023\/12\/13\/luis-miguel-es-demandado-por-la-profeco-tras-cancelar-su-concierto-en-leon\/\" target=\"_blank\" rel=\"noreferrer noopener\">Te puede interesar:<strong>Luis Miguel es demandado por la Profeco tras cancelar su concierto en Le\u00f3n<\/strong><\/a><\/p>\n\n\n\n<p>\u201cEsta es la \u00faltima foto de nuestros j\u00f3venes pasando una agradable reuni\u00f3n entre amigos y familiares,&nbsp;<strong>antes del horror y la masacre que vivieron<\/strong>, j\u00f3venes alegres, felices, tranquilos, de bien, con todo el futuro por delante. Nos dueles a todos Salvatierra, nos han dado de nuevo en el coraz\u00f3n\u201d, expres\u00f3 en una publicaci\u00f3n de Facebook.<\/p>\n\n\n\n<p>Por su parte, el presidente municipal de Salvatierra, Germ\u00e1n Cervantes Vega, anunci\u00f3 el inicio de un trabajo en conjunto con la Fiscal\u00eda estatal para el desarrollo de las investigaciones correspondientes.<\/p>\n\n\n\n<p>\u201cCondeno el lamentable hecho de violencia sucedido en la comunidad de San Jos\u00e9 Del Carmen durante esta ma\u00f1ana. Estamos en completa disposici\u00f3n y coordinaci\u00f3n con la Fiscal\u00eda General de Justicia del Estado para el&nbsp;<strong>pronto esclarecimiento y la detenci\u00f3n de los responsables<\/strong>. Mis oraciones y las de mi familia est\u00e1n con los familiares de las v\u00edctimas\u201d, escribi\u00f3 el edil en sus redes sociales.<img decoding=\"async\" alt=\"Primera actualizaci\u00f3n oficial compartida por la Fiscal\u00eda de Guanajuato. (X\/FGEGUANAJUATO)\" height=\"1080\" width=\"1920\" src=\"https:\/\/www.infobae.com\/new-resizer\/KxOiubHVQNVPRtCOwo9JYjpsZ2Q=\/420x236\/filters:format(webp):quality(85)\/cloudfront-us-east-1.images.arcpublishing.com\/infobae\/FEKIIVKQEFBMLIRZT4EOS2VIV4.jpg%20420w\" srcset=\"https:\/\/www.infobae.com\/new-resizer\/KxOiubHVQNVPRtCOwo9JYjpsZ2Q=\/420x236\/filters:format(webp):quality(85)\/cloudfront-us-east-1.images.arcpublishing.com\/infobae\/FEKIIVKQEFBMLIRZT4EOS2VIV4.jpg 420w,https:\/\/www.infobae.com\/new-resizer\/t8Qq5ActqFbQLwO4hraT0aL_v0w=\/768x432\/filters:format(webp):quality(85)\/cloudfront-us-east-1.images.arcpublishing.com\/infobae\/FEKIIVKQEFBMLIRZT4EOS2VIV4.jpg 768w,https:\/\/www.infobae.com\/new-resizer\/3pLPXAwBnz9gsfU5izu1Ht7OM8A=\/992x558\/filters:format(webp):quality(85)\/cloudfront-us-east-1.images.arcpublishing.com\/infobae\/FEKIIVKQEFBMLIRZT4EOS2VIV4.jpg 992w,https:\/\/www.infobae.com\/new-resizer\/wIV2myOShIJuKLN-c0pIWWUvZ0c=\/1200x675\/filters:format(webp):quality(85)\/cloudfront-us-east-1.images.arcpublishing.com\/infobae\/FEKIIVKQEFBMLIRZT4EOS2VIV4.jpg 1200w,https:\/\/www.infobae.com\/new-resizer\/V69RWO8UpY_QqukfZKv02ghBgtU=\/1440x810\/filters:format(webp):quality(85)\/cloudfront-us-east-1.images.arcpublishing.com\/infobae\/FEKIIVKQEFBMLIRZT4EOS2VIV4.jpg 1440w\">Primera actualizaci\u00f3n oficial compartida por la Fiscal\u00eda de Guanajuato. (X\/FGEGUANAJUATO)<\/p>\n\n\n\n<p>La masacre en dicha comunidad fue el segundo suceso de violencia reportado entre la noche del 16 de diciembre y la ma\u00f1ana del 17 en Guanajuato, pues horas antes\u00a0<strong>un grupo de sujetos armados atac\u00f3 una barber\u00eda<\/strong>\u00a0ubicada en los alrededores del Mercado Mar\u00eda Tomasa Est\u00e9vez, en el municipio de\u00a0<strong>Salamanca<\/strong>.<\/p>\n\n\n\n<p class=\"has-cyan-bluish-gray-background-color has-background\"><a href=\"https:\/\/www.infobae.com\/colombia\/2023\/12\/13\/excomandante-de-la-brigada-11-fue-condenado-a-mas-de-30-anos-de-carcel-por-la-masacre-de-24-personas\/\" target=\"_blank\" rel=\"noreferrer noopener\">Te puede interesar:<strong>Excomandante de la Brigada 11 fue condenado a m\u00e1s de 30 a\u00f1os de c\u00e1rcel por la masacre de 24 personas en el Valle del Cauca<\/strong><\/a><\/p>\n\n\n\n<p>Como resultado de dicha agresi\u00f3n al menos<strong>&nbsp;cuatro personas habr\u00edan perdido la vida<\/strong>, seg\u00fan los reportes preliminares. En ambos casos, a\u00fan se desconoce el m\u00f3vil de los cr\u00edmenes, as\u00ed como la identidad de las personas que los habr\u00edan perpetrado.<\/p>\n\n\n\n<p>A trav\u00e9s de sus canales oficiales, la Fiscal\u00eda detall\u00f3 que \u201cen ambos casos se han asignado\u00a0<strong>c\u00e9lulas de trabajo multidisciplinarias especialidad en homicidios<\/strong>, quienes trabajar\u00e1n de manera inmediata y permanente hasta en tanto se logre el esclarecimiento y detenci\u00f3n de los responsables\u201d.<\/p>\n\n\n\n<p>Fuente: <a href=\"https:\/\/www.infobae.com\/mexico\/2023\/12\/17\/masacre-en-posada-de-salvatierra-guanajuato-deja-11-muertos\/\">https:\/\/www.infobae.com\/mexico\/2023\/12\/17\/masacre-en-posada-de-salvatierra-guanajuato-deja-11-muertos\/<\/a><\/p>\n","protected":false},"excerpt":{"rendered":"<p>Durante la noche del s\u00e1bado y la madrugada del domingo se registraron al menos dos multihomicidios en el estado BARUC [&hellip;]<\/p>\n","protected":false},"author":1,"featured_media":64898,"comment_status":"open","ping_status":"open","sticky":false,"template":"","format":"standard","meta":{"site-sidebar-layout":"default","site-content-layout":"","ast-site-content-layout":"default","site-content-style":"default","site-sidebar-style":"default","ast-global-header-display":"","ast-banner-title-visibility":"","ast-main-header-display":"","ast-hfb-above-header-display":"","ast-hfb-below-header-display":"","ast-hfb-mobile-header-display":"","site-post-title":"","ast-breadcrumbs-content":"","ast-featured-img":"","footer-sml-layout":"","theme-transparent-header-meta":"","adv-header-id-meta":"","stick-header-meta":"","header-above-stick-meta":"","header-main-stick-meta":"","header-below-stick-meta":"","astra-migrate-meta-layouts":"default","ast-page-background-enabled":"default","ast-page-background-meta":{"desktop":{"background-color":"var(--ast-global-color-4)","background-image":"","background-repeat":"repeat","background-position":"center center","background-size":"auto","background-attachment":"scroll","background-type":"","background-media":"","overlay-type":"","overlay-color":"","overlay-opacity":"","overlay-gradient":""},"tablet":{"background-color":"","background-image":"","background-repeat":"repeat","background-position":"center center","background-size":"auto","background-attachment":"scroll","background-type":"","background-media":"","overlay-type":"","overlay-color":"","overlay-opacity":"","overlay-gradient":""},"mobile":{"background-color":"","background-image":"","background-repeat":"repeat","background-position":"center center","background-size":"auto","background-attachment":"scroll","background-type":"","background-media":"","overlay-type":"","overlay-color":"","overlay-opacity":"","overlay-gradient":""}},"ast-content-background-meta":{"desktop":{"background-color":"var(--ast-global-color-5)","background-image":"","background-repeat":"repeat","background-position":"center center","background-size":"auto","background-attachment":"scroll","background-type":"","background-media":"","overlay-type":"","overlay-color":"","overlay-opacity":"","overlay-gradient":""},"tablet":{"background-color":"var(--ast-global-color-5)","background-image":"","background-repeat":"repeat","background-position":"center center","background-size":"auto","background-attachment":"scroll","background-type":"","background-media":"","overlay-type":"","overlay-color":"","overlay-opacity":"","overlay-gradient":""},"mobile":{"background-color":"var(--ast-global-color-5)","background-image":"","background-repeat":"repeat","background-position":"center center","background-size":"auto","background-attachment":"scroll","background-type":"","background-media":"","overlay-type":"","overlay-color":"","overlay-opacity":"","overlay-gradient":""}},"footnotes":""},"categories":[8],"tags":[4199,21025,21024,12217],"class_list":["post-64897","post","type-post","status-publish","format-standard","has-post-thumbnail","hentry","category-noticias","tag-inseguridad","tag-masacre","tag-salvatierra-guanajuato","tag-sicarios"],"_links":{"self":[{"href":"https:\/\/losperiodistas.com.mx\/portal\/wp-json\/wp\/v2\/posts\/64897","targetHints":{"allow":["GET"]}}],"collection":[{"href":"https:\/\/losperiodistas.com.mx\/portal\/wp-json\/wp\/v2\/posts"}],"about":[{"href":"https:\/\/losperiodistas.com.mx\/portal\/wp-json\/wp\/v2\/types\/post"}],"author":[{"embeddable":true,"href":"https:\/\/losperiodistas.com.mx\/portal\/wp-json\/wp\/v2\/users\/1"}],"replies":[{"embeddable":true,"href":"https:\/\/losperiodistas.com.mx\/portal\/wp-json\/wp\/v2\/comments?post=64897"}],"version-history":[{"count":1,"href":"https:\/\/losperiodistas.com.mx\/portal\/wp-json\/wp\/v2\/posts\/64897\/revisions"}],"predecessor-version":[{"id":64899,"href":"https:\/\/losperiodistas.com.mx\/portal\/wp-json\/wp\/v2\/posts\/64897\/revisions\/64899"}],"wp:featuredmedia":[{"embeddable":true,"href":"https:\/\/losperiodistas.com.mx\/portal\/wp-json\/wp\/v2\/media\/64898"}],"wp:attachment":[{"href":"https:\/\/losperiodistas.com.mx\/portal\/wp-json\/wp\/v2\/media?parent=64897"}],"wp:term":[{"taxonomy":"category","embeddable":true,"href":"https:\/\/losperiodistas.com.mx\/portal\/wp-json\/wp\/v2\/categories?post=64897"},{"taxonomy":"post_tag","embeddable":true,"href":"https:\/\/losperiodistas.com.mx\/portal\/wp-json\/wp\/v2\/tags?post=64897"}],"curies":[{"name":"wp","href":"https:\/\/api.w.org\/{rel}","templated":true}]}}