{"id":64887,"date":"2023-12-17T10:07:30","date_gmt":"2023-12-17T16:07:30","guid":{"rendered":"http:\/\/losperiodistas.com.mx\/portal\/?p=64887"},"modified":"2023-12-17T10:07:31","modified_gmt":"2023-12-17T16:07:31","slug":"notre-dame-mas-cerca-de-su-reapertura-ya-ha-alzado-un-nuevo-gallo-sobre-la-iconica-aguja-euronews","status":"publish","type":"post","link":"https:\/\/losperiodistas.com.mx\/portal\/notre-dame-mas-cerca-de-su-reapertura-ya-ha-alzado-un-nuevo-gallo-sobre-la-iconica-aguja-euronews\/","title":{"rendered":"Notre Dame m\u00e1s cerca de su reapertura: ya ha alzado un nuevo gallo sobre la ic\u00f3nica aguja | Euronews"},"content":{"rendered":"\n<p class=\"has-medium-font-size\"><strong>La nueva escultura del gallo que coronar\u00e1 Notre Dame, recubierta en oro, lleva en su interior reliquias que consiguieron salvar del incendio. Tambi\u00e9n lleva un documento en el que figuran las cerca de 2.000 personas que han intervenido en la reconstrucci\u00f3n del templo.<\/strong><\/p>\n\n\n\n<figure class=\"wp-block-embed is-type-video is-provider-youtube wp-block-embed-youtube wp-embed-aspect-16-9 wp-has-aspect-ratio\"><div class=\"wp-block-embed__wrapper\">\n<iframe title=\"Notre Dame m\u00e1s cerca de su reapertura: ya ha alzado un nuevo gallo sobre la ic\u00f3nica aguja\" width=\"500\" height=\"281\" src=\"https:\/\/www.youtube.com\/embed\/VS8cT1cxfQQ?feature=oembed\" frameborder=\"0\" allow=\"accelerometer; autoplay; clipboard-write; encrypted-media; gyroscope; picture-in-picture; web-share\" referrerpolicy=\"strict-origin-when-cross-origin\" allowfullscreen><\/iframe>\n<\/div><\/figure>\n\n\n\n<p><\/p>\n\n\n\n<p><\/p>\n\n\n\n<p class=\"has-vivid-red-color has-text-color has-medium-font-size\"><strong>EFE \/ EURONEWS<\/strong><\/p>\n\n\n\n<p>La&nbsp;<strong>catedral de Notre Dame<\/strong>, que&nbsp;<strong><a href=\"https:\/\/es.euronews.com\/2019\/04\/15\/un-incendio-devora-la-techumbre-de-la-catedral-de-notre-dame-en-paris\">result\u00f3 muy da\u00f1ada por el incendio de abril de 2019<\/a><\/strong>, ha dado otro paso para su reapertura, que tendr\u00e1 lugar el 8 de diciembre de 2024, al alzar este fin de semana un&nbsp;<strong>nuevo gallo sobre la ic\u00f3nica aguja<\/strong>&nbsp;que hab\u00eda quedado reducida a cenizas.&nbsp;El&nbsp;<strong>gallo original<\/strong>, que termin\u00f3 con numerosos&nbsp;<strong>desperfectos<\/strong>&nbsp;por culpa de las llamas, ha sido reemplazado por otro, dise\u00f1ado por el arquitecto Phillipe Villeneuve. La escultura que remata desde la nueva aguja es de&nbsp;<strong>cobre recubierta por una capa de oro.<\/strong><\/p>\n\n\n\n<p>Despu\u00e9s de recibir la&nbsp;<strong>bendici\u00f3n por parte del obispo de Par\u00eds<\/strong>, Laurent Ulrich, el reluciente gallo fue elevado hasta los 96 metros que mide la aguja, levantada hace un par de semanas en sustituci\u00f3n de la obra de Eug\u00e8ne Viollet-le-Duc (s.XIX), que fue completamente devastada por el fuego.&nbsp;<strong>El antiguo gallo ha logrado recuperase en buena parte y ser\u00e1 expuesto en el museo<\/strong>&nbsp;sobre las reliquias de Notre Dame que abrir\u00e1 pr\u00f3ximamente.<\/p>\n\n\n\n<figure class=\"wp-block-image is-style-default\"><img decoding=\"async\" src=\"https:\/\/static.euronews.com\/articles\/stories\/08\/11\/51\/94\/808x539_cmsv2_1382ee6b-7d2f-5575-8771-70d3d8df67b4-8115194.jpg\" alt=\"El antiguo gallo que coronaba la catedral francesa logr\u00f3 salvarse de las llamas.\"\/><figcaption><em>El antiguo gallo que coronaba la catedral francesa logr\u00f3 salvarse de las llamas.<\/em>Thibault Camus\/Copyright 2023 The AP. All rights reserved<\/figcaption><\/figure>\n\n\n\n<p>La\u00a0<strong>nueva escultura del animal contiene en su interior reliquias<\/strong>\u00a0que se lograron salvar de las llamas, como los\u00a0<strong>restos \u00f3seos de Saint-Denis del siglo III<\/strong>, quien fue primer obispo de Par\u00eds, y de\u00a0<strong>Sainte-Genevi\u00e8ve, patrona de la capital<\/strong>, adem\u00e1s de un fragmento de la corona de espinas de Jesucristo.\u00a0Tambi\u00e9n alberga un\u00a0<strong>documento en el que figuran las cerca de 2.000 personas que han intervenido en la reconstrucci\u00f3n<\/strong>\u00a0de uno de los monumentos m\u00e1s visitado en el mundo.<\/p>\n\n\n\n<p class=\"has-cyan-bluish-gray-background-color has-background\"><a href=\"https:\/\/es.euronews.com\/2023\/12\/15\/moscu-ha-sido-arrasada-por-una-fuerte-nevada-que-ha-provocado-el-caos-en-la-ciudad?utm_source=connatix&amp;utm_medium=referral&amp;traffic_source=Connatix\">Mosc\u00fa ha sido arrasada por una fuerte nevada queha provocado el caos en la ciudad<\/a><\/p>\n\n\n\n<p>El\u00a0<strong>gallo<\/strong>\u00a0es un\u00a0<strong>animal de especial significaci\u00f3n en Francia<\/strong>\u00a0por considerarse s\u00edmbolo de orgullo y fuerza por su canto matutino. Sus equipos nacionales de f\u00fatbol o de rugby lo han hecho internacionalmente conocido al portarlo como escudo.<\/p>\n\n\n\n<p>Fuente: <\/p>\n","protected":false},"excerpt":{"rendered":"<p>La nueva escultura del gallo que coronar\u00e1 Notre Dame, recubierta en oro, lleva en su interior reliquias que consiguieron salvar [&hellip;]<\/p>\n","protected":false},"author":1,"featured_media":64888,"comment_status":"open","ping_status":"open","sticky":false,"template":"","format":"standard","meta":{"site-sidebar-layout":"default","site-content-layout":"","ast-site-content-layout":"default","site-content-style":"default","site-sidebar-style":"default","ast-global-header-display":"","ast-banner-title-visibility":"","ast-main-header-display":"","ast-hfb-above-header-display":"","ast-hfb-below-header-display":"","ast-hfb-mobile-header-display":"","site-post-title":"","ast-breadcrumbs-content":"","ast-featured-img":"","footer-sml-layout":"","theme-transparent-header-meta":"","adv-header-id-meta":"","stick-header-meta":"","header-above-stick-meta":"","header-main-stick-meta":"","header-below-stick-meta":"","astra-migrate-meta-layouts":"default","ast-page-background-enabled":"default","ast-page-background-meta":{"desktop":{"background-color":"var(--ast-global-color-4)","background-image":"","background-repeat":"repeat","background-position":"center center","background-size":"auto","background-attachment":"scroll","background-type":"","background-media":"","overlay-type":"","overlay-color":"","overlay-opacity":"","overlay-gradient":""},"tablet":{"background-color":"","background-image":"","background-repeat":"repeat","background-position":"center center","background-size":"auto","background-attachment":"scroll","background-type":"","background-media":"","overlay-type":"","overlay-color":"","overlay-opacity":"","overlay-gradient":""},"mobile":{"background-color":"","background-image":"","background-repeat":"repeat","background-position":"center center","background-size":"auto","background-attachment":"scroll","background-type":"","background-media":"","overlay-type":"","overlay-color":"","overlay-opacity":"","overlay-gradient":""}},"ast-content-background-meta":{"desktop":{"background-color":"var(--ast-global-color-5)","background-image":"","background-repeat":"repeat","background-position":"center center","background-size":"auto","background-attachment":"scroll","background-type":"","background-media":"","overlay-type":"","overlay-color":"","overlay-opacity":"","overlay-gradient":""},"tablet":{"background-color":"var(--ast-global-color-5)","background-image":"","background-repeat":"repeat","background-position":"center center","background-size":"auto","background-attachment":"scroll","background-type":"","background-media":"","overlay-type":"","overlay-color":"","overlay-opacity":"","overlay-gradient":""},"mobile":{"background-color":"var(--ast-global-color-5)","background-image":"","background-repeat":"repeat","background-position":"center center","background-size":"auto","background-attachment":"scroll","background-type":"","background-media":"","overlay-type":"","overlay-color":"","overlay-opacity":"","overlay-gradient":""}},"footnotes":""},"categories":[8],"tags":[21018,21017],"class_list":["post-64887","post","type-post","status-publish","format-standard","has-post-thumbnail","hentry","category-noticias","tag-el-gallo-de-notre-dame","tag-notre-dame"],"_links":{"self":[{"href":"https:\/\/losperiodistas.com.mx\/portal\/wp-json\/wp\/v2\/posts\/64887","targetHints":{"allow":["GET"]}}],"collection":[{"href":"https:\/\/losperiodistas.com.mx\/portal\/wp-json\/wp\/v2\/posts"}],"about":[{"href":"https:\/\/losperiodistas.com.mx\/portal\/wp-json\/wp\/v2\/types\/post"}],"author":[{"embeddable":true,"href":"https:\/\/losperiodistas.com.mx\/portal\/wp-json\/wp\/v2\/users\/1"}],"replies":[{"embeddable":true,"href":"https:\/\/losperiodistas.com.mx\/portal\/wp-json\/wp\/v2\/comments?post=64887"}],"version-history":[{"count":1,"href":"https:\/\/losperiodistas.com.mx\/portal\/wp-json\/wp\/v2\/posts\/64887\/revisions"}],"predecessor-version":[{"id":64890,"href":"https:\/\/losperiodistas.com.mx\/portal\/wp-json\/wp\/v2\/posts\/64887\/revisions\/64890"}],"wp:featuredmedia":[{"embeddable":true,"href":"https:\/\/losperiodistas.com.mx\/portal\/wp-json\/wp\/v2\/media\/64888"}],"wp:attachment":[{"href":"https:\/\/losperiodistas.com.mx\/portal\/wp-json\/wp\/v2\/media?parent=64887"}],"wp:term":[{"taxonomy":"category","embeddable":true,"href":"https:\/\/losperiodistas.com.mx\/portal\/wp-json\/wp\/v2\/categories?post=64887"},{"taxonomy":"post_tag","embeddable":true,"href":"https:\/\/losperiodistas.com.mx\/portal\/wp-json\/wp\/v2\/tags?post=64887"}],"curies":[{"name":"wp","href":"https:\/\/api.w.org\/{rel}","templated":true}]}}