{"id":64872,"date":"2023-12-17T07:19:08","date_gmt":"2023-12-17T13:19:08","guid":{"rendered":"http:\/\/losperiodistas.com.mx\/portal\/?p=64872"},"modified":"2023-12-17T07:19:10","modified_gmt":"2023-12-17T13:19:10","slug":"el-papa-civiles-desarmados-asesinados-en-gaza-es-la-guerra-es-terrorismo-vatican-news","status":"publish","type":"post","link":"https:\/\/losperiodistas.com.mx\/portal\/el-papa-civiles-desarmados-asesinados-en-gaza-es-la-guerra-es-terrorismo-vatican-news\/","title":{"rendered":"El Papa: civiles desarmados asesinados en Gaza, \u00abes la guerra, es terrorismo\u00bb | Vatican News"},"content":{"rendered":"\n<p class=\"has-luminous-vivid-amber-background-color has-background has-medium-font-size\">Tras el tiroteo del ej\u00e9rcito israel\u00ed frente a la parroquia de la Sagrada Familia en la ciudad de Gaza, Francisco volvi\u00f3 a rezar por la paz en esta tierra atormentada y pronunci\u00f3 los nombres de las v\u00edctimas atrapadas en el ataque mortal que tuvo lugar \u00abdonde no hay terroristas, sino familias, ni\u00f1os, enfermos y discapacitados, monjas. Una madre y su hija fueron asesinadas\u00bb.<\/p>\n\n\n\n<p><\/p>\n\n\n\n<figure class=\"wp-block-image size-large is-style-default\"><img fetchpriority=\"high\" decoding=\"async\" width=\"1024\" height=\"574\" src=\"https:\/\/losperiodistas.com.mx\/portal\/wp-content\/uploads\/2023\/12\/Captura-de-Pantalla-2023-12-17-a-las-7.15.06-1024x574.jpg\" alt=\"\" class=\"wp-image-64873\" srcset=\"https:\/\/losperiodistas.com.mx\/portal\/wp-content\/uploads\/2023\/12\/Captura-de-Pantalla-2023-12-17-a-las-7.15.06-1024x574.jpg 1024w, https:\/\/losperiodistas.com.mx\/portal\/wp-content\/uploads\/2023\/12\/Captura-de-Pantalla-2023-12-17-a-las-7.15.06-300x168.jpg 300w, https:\/\/losperiodistas.com.mx\/portal\/wp-content\/uploads\/2023\/12\/Captura-de-Pantalla-2023-12-17-a-las-7.15.06-768x431.jpg 768w, https:\/\/losperiodistas.com.mx\/portal\/wp-content\/uploads\/2023\/12\/Captura-de-Pantalla-2023-12-17-a-las-7.15.06.jpg 1498w\" sizes=\"(max-width: 1024px) 100vw, 1024px\" \/><\/figure>\n\n\n\n<p><\/p>\n\n\n\n<p><\/p>\n\n\n\n<p class=\"has-vivid-red-color has-text-color has-medium-font-size\"><strong>ANTONELLA PALERMO \/ VATICAN NEWS<\/strong><\/p>\n\n\n\n<blockquote class=\"wp-block-quote is-layout-flow wp-block-quote-is-layout-flow\"><p>\u201cAlguien dice: &#8216;Es terrorismo, es guerra&#8217;. S\u00ed, es guerra, es terrorismo. Por eso la Escritura dice que \u00abDios pone fin a las guerras&#8230; Rompe los arcos y quiebra las lanzas\u00bb (cf. Sal 46,9). Roguemos al Se\u00f1or por la paz.\u201d<\/p><\/blockquote>\n\n\n\n<p>Tras el rezo del \u00c1ngelus en la Plaza de San Pedro, el Papa Francisco volvi\u00f3 a hacer un llamamiento por lo que est\u00e1 ocurriendo en Tierra Santa, tras el ataque israel\u00ed a la parroquia latina de la Sagrada Familia en la ciudad de Gaza que se cobr\u00f3 la vida de dos mujeres, madre e hija: Naheda y Samar.<\/p>\n\n\n\n<h2 class=\"wp-block-heading\">Dolor por la muerte de civiles<\/h2>\n\n\n\n<p>El Pont\u00edfice sigue con aprensi\u00f3n el tr\u00e1gico desarrollo del conflicto en Oriente Medio: \u00abSigo recibiendo noticias muy graves y dolorosas de Gaza -dice-.<\/p>\n\n\n\n<p><em>\u00abCiviles indefensos est\u00e1n siendo bombardeados y tiroteados. Y esto ha ocurrido incluso dentro del recinto parroquial de la Sagrada Familia, donde no hay terroristas, sino familias, ni\u00f1os, enfermos y discapacitados, monjas. Una madre y su hija, la Sra. Nahida Khalil Anton y su hija Samar Kamal Anton, fueron asesinadas y otras personas heridas por francotiradores cuando iban al ba\u00f1o&#8230; La casa de las Hermanas de la Madre Teresa result\u00f3 da\u00f1ada, su generador fue destruido. Alguien dice: &#8216;Es terrorismo, es guerra&#8217;. S\u00ed, es guerra, es terrorismo. Por eso dice la Escritura que \u00abDios pone fin a las guerras&#8230; rompe los arcos y quiebra las lanzas\u00bb (cf. Sal 46,9). Roguemos al Se\u00f1or por la paz\u00bb.<\/em>LEA TAMBI\u00c9N<a href=\"https:\/\/www.vaticannews.va\/es\/iglesia\/news\/2023-12\/gaza-romanelli-conocia-a-las-victimas-del-ataque-a-la-parroquia.html\"><\/a>17\/12\/2023<\/p>\n\n\n\n<h2 class=\"wp-block-heading\"><a href=\"https:\/\/www.vaticannews.va\/es\/iglesia\/news\/2023-12\/gaza-romanelli-conocia-a-las-victimas-del-ataque-a-la-parroquia.html\">Gaza, Romanelli: Conoc\u00eda a las v\u00edctimas del ataque a la parroquia, muy comprometidas con la Iglesia<\/a><\/h2>\n\n\n\n<h2 class=\"wp-block-heading\">OMS: El hospital Al-Shifa es un ba\u00f1o de sangre<\/h2>\n\n\n\n<h2 class=\"wp-block-heading\">&nbsp;<\/h2>\n\n\n\n<p>La Organizaci\u00f3n Mundial de la Salud (OMS) declar\u00f3 haber participado en una misi\u00f3n conjunta de la ONU para llevar suministros m\u00e9dicos y evaluar la situaci\u00f3n del hospital Al-Shifa de Gaza. El equipo entreg\u00f3 medicamentos y suministros quir\u00fargicos, equipos de cirug\u00eda ortop\u00e9dica, materiales y f\u00e1rmacos anest\u00e9sicos al hospital, que \u00abactualmente funciona m\u00ednimamente\u00bb, declar\u00f3 la OMS, citada por el diario Haaretz. La sala de urgencias del hospital al-Shifa, el mayor del norte de Gaza, es \u00abun ba\u00f1o de sangre\u00bb y el centro \u00abnecesita reanimaci\u00f3n\u00bb, advirti\u00f3 la Organizaci\u00f3n Mundial de la Salud. La OMS, citada por The Guardian, afirm\u00f3 que \u00abdecenas de miles de personas desplazadas est\u00e1n utilizando el edificio y los terrenos del hospital como refugio\u00bb y que hay una \u00abgrave escasez\u00bb de agua potable y alimentos. Los quir\u00f3fanos no funcionan debido a la falta de combustible, ox\u00edgeno y otros suministros, dijo la organizaci\u00f3n, que habl\u00f3 de \u00abcientos de heridos\u00bb.LEA TAMBI\u00c9N<a href=\"https:\/\/www.vaticannews.va\/es\/mundo\/news\/2023-12\/gaza-israelies-atacan-parroquia-sagrada-familia.html\"><\/a>16\/12\/2023<\/p>\n\n\n\n<h2 class=\"wp-block-heading\"><a href=\"https:\/\/www.vaticannews.va\/es\/mundo\/news\/2023-12\/gaza-israelies-atacan-parroquia-sagrada-familia.html\">Gaza: Israel\u00edes atacan la parroquia de la Sagrada Familia<\/a><\/h2>\n\n\n\n<h2 class=\"wp-block-heading\">Contin\u00faa el apag\u00f3n en Gaza<\/h2>\n\n\n\n<p>El apag\u00f3n de las comunicaciones telef\u00f3nicas y los servicios de Internet en Gaza contin\u00faa en lo que es, hasta ahora, el periodo m\u00e1s largo desde el comienzo de la guerra. Las dos principales compa\u00f1\u00edas de la Franja, Paltel y Jawall, anunciaron el fin de los servicios \u00abdebido a la agresi\u00f3n israel\u00ed\u00bb sobre el enclave palestino el pasado jueves por la tarde y el apag\u00f3n se mantiene desde entonces. Fuentes estadounidenses -citadas por medios de comunicaci\u00f3n norteamericanos y recogidas por ANSA- subrayaron la \u00abextrema necesidad\u00bb de que se restablezca el servicio, tambi\u00e9n a la luz del intento de Israel, a\u00f1adieron, de reducir el n\u00famero de v\u00edctimas civiles.<\/p>\n\n\n\n<p>Fuente: <a href=\"https:\/\/www.vaticannews.va\/es\/papa\/news\/2023-12\/el-papa-civiles-desarmados-asesinados-gaza-es-guerra-terrorismo.html\">https:\/\/www.vaticannews.va\/es\/papa\/news\/2023-12\/el-papa-civiles-desarmados-asesinados-gaza-es-guerra-terrorismo.html<\/a><\/p>\n","protected":false},"excerpt":{"rendered":"<p>Tras el tiroteo del ej\u00e9rcito israel\u00ed frente a la parroquia de la Sagrada Familia en la ciudad de Gaza, Francisco [&hellip;]<\/p>\n","protected":false},"author":1,"featured_media":64873,"comment_status":"open","ping_status":"open","sticky":false,"template":"","format":"standard","meta":{"site-sidebar-layout":"default","site-content-layout":"","ast-site-content-layout":"default","site-content-style":"default","site-sidebar-style":"default","ast-global-header-display":"","ast-banner-title-visibility":"","ast-main-header-display":"","ast-hfb-above-header-display":"","ast-hfb-below-header-display":"","ast-hfb-mobile-header-display":"","site-post-title":"","ast-breadcrumbs-content":"","ast-featured-img":"","footer-sml-layout":"","theme-transparent-header-meta":"","adv-header-id-meta":"","stick-header-meta":"","header-above-stick-meta":"","header-main-stick-meta":"","header-below-stick-meta":"","astra-migrate-meta-layouts":"default","ast-page-background-enabled":"default","ast-page-background-meta":{"desktop":{"background-color":"var(--ast-global-color-4)","background-image":"","background-repeat":"repeat","background-position":"center center","background-size":"auto","background-attachment":"scroll","background-type":"","background-media":"","overlay-type":"","overlay-color":"","overlay-opacity":"","overlay-gradient":""},"tablet":{"background-color":"","background-image":"","background-repeat":"repeat","background-position":"center center","background-size":"auto","background-attachment":"scroll","background-type":"","background-media":"","overlay-type":"","overlay-color":"","overlay-opacity":"","overlay-gradient":""},"mobile":{"background-color":"","background-image":"","background-repeat":"repeat","background-position":"center center","background-size":"auto","background-attachment":"scroll","background-type":"","background-media":"","overlay-type":"","overlay-color":"","overlay-opacity":"","overlay-gradient":""}},"ast-content-background-meta":{"desktop":{"background-color":"var(--ast-global-color-5)","background-image":"","background-repeat":"repeat","background-position":"center center","background-size":"auto","background-attachment":"scroll","background-type":"","background-media":"","overlay-type":"","overlay-color":"","overlay-opacity":"","overlay-gradient":""},"tablet":{"background-color":"var(--ast-global-color-5)","background-image":"","background-repeat":"repeat","background-position":"center center","background-size":"auto","background-attachment":"scroll","background-type":"","background-media":"","overlay-type":"","overlay-color":"","overlay-opacity":"","overlay-gradient":""},"mobile":{"background-color":"var(--ast-global-color-5)","background-image":"","background-repeat":"repeat","background-position":"center center","background-size":"auto","background-attachment":"scroll","background-type":"","background-media":"","overlay-type":"","overlay-color":"","overlay-opacity":"","overlay-gradient":""}},"footnotes":""},"categories":[8],"tags":[],"class_list":["post-64872","post","type-post","status-publish","format-standard","has-post-thumbnail","hentry","category-noticias"],"_links":{"self":[{"href":"https:\/\/losperiodistas.com.mx\/portal\/wp-json\/wp\/v2\/posts\/64872","targetHints":{"allow":["GET"]}}],"collection":[{"href":"https:\/\/losperiodistas.com.mx\/portal\/wp-json\/wp\/v2\/posts"}],"about":[{"href":"https:\/\/losperiodistas.com.mx\/portal\/wp-json\/wp\/v2\/types\/post"}],"author":[{"embeddable":true,"href":"https:\/\/losperiodistas.com.mx\/portal\/wp-json\/wp\/v2\/users\/1"}],"replies":[{"embeddable":true,"href":"https:\/\/losperiodistas.com.mx\/portal\/wp-json\/wp\/v2\/comments?post=64872"}],"version-history":[{"count":1,"href":"https:\/\/losperiodistas.com.mx\/portal\/wp-json\/wp\/v2\/posts\/64872\/revisions"}],"predecessor-version":[{"id":64874,"href":"https:\/\/losperiodistas.com.mx\/portal\/wp-json\/wp\/v2\/posts\/64872\/revisions\/64874"}],"wp:featuredmedia":[{"embeddable":true,"href":"https:\/\/losperiodistas.com.mx\/portal\/wp-json\/wp\/v2\/media\/64873"}],"wp:attachment":[{"href":"https:\/\/losperiodistas.com.mx\/portal\/wp-json\/wp\/v2\/media?parent=64872"}],"wp:term":[{"taxonomy":"category","embeddable":true,"href":"https:\/\/losperiodistas.com.mx\/portal\/wp-json\/wp\/v2\/categories?post=64872"},{"taxonomy":"post_tag","embeddable":true,"href":"https:\/\/losperiodistas.com.mx\/portal\/wp-json\/wp\/v2\/tags?post=64872"}],"curies":[{"name":"wp","href":"https:\/\/api.w.org\/{rel}","templated":true}]}}